{"id":31437,"date":"2022-05-20T21:03:58","date_gmt":"2022-05-20T21:03:58","guid":{"rendered":"http:\/\/historiografija.hr\/?p=31437"},"modified":"2022-05-20T21:03:58","modified_gmt":"2022-05-20T21:03:58","slug":"europeanisation-processes-in-southeastern-europe-making-muslim-women-european-voluntary-associations-gender-and-islam-in-post-ottoman-bosnia-and-yugoslavia-1878-1941","status":"publish","type":"post","link":"https:\/\/historiografija.hr\/?p=31437","title":{"rendered":"Europeanisation Processes in Southeastern Europe: Making Muslim Women European: Voluntary Associations, Gender, and Islam in Post-Ottoman Bosnia and Yugoslavia (1878-1941)"},"content":{"rendered":"\n<p>Fabio Giomi: Making Muslim Women European: Voluntary Associations, Gender, and Islam in Post-Ottoman Bosnia and Yugoslavia (1878-1941)<\/p>\n\n\n\n<hr class=\"wp-block-separator\"\/>\n\n\n\n<p>This lecture examines the transformation of gender relations among the Muslims of Bosnia-Herzegovina between 1878 and 1941. Following the Congress of Berlin, Bosnia was first occupied and then annexed by the Habsburg empire, before ultimately being integrated into the first Yugoslav state in 1918. During this period, the post-Ottoman fate of Bosnian Muslims became a subject of major interest for both academics and politicians in Western Europe. Some emphasized the religious otherness of Bosnian Muslims, considering them to be intrinsically \u201cAsian\u201d and \u201cnon-European\u201d and therefore incompatible with the post-Ottoman development of Balkan society. Others focused on the common Slavic language Bosnian Muslims shared with non-Muslims, viewing them consequently as legitimate members of the Yugoslav&#8211;and by extension European&#8211;community of nations. This ambiguous location was internalized by the Muslim elite and became the basis for the elaboration of two different strategies of adaptation to the post-Ottoman circumstances of the Bosnian Muslims: the strengthening of the religious community on the one hand and integration into the Yugoslav national community on the other. The paper will show how both in discourse and practice gender played a key role in these conflicting ways of locating Bosnian Muslims in the post-Ottoman landscape.<\/p>\n\n\n\n<hr class=\"wp-block-separator\"\/>\n\n\n\n<p>23.05.2022 10:00 &#8211; 11:30<\/p>\n\n\n\n<p>VeranstalterIn<\/p>\n\n\n\n<p>Zentrum f\u00fcr S\u00fcdosteuropastudien &amp; S\u00fcdosteuropa-Gesellschaft<\/p>\n\n\n\n<hr class=\"wp-block-separator\"\/>\n\n\n\n<p>Online:<\/p>\n\n\n\n<p>Join Zoom Meeting<\/p>\n\n\n\n<p><a href=\"https:\/\/us02web.zoom.us\/j\/87529946966?pwd=R2tDSTkvTTRvZjJ3andpaktrMDlFZz09\">https:\/\/us02web.zoom.us\/j\/87529946966?pwd=R2tDSTkvTTRvZjJ3andpaktrMDlFZz09<\/a><\/p>\n\n\n\n<p>Meeting ID: 875 2994 6966<\/p>\n\n\n\n<p>Passcode: h9AFRW<\/p>\n\n\n\n<hr class=\"wp-block-separator\"\/>\n\n\n\n<p><a href=\"https:\/\/suedosteuropa.uni-graz.at\/de\/veranstaltungen\/detail\/article\/europeanisation-processes-in-southeastern-europe-making-muslim-women-european-voluntary-associations-gender-and-islam-in-post-ottoman-bosnia-and-yugoslavia-1878-1941\/\">https:\/\/suedosteuropa.uni-graz.at\/de\/veranstaltungen\/detail\/article\/europeanisation-processes-in-southeastern-europe-making-muslim-women-european-voluntary-associations-gender-and-islam-in-post-ottoman-bosnia-and-yugoslavia-1878-1941\/<\/a><\/p>\n\n\n\n<hr class=\"wp-block-separator\"\/>\n","protected":false},"excerpt":{"rendered":"","protected":false},"author":2,"featured_media":25665,"comment_status":"open","ping_status":"open","sticky":false,"template":"","format":"standard","meta":{"_acf_changed":false,"_jetpack_newsletter_access":"","_jetpack_dont_email_post_to_subs":false,"_jetpack_newsletter_tier_id":0,"_jetpack_memberships_contains_paywalled_content":false,"_jetpack_memberships_contains_paid_content":false,"footnotes":"","jetpack_publicize_message":"","jetpack_publicize_feature_enabled":true,"jetpack_social_post_already_shared":true,"jetpack_social_options":{"image_generator_settings":{"template":"highway","default_image_id":0,"font":"","enabled":false},"version":2},"jetpack_post_was_ever_published":false},"categories":[3],"tags":[],"class_list":["post-31437","post","type-post","status-publish","format-standard","has-post-thumbnail","hentry","category-novosti"],"acf":{"facebook_opis":""},"jetpack_publicize_connections":[],"jetpack_featured_media_url":"https:\/\/i0.wp.com\/historiografija.hr\/wp-content\/uploads\/2021\/04\/Giomi.jpg?fit=960%2C1433&ssl=1","jetpack_sharing_enabled":true,"jetpack-related-posts":[{"id":54292,"url":"https:\/\/historiografija.hr\/?p=54292","url_meta":{"origin":31437,"position":0},"title":"Eliot Short, &#8220;Building a Multiethnic Military in Post-Yugoslav Bosnia and Herzegovina&#8221;","author":"Branimir Jankovi\u0107","date":"24. lipnja 2026.","format":false,"excerpt":"U velja\u010di 2022. godine izdana je knjiga Building a Multiethnic Military in Post-Yugoslav Bosnia and Herzegovina autora Eliota Shorta u kojoj istra\u017euje razvoj multietni\u010dkih Oru\u017eanih snaga Bosne i Hercegovine nakon zavr\u0161etka rata te njihovu ulogu u osiguravanju stabilnosti dr\u017eave.\u00a0 O knjizi: On 1 January 2006, soldiers from across Bosnia and\u2026","rel":"","context":"U &quot;Knjige&quot;","block_context":{"text":"Knjige","link":"https:\/\/historiografija.hr\/?cat=8"},"img":{"alt_text":"","src":"https:\/\/i0.wp.com\/historiografija.hr\/wp-content\/uploads\/2026\/06\/Building-a-Multiethnic-Military.jpg?fit=800%2C1200&ssl=1&resize=350%2C200","width":350,"height":200,"srcset":"https:\/\/i0.wp.com\/historiografija.hr\/wp-content\/uploads\/2026\/06\/Building-a-Multiethnic-Military.jpg?fit=800%2C1200&ssl=1&resize=350%2C200 1x, https:\/\/i0.wp.com\/historiografija.hr\/wp-content\/uploads\/2026\/06\/Building-a-Multiethnic-Military.jpg?fit=800%2C1200&ssl=1&resize=525%2C300 1.5x, https:\/\/i0.wp.com\/historiografija.hr\/wp-content\/uploads\/2026\/06\/Building-a-Multiethnic-Military.jpg?fit=800%2C1200&ssl=1&resize=700%2C400 2x"},"classes":[]},{"id":54140,"url":"https:\/\/historiografija.hr\/?p=54140","url_meta":{"origin":31437,"position":1},"title":"Objavljen zbornik \u201cInterregional Mobilities in (Post)Ottoman Contexts: The Cases of Slavonia and Bosnia\u201d","author":"Branimir Jankovi\u0107","date":"17. lipnja 2026.","format":false,"excerpt":"Me\u0111unarodni nakladnik Brill Deutschland | V&Runipress upravo je objavio zbornik na engleskom jeziku pod naslovom\u201cInterregional Mobilities in (Post)Ottoman Contexts: The Cases of Slavonia and Bosnia\u201d, \u010diji su urednici Dino Mujad\u017eevi\u0107, Markus Koller i Stefan Rohdewald. Ovaj zbornik na 476 stranica nastao je u okviru kolaborativnog projekta koji je financirala Zaklada\u2026","rel":"","context":"U &quot;Knjige&quot;","block_context":{"text":"Knjige","link":"https:\/\/historiografija.hr\/?cat=8"},"img":{"alt_text":"","src":"https:\/\/i0.wp.com\/historiografija.hr\/wp-content\/uploads\/2019\/10\/Hrvatska-povijest-iz-godine-u-godinu.jpg?resize=350%2C200&ssl=1","width":350,"height":200},"classes":[]},{"id":52580,"url":"https:\/\/historiografija.hr\/?p=52580","url_meta":{"origin":31437,"position":2},"title":"Conference &#8220;Living in the aftermaths: Trauma, politics and survival in Yugoslavia and successor states, 1945 \u2013 present&#8221;","author":"Branimir Jankovi\u0107","date":"21. travnja 2026.","format":false,"excerpt":"The conference aims to explore how war-related psychological distress was experienced, narrated, debated and reframed in Yugoslavia in the second half of the twentieth century. It asks how the theme of wounded psyche and wartime suffering was addressed and acknowledged in political, psychiatric and broader cultural discourses of socialist Yugoslavia,\u2026","rel":"","context":"U &quot;Novosti&quot;","block_context":{"text":"Novosti","link":"https:\/\/historiografija.hr\/?cat=3"},"img":{"alt_text":"","src":"https:\/\/i0.wp.com\/historiografija.hr\/wp-content\/uploads\/2026\/04\/Battle_of_Neretva_Picasso_poster-Conference-Living-in-the-aftermaths.webp?fit=564%2C954&ssl=1&resize=350%2C200","width":350,"height":200,"srcset":"https:\/\/i0.wp.com\/historiografija.hr\/wp-content\/uploads\/2026\/04\/Battle_of_Neretva_Picasso_poster-Conference-Living-in-the-aftermaths.webp?fit=564%2C954&ssl=1&resize=350%2C200 1x, https:\/\/i0.wp.com\/historiografija.hr\/wp-content\/uploads\/2026\/04\/Battle_of_Neretva_Picasso_poster-Conference-Living-in-the-aftermaths.webp?fit=564%2C954&ssl=1&resize=525%2C300 1.5x"},"classes":[]},{"id":54476,"url":"https:\/\/historiografija.hr\/?p=54476","url_meta":{"origin":31437,"position":3},"title":"Predavanje Senne \u0160imek &#8220;Croatian Government Responses to ICTY Judgments on Bosnia and Herzegovina: Continuity or Change?&#8221; u Berlinu","author":"Branimir Jankovi\u0107","date":"6. srpnja 2026.","format":false,"excerpt":"U sklopu kolokvija \"Themen, Theorien und Forschungsans\u00e4tze in der Geschichte Mittel-\/S\u00fcdosteuropas\" (TTF) koji se odr\u017eava na\u00a0Katedri za povijest jugoisto\u010dne Europe (Chair for Southeast European History) u okviru Odsjeka za povijest Humboldtovog sveu\u010dili\u0161ta u Berlinu, u srijedu, 8. srpnja 2026. u 12:15, doktorandica na doktorskom studiju Moderna i suvremena hrvatska povijest\u2026","rel":"","context":"U &quot;Novosti&quot;","block_context":{"text":"Novosti","link":"https:\/\/historiografija.hr\/?cat=3"},"img":{"alt_text":"","src":"https:\/\/i0.wp.com\/historiografija.hr\/wp-content\/uploads\/2017\/07\/Huberlin-logo_svg.png?fit=1024%2C1024&ssl=1&resize=350%2C200","width":350,"height":200,"srcset":"https:\/\/i0.wp.com\/historiografija.hr\/wp-content\/uploads\/2017\/07\/Huberlin-logo_svg.png?fit=1024%2C1024&ssl=1&resize=350%2C200 1x, https:\/\/i0.wp.com\/historiografija.hr\/wp-content\/uploads\/2017\/07\/Huberlin-logo_svg.png?fit=1024%2C1024&ssl=1&resize=525%2C300 1.5x, https:\/\/i0.wp.com\/historiografija.hr\/wp-content\/uploads\/2017\/07\/Huberlin-logo_svg.png?fit=1024%2C1024&ssl=1&resize=700%2C400 2x"},"classes":[]},{"id":54962,"url":"https:\/\/historiografija.hr\/?p=54962","url_meta":{"origin":31437,"position":4},"title":"Branka Bogdan, &#8220;The New Yugoslav Woman: Reproductive Regulation in Socialist Yugoslavia&#8221;","author":"Branimir Jankovi\u0107","date":"13. kolovoza 2026.","format":false,"excerpt":"From 1945 to 1989, the Yugoslav state connected its claims of progressive politics and gender equality to its support of free healthcare, sex education and contraception, and laws that supported reproductive choice. Yugoslav men and women internalized these messages, proclaiming their homeland's superior care for its citizens in comparison to\u2026","rel":"","context":"U &quot;Knjige&quot;","block_context":{"text":"Knjige","link":"https:\/\/historiografija.hr\/?cat=8"},"img":{"alt_text":"","src":"https:\/\/i0.wp.com\/historiografija.hr\/wp-content\/uploads\/2026\/08\/Bogdan.jpg?fit=596%2C477&ssl=1&resize=350%2C200","width":350,"height":200,"srcset":"https:\/\/i0.wp.com\/historiografija.hr\/wp-content\/uploads\/2026\/08\/Bogdan.jpg?fit=596%2C477&ssl=1&resize=350%2C200 1x, https:\/\/i0.wp.com\/historiografija.hr\/wp-content\/uploads\/2026\/08\/Bogdan.jpg?fit=596%2C477&ssl=1&resize=525%2C300 1.5x"},"classes":[]},{"id":54169,"url":"https:\/\/historiografija.hr\/?p=54169","url_meta":{"origin":31437,"position":5},"title":"Women, Nationalism, and Social Networks in the Habsburg Monarchy, 1848\u20131918","author":"Branimir Jankovi\u0107","date":"18. lipnja 2026.","format":false,"excerpt":"Edited by Marta Verginella Purdue University Press Series: Central European Studies 258 Pages Published 2023 Women, Nationalism, and Social Networks in the Habsburg Monarchy, 1848\u20131918 focuses on the lives of women in Southeastern Europe during the nineteenth and twentieth centuries, exploring the intersection of gender and nationalism. By looking at\u2026","rel":"","context":"U &quot;Knjige&quot;","block_context":{"text":"Knjige","link":"https:\/\/historiografija.hr\/?cat=8"},"img":{"alt_text":"","src":"https:\/\/historiografija.hr\/wp-content\/uploads\/2026\/06\/Verginella.avif","width":350,"height":200,"srcset":"https:\/\/historiografija.hr\/wp-content\/uploads\/2026\/06\/Verginella.avif 1x, https:\/\/historiografija.hr\/wp-content\/uploads\/2026\/06\/Verginella.avif 1.5x"},"classes":[]}],"_links":{"self":[{"href":"https:\/\/historiografija.hr\/index.php?rest_route=\/wp\/v2\/posts\/31437","targetHints":{"allow":["GET"]}}],"collection":[{"href":"https:\/\/historiografija.hr\/index.php?rest_route=\/wp\/v2\/posts"}],"about":[{"href":"https:\/\/historiografija.hr\/index.php?rest_route=\/wp\/v2\/types\/post"}],"author":[{"embeddable":true,"href":"https:\/\/historiografija.hr\/index.php?rest_route=\/wp\/v2\/users\/2"}],"replies":[{"embeddable":true,"href":"https:\/\/historiografija.hr\/index.php?rest_route=%2Fwp%2Fv2%2Fcomments&post=31437"}],"version-history":[{"count":1,"href":"https:\/\/historiografija.hr\/index.php?rest_route=\/wp\/v2\/posts\/31437\/revisions"}],"predecessor-version":[{"id":31438,"href":"https:\/\/historiografija.hr\/index.php?rest_route=\/wp\/v2\/posts\/31437\/revisions\/31438"}],"wp:featuredmedia":[{"embeddable":true,"href":"https:\/\/historiografija.hr\/index.php?rest_route=\/wp\/v2\/media\/25665"}],"wp:attachment":[{"href":"https:\/\/historiografija.hr\/index.php?rest_route=%2Fwp%2Fv2%2Fmedia&parent=31437"}],"wp:term":[{"taxonomy":"category","embeddable":true,"href":"https:\/\/historiografija.hr\/index.php?rest_route=%2Fwp%2Fv2%2Fcategories&post=31437"},{"taxonomy":"post_tag","embeddable":true,"href":"https:\/\/historiografija.hr\/index.php?rest_route=%2Fwp%2Fv2%2Ftags&post=31437"}],"curies":[{"name":"wp","href":"https:\/\/api.w.org\/{rel}","templated":true}]}}