{"id":31425,"date":"2022-05-19T22:12:57","date_gmt":"2022-05-19T22:12:57","guid":{"rendered":"http:\/\/historiografija.hr\/?p=31425"},"modified":"2022-05-19T22:14:27","modified_gmt":"2022-05-19T22:14:27","slug":"znanstveni-simpozij-fenomeni-meje-fenomeni-granice-bela-krajina-in-zumberak","status":"publish","type":"post","link":"https:\/\/historiografija.hr\/?p=31425","title":{"rendered":"Znanstveni simpozij FENOMENI MEJE \/ FENOMENI GRANICE \u2013 BELA KRAJINA i(n) \u017dUMBERAK"},"content":{"rendered":"\n<p>U petak 20. svibnja 2022. godine u multimedijalnoj dvorani <a rel=\"noreferrer noopener\" href=\"http:\/\/www.gkka.hr\/sredisnja-knjiznica-slovenaca\/\" target=\"_blank\">Sredi\u0161nje knji\u017enice Slovenaca u RH u Karlovcu<\/a> odr\u017eat \u0107e se 2. po redu znanstveni simpozij s me\u0111unarodnim sudjelovanjem pod nazivom FENOMENI MEJE\/ FENOMENI GRANICE\u2013 BELA KRAJINA i(n)\u017dUMBERAK 2022. Simpozij se odr\u017eava pod pokroviteljstvom Veleposlanstva Republike Slovenije u Republici Hrvatskoj.<\/p>\n\n\n\n<p><strong>PROGRAM:<\/strong><br>8,00 \u2013 8, 30: Dolazak i registracija sudionika<br>8,30 \u2013 9,00; Pozdravni govori<br><br>9,00 \u2013 9,30:<br><strong>Granice etike i granice prostora<\/strong><br>(izv.prof.dr.sc. Marko Vu\u010deti\u0107, Odjel za filozofiju Sveu\u010dili\u0161ta u Zadru)<br><br>9,45 \u2013 11,00:<br>1. panel: <strong>Pograni\u010dje \u017dumberka i Bele krajine<\/strong><br><br>1. <strong>Arheolo\u0161ko bogatstvo Bele krajine \u2013 celovita prenova stalne razstave<\/strong><br>(dr. Lucija Grahek, Belokranjski muzej Metlika, ZRC SAZU, In\u0161titut za arheologijo)<br>2. <strong>Projekt TRANS RIVERS \u2013 na razme\u0111i rijeka Sutle i Save<\/strong><br>(doc dr.sc Janja Mavrovi\u0107 Mokos, Franka Ov\u010dari\u0107, mag.arheo., Odsjek za arheologiju, FF Zagreb)<br>3. <strong>Arheolo\u0161ki tragovi naseljavanja uskoka na podru\u010dju \u017eumbera\u010dkog vlastelinstva<\/strong><br>(dr.sc. Ana Azinovi\u0107 Bebek, Petar Sekuli\u0107, dipl. pov., dipl.arheol., Hrvatski restauratorski zavod)<br>4. <strong>Pegavi tifus na obmo\u010dju Bele krajine med drugo svetovno vojno<\/strong><br>(Bla\u017e \u0160tangelj, mag.zgod., In\u0161titut za novej\u0161o zgodovino \/ Oddelek za zgodovino, FF Ljubljana)<br><br>11,15 \u2013 12,45:<br>2. panel: <strong>Vojne granice i pograni\u010dja prema osmanskom svijetu<\/strong><br><br>5. <strong>Vizualizacija i digitalizacija habsbur\u0161ko \u2013 osmanskog svijeta pograni\u010dnih utvrda<\/strong><br>\/izlo\u017eba i izlaganje \/<br>(Filip \u0160imunjak, i Petar Hegedi\u0107, studenti, Karlo Rukavina, mag.hist., Odsjek za povijest, FF Zagreb)<br>6. <strong>Papinska kurija i vijesti o turskim provalama u Hrvatsku 1468-1473.<\/strong><br>(doc.dr.sc. Luka \u0160poljari\u0107, Odsjek za povijest, FF Zagreb)<br>7. <strong>Nahija Peru\u0161i\u0107 u osmanskim vrelima<\/strong><br>(doc.dr.sc Kornelija Jurin Star\u010devi\u0107, Odsjek za povijest, FF Zagreb)<br>8. <strong>Iz Banatske granice \u2013 u ve\u010dnost<\/strong><br>(prof.dr. Ivana B. Spasovi\u0107, Arhiv SANU, Beograd)<br><br>13,00 \u2013 14,00;<br>Okrugli stol: <strong>Kako pisati povijest granica?<\/strong><br>sudjeluju: prof.dr. Bo\u017eidar Flaj\u0161man, Oddelek za zgodovino, FF Ljubljana, doc.dr.sc. Kornelija Jurin Star\u010devi\u0107, Odsjek za povijest, FF Zagreb, dr.sc. Nenad Moa\u010danin, red.prof. u miru,<br>moderatori: prof.dr.sc. Borislav Grgin, Odsjek za povijest, FF Zagreb i mag. Mitja Sadek, ZAL, Enota za Dolenjsko in Belo krajino)<br><br>15,00 \u2013 16,00<br>3. panel; <strong>Granice \u017eenskih svjetova i Sramotna knjiga<\/strong><br><br>9. <strong>Pobo\u017eni legati u oporukama \u017eena grada Karlovca iz 18. stolje\u0107a<\/strong><br>(Antonio Bosio, prof. hrvatskog i njema\u010dkog jezika i knji\u017eevnosti, Dr\u017eavni arhiv u Karlovcu)<br>10. <strong>Primjeri slovenskih djevojaka i \u017eena na radu u zagreba\u010dkim ku\u0107anstvima krajem 19. i po\u010detkom 20. stolje\u0107a<\/strong><br>(dr.sc. Katarina Horvat, Dr\u017eavni arhiv u Zagrebu)<br>11. <strong>\u017denske v dru\u0161tvih skozi prizmo arhivskih virov \u2013 razstava V slogi k uspehu! Arhivsko gradivo dru\u0161tev iz fondov Zgodovinskega arhiva Ljubljana<\/strong><br>(Dunja Mu\u0161i\u010d, vi\u0161ja arhivistka, ZAL, Enota za Dolenjsko in Belo krajino)<br>12. <strong>Granice neprihvatljivog \u0161kolskog pona\u0161anja: pitanje tjelesne kazne i \u0161kolska praksa druge polovice 19. stolje\u0107a<\/strong><br>(doc.dr.sc. Zvjezdana Sikiri\u0107 Assouline, Odsjek za povijest, FF Zagreb)<br><br>16,15 \u2013 17,00<br>4. panel: <strong>(Po)grani\u010dni projekti<\/strong><br><br>13. <strong>Prekograni\u010dna suradnja u istra\u017eivanju i za\u0161titi euroazijskog risa (LIFE Lynx)<\/strong><br>(dr.med.vet, v.pred. Vedran Slijep\u010devi\u0107, Veleu\u010dili\u0161te u Karlovcu)<br>14. <strong>Virtualni arheolo\u0161ki krajolici Podunavlja<\/strong><br>(Marta Rakvin i dr.sc. Jacqueline Balen, Arheolo\u0161ki muzej u Zagrebu)<br>15. <strong>Djelovanje i razvoj Sredi\u0161nje knji\u017enice Slovenaca u RH<\/strong><br>(Vedrana Kova\u010d Vrana, vi\u0161a knji\u017eni\u010darka, voditeljica Sredi\u0161nje knji\u017enice Slovenaca u RH)<\/p>\n\n\n\n<p>Na dan odr\u017eavanja Simpozija, u dvorani \u0107e biti postavljena izlo\u017eba Zgodovinskog arhiva Ljubljana, <a href=\"http:\/\/www.zal-lj.si\/2021\/06\/01\/predstavitev-razstave-in-razstavnega-kataloga-o-drustvih-v-slogi-ku-uspehu\/\" target=\"_blank\" rel=\"noreferrer noopener\">V slogi k uspehu! <\/a>te prigodna izlo\u017eba o utvrdama na granicama hrvatskog povijesnog prostora, koju \u0107e pripremiti studenti povijesti s Odsjeka za povijest Filozofskog fakulteta u Zagrebu.<\/p>\n\n\n\n<p>Nakon radnog dijela Simpozija, predvi\u0111ena je \u0161etnja Karlovcem i posjet centru <a href=\"https:\/\/www.aquariumkarlovac.com\/\" target=\"_blank\" rel=\"noreferrer noopener\">Aquatika \u2013 Slatkovodni akvarij Karlovac<\/a> (uz mogu\u0107nost nastavka dru\u017eenja uz ve\u010deru u <a href=\"https:\/\/www.facebook.com\/Restoran-Kvaka-554225411354388\/\" target=\"_blank\" rel=\"noreferrer noopener\">restoranu Kvaka<\/a>).<\/p>\n\n\n\n<p><strong>ORGANIZATORI:<\/strong> <a href=\"https:\/\/www.amz.hr\/hr\/naslovnica\/\" target=\"_blank\" rel=\"noreferrer noopener\">Arheolo\u0161ki muzej u Zagrebu<\/a>, <a href=\"https:\/\/belokranjski-muzej.si\/\" target=\"_blank\" rel=\"noreferrer noopener\">Belokranjski muzej Metlika<\/a>, <a href=\"http:\/\/www.ffzg.unizg.hr\/pov\/pov2\/index.php\" target=\"_blank\" rel=\"noreferrer noopener\">Odsjek za povijest Filozofskog fakulteta u Zagrebu<\/a>, <a href=\"http:\/\/www.gkka.hr\/sredisnja-knjiznica-slovenaca\/\" target=\"_blank\" rel=\"noreferrer noopener\">Sredi\u0161nja knji\u017enica Slovenaca u RH<\/a>, <a href=\"https:\/\/z-a-d.net\/\" target=\"_blank\" rel=\"noreferrer noopener\">Zagreba\u010dko arhivisti\u010dko dru\u0161tvo<\/a>, <a href=\"http:\/\/www.zal-lj.si\/\" target=\"_blank\" rel=\"noreferrer noopener\">Zgodovinski arhiv Ljubljana<\/a><\/p>\n\n\n\n<p><strong>PROGRAMSKO \u2013 ORGANIZACIJSKI ODBOR:<\/strong> Brancelj Bednar\u0161ek Andreja, Dugonji\u0107 Anita, Kova\u010d Vrana Vedrana, Mavreti\u0107 \u017deljko, Milov\u010di\u0107 Jasmina, Molnar Branka, mag. Sadek Mitja<\/p>\n\n\n\n<p><strong>ZNANSTVENI ODBOR:<\/strong> prof. dr.sc. Grgin Borislav, dr. Semli\u010d Rajh Zdenka, doc.dr.sc. Sikiri\u0107 Assouline Zvjezdana<\/p>\n\n\n\n<hr class=\"wp-block-separator\"\/>\n\n\n\n<p>Izvor i dodatne informacije:<\/p>\n\n\n\n<figure class=\"wp-block-embed-wordpress wp-block-embed is-type-wp-embed is-provider-fenomeni-meje-fenomeni-granice-bela-krajina-i-n-zumberak\"><div class=\"wp-block-embed__wrapper\">\n<blockquote class=\"wp-embedded-content\" data-secret=\"1rUlQyoBq5\"><a href=\"http:\/\/z-a-d.net\/meje\/fenomeni-meje-fenomeni-granice-bela-krajina-in-zumberak-2022\/\">Simpozij 2022.<\/a><\/blockquote><iframe loading=\"lazy\" class=\"wp-embedded-content\" sandbox=\"allow-scripts\" security=\"restricted\" style=\"position: absolute; clip: rect(1px, 1px, 1px, 1px);\" title=\"&#8220;Simpozij 2022.&#8221; &#8212; Fenomeni meje \/ Fenomeni granice - Bela krajina i(n) \u017dumberak\" src=\"http:\/\/z-a-d.net\/meje\/fenomeni-meje-fenomeni-granice-bela-krajina-in-zumberak-2022\/embed\/#?secret=3IswdrHpIj#?secret=1rUlQyoBq5\" data-secret=\"1rUlQyoBq5\" width=\"600\" height=\"338\" frameborder=\"0\" marginwidth=\"0\" marginheight=\"0\" scrolling=\"no\"><\/iframe>\n<\/div><\/figure>\n\n\n\n<p><a href=\"https:\/\/www.facebook.com\/pogranicje\/\">https:\/\/www.facebook.com\/pogranicje\/<\/a><\/p>\n\n\n\n<hr class=\"wp-block-separator\"\/>\n","protected":false},"excerpt":{"rendered":"","protected":false},"author":2,"featured_media":31426,"comment_status":"open","ping_status":"open","sticky":false,"template":"","format":"standard","meta":{"_acf_changed":false,"jetpack_post_was_ever_published":false,"_jetpack_newsletter_access":"","_jetpack_dont_email_post_to_subs":false,"_jetpack_newsletter_tier_id":0,"_jetpack_memberships_contains_paywalled_content":false,"_jetpack_memberships_contains_paid_content":false,"footnotes":"","jetpack_publicize_message":"","jetpack_publicize_feature_enabled":true,"jetpack_social_post_already_shared":true,"jetpack_social_options":{"image_generator_settings":{"template":"highway","default_image_id":0,"font":"","enabled":false},"version":2}},"categories":[3,9],"tags":[],"class_list":["post-31425","post","type-post","status-publish","format-standard","has-post-thumbnail","hentry","category-novosti","category-skupovi"],"acf":{"facebook_opis":""},"jetpack_publicize_connections":[],"jetpack_featured_media_url":"https:\/\/i0.wp.com\/historiografija.hr\/wp-content\/uploads\/2022\/05\/Fenomeni-meje.jpg?fit=960%2C365&ssl=1","jetpack_sharing_enabled":true,"jetpack-related-posts":[],"_links":{"self":[{"href":"https:\/\/historiografija.hr\/index.php?rest_route=\/wp\/v2\/posts\/31425","targetHints":{"allow":["GET"]}}],"collection":[{"href":"https:\/\/historiografija.hr\/index.php?rest_route=\/wp\/v2\/posts"}],"about":[{"href":"https:\/\/historiografija.hr\/index.php?rest_route=\/wp\/v2\/types\/post"}],"author":[{"embeddable":true,"href":"https:\/\/historiografija.hr\/index.php?rest_route=\/wp\/v2\/users\/2"}],"replies":[{"embeddable":true,"href":"https:\/\/historiografija.hr\/index.php?rest_route=%2Fwp%2Fv2%2Fcomments&post=31425"}],"version-history":[{"count":2,"href":"https:\/\/historiografija.hr\/index.php?rest_route=\/wp\/v2\/posts\/31425\/revisions"}],"predecessor-version":[{"id":31428,"href":"https:\/\/historiografija.hr\/index.php?rest_route=\/wp\/v2\/posts\/31425\/revisions\/31428"}],"wp:featuredmedia":[{"embeddable":true,"href":"https:\/\/historiografija.hr\/index.php?rest_route=\/wp\/v2\/media\/31426"}],"wp:attachment":[{"href":"https:\/\/historiografija.hr\/index.php?rest_route=%2Fwp%2Fv2%2Fmedia&parent=31425"}],"wp:term":[{"taxonomy":"category","embeddable":true,"href":"https:\/\/historiografija.hr\/index.php?rest_route=%2Fwp%2Fv2%2Fcategories&post=31425"},{"taxonomy":"post_tag","embeddable":true,"href":"https:\/\/historiografija.hr\/index.php?rest_route=%2Fwp%2Fv2%2Ftags&post=31425"}],"curies":[{"name":"wp","href":"https:\/\/api.w.org\/{rel}","templated":true}]}}