{"id":31419,"date":"2022-05-19T22:00:55","date_gmt":"2022-05-19T22:00:55","guid":{"rendered":"http:\/\/historiografija.hr\/?p=31419"},"modified":"2022-06-23T16:52:00","modified_gmt":"2022-06-23T16:52:00","slug":"international-conference-art-history-and-discourse-on-the-centre-and-periphery-%e2%80%92-an-homage-to-ljubo-karaman-1886%e2%80%921971","status":"publish","type":"post","link":"https:\/\/historiografija.hr\/?p=31419","title":{"rendered":"International Conference \u201cArt history and discourse on the centre and periphery \u2012 An homage to Ljubo Karaman (1886\u20121971)\u201d"},"content":{"rendered":"\n<p>Zagreb, 19 \u2013 21 May 2022<\/p>\n\n\n\n<p>Trg bana Jela\u010di\u0107a 3\/1 (DAZ, UHA)<\/p>\n\n\n\n<p>online stream <a href=\"https:\/\/www.youtube.com\/channel\/UCP-2Kmwq388RFNmZnQe2O6A\">DPUH YouTube channel<\/a><\/p>\n\n\n\n<p><a href=\"http:\/\/dpuh.hr\/modules\/documentdownload.php?idDocument=601\">Programme and book of abstracts<\/a><\/p>\n\n\n\n<p><strong>Thursday, 19 May 2022<\/strong><\/p>\n\n\n\n<p>9:30 welcome speech \/ <strong>Zvonko Makovi\u0107<\/strong>, President of the Croatian Society of Art Historians<\/p>\n\n\n\n<p>9:40 <strong>session 1<\/strong><\/p>\n\n\n\n<p><strong>Magdalena Kuni\u0144ska<\/strong><\/p>\n\n\n\n<p>An entangled case of \u201estyle\u201d problem in Central-Eastern Europe: between central model and local strategies for self-identification<\/p>\n\n\n\n<p><strong>Alison McQueen<\/strong><\/p>\n\n\n\n<p>Entangled Interdependence: Paris, French Provinces and Colonies in the mid-nineteenth century<\/p>\n\n\n\n<p><strong>Cristiano Guarneri<\/strong>, <strong>Ines Ivi\u0107<\/strong><\/p>\n\n\n\n<p>Different perspectives on the centre-periphery paradigm: Karaman and Castelnuovo-Ginzburg in comparison<\/p>\n\n\n\n<p><strong>Vladimir Peter Goss<\/strong><\/p>\n\n\n\n<p>Ljubo Karaman and the art of Croatian space<\/p>\n\n\n\n<p>Discussion<\/p>\n\n\n\n<p>11:20 <strong>session 2<\/strong><\/p>\n\n\n\n<p><strong>Katja Mahni\u010d<\/strong><br>France Stele (1886-1972), Monument Protection Office in Ljubljana and the Question of Method<\/p>\n\n\n\n<p><strong>Ivan Braut,&nbsp;Krasanka Majer Juri\u0161i\u0107<\/strong><br>Karaman and Szabo on \u201cdescended value\u201d of monuments and preservation of historical character of \u0160ibenik and Rab<\/p>\n\n\n\n<p><strong>Sigrid Brandt<\/strong><br>Creative monument preservation and continuing to build on monuments<\/p>\n\n\n\n<p>Discussion<\/p>\n\n\n\n<p>13:40 <strong>session 3<\/strong><\/p>\n\n\n\n<p><strong>Dra\u017een Arbutina&nbsp;<\/strong><br>Peripheral architecture and architecture on the periphery<\/p>\n\n\n\n<p><strong>Konrad Morawski<\/strong><br>Art for Polish Magnates or European Aristocrats?<\/p>\n\n\n\n<p><strong>Antonija Mlikota<\/strong><br>The architecture, heritage and monuments protection under Fascist government in Zadar<\/p>\n\n\n\n<p><strong>Mariana Pinto dos Santos<\/strong><br>The constraints of writing art history in a peripheral dictatorship in the twentieth century \u2013 Jos\u00e9-Augusto Fran\u00e7a\u2019s master narrative in Portugal<\/p>\n\n\n\n<p>Discussion<\/p>\n\n\n\n<p>15:20 <strong>session 4<\/strong><\/p>\n\n\n\n<p><strong>Zoi Godosi<\/strong><br>Periphery, Province, Borderline: the case of a local \u201cArt World\u201d in Florina (Greece)<\/p>\n\n\n\n<p><strong>Mina Radovanovi\u0107&nbsp;<\/strong><br>Painting the periphery for the centre: orientalist works by Paja Jovanovi\u0107 created for western audiences<\/p>\n\n\n\n<p><strong>Lidija Merenik&nbsp;<\/strong><br>The local, ethnographic, oriental motif in the folk portraits by Nade\u017eda Petrovi\u0107 and Zora Petrovi\u0107<\/p>\n\n\n\n<p><strong>Miona Mu\u0161tra<\/strong><br>Inflecting the Canon: teaching national art history to international students<\/p>\n\n\n\n<p>Discussion<\/p>\n\n\n\n<p>17:00 end of Day 1<\/p>\n\n\n\n<p><strong>Friday 20th May<\/strong><\/p>\n\n\n\n<p>9:20 <strong>session 5<\/strong><\/p>\n\n\n\n<p><strong>Giuseppe Andolina<\/strong><br>Center vs periphery in the Stato da Mar: the public architecture and artistic production in the 15th century Eastern Adriatic<\/p>\n\n\n\n<p><strong>Karla Pape\u0161&nbsp;<\/strong><br>What is the centre for the circulation of early modern fortification knowledge?<\/p>\n\n\n\n<p><strong>Laris Bori\u0107&nbsp;<\/strong><br>The applicability and the transformative nature of Karaman\u2019s notions of peripheral\/provincial in Dalmatian Cinquecento<\/p>\n\n\n\n<p><strong>Petar Strunje<\/strong><br>Interpreting mosque to church conversion in Dalmatia<\/p>\n\n\n\n<p>Discussion<\/p>\n\n\n\n<p>11:00 <strong>session 6<\/strong><\/p>\n\n\n\n<p><strong>Angelo Maria Monaco<\/strong><br>Refining a vernacular idiom. A focus on 14th and 15th centuries limestone Sculpture in Salento, through the looking glass of Scultura del Cinquecento in Italia meridionale by Francesco Negri Arnoldi<\/p>\n\n\n\n<p><strong>Stephanie Per\u0161i\u0107<\/strong><br>Karaman\u2019s paradigm through the analysis of sacral iconography of the 17th and 18th centuries on the territory of the Diocese of Pore\u010d and Pula<\/p>\n\n\n\n<p><strong>Beatrice Tanzi<\/strong><br>The double \u201cterritorialisation\/peripheralisation\u201d of the Istrian and Dalmatian dioceses<\/p>\n\n\n\n<p><strong>Jelena Todorovi\u0107&nbsp;<\/strong><br>The reversal of centre\/perifery paradigm in the understanding of the world of Universal Baroque<\/p>\n\n\n\n<p>Discussion<\/p>\n\n\n\n<p>13:20 <strong>session 7<\/strong><\/p>\n\n\n\n<p><strong>Barbara Murovec<\/strong><br>Art historians in tumultuous times: the safeguarding of cultural heritage in the province of Ljubljana (1941\u20131943)<\/p>\n\n\n\n<p><strong>Petar Prelog&nbsp;<\/strong><br>Centre and periphery in the interpretations of Croatian modern art<\/p>\n\n\n\n<p><strong>Petra \u0160arin<\/strong><br>Defining local versions of socially engaged art: Zemlja and Portuguese neorealism<\/p>\n\n\n\n<p>Discussion<\/p>\n\n\n\n<p>14:40 <strong>session 8<\/strong><\/p>\n\n\n\n<p><strong>Nikolina Marakovi\u0107,&nbsp;Tin Turkovi\u0107<\/strong><br>The relevance of Ljubo Karaman\u2019s paradigm in contemporary research of late antique and early medieval heritage in Croatia<\/p>\n\n\n\n<p><strong>Milan Pelc<\/strong><br>Illuminations in Glagolitic manuscripts and the art in the periphery<\/p>\n\n\n\n<p><strong>Vanja Stojkovi\u0107<\/strong><br>Center and periphery: the sacral portraits of the noble family of Lazar in the Church of st. John the Baptist in E\u010dka<\/p>\n\n\n\n<p><strong>An\u0111ela Duki\u0107<\/strong><br>Between centerand periphery: architectural development of Ni\u0161 (19-20 century)<\/p>\n\n\n\n<p>Discussion<\/p>\n\n\n\n<p><strong>16:20 conference closing discussion<\/strong><\/p>\n\n\n\n<p>17:00 end of Day 2<\/p>\n\n\n\n<p><strong>Saturday 21st May<\/strong><\/p>\n\n\n\n<p><strong>Fieldwork<\/strong><\/p>\n\n\n\n<p>Zagreb urban identity between centre and periphery<\/p>\n\n\n\n<p>10:00 \u2013 14:00<\/p>\n\n\n\n<p>Meeting point: Croatian Academy of Sciences and Arts, Trg Nikole \u0160ubi\u0107a Zrinskog 11<\/p>\n\n\n\n<p>Moderators: <strong>Franko \u0106ori\u0107, Ljerka Dulibi\u0107, Predrag Markovi\u0107<\/strong><\/p>\n\n\n\n<p>In accordance with the theme of the conference, the city walking tour will focus on the peripheral role of Zagreb in the Habsburg monarchy and the idea of Zagreb as \u201cFlorence of the South Slavs&#8221;. The population of Zagreb grew from about 48,000 in 1857 to 769,944according to the last census in 2021. Participants will familiarize with the important historic milestones in the development of the city \u2013 its political, economic and cultural significance in the past and possible future perspectives.<\/p>\n\n\n\n<hr class=\"wp-block-separator\"\/>\n\n\n\n<p>Izvor: <a href=\"http:\/\/dpuh.hr\/\">http:\/\/dpuh.hr\/<\/a><\/p>\n\n\n\n<hr class=\"wp-block-separator\"\/>\n","protected":false},"excerpt":{"rendered":"","protected":false},"author":2,"featured_media":31420,"comment_status":"open","ping_status":"open","sticky":false,"template":"","format":"standard","meta":{"_acf_changed":false,"jetpack_post_was_ever_published":false,"_jetpack_newsletter_access":"","_jetpack_dont_email_post_to_subs":false,"_jetpack_newsletter_tier_id":0,"_jetpack_memberships_contains_paywalled_content":false,"_jetpack_memberships_contains_paid_content":false,"footnotes":"","jetpack_publicize_message":"","jetpack_publicize_feature_enabled":true,"jetpack_social_post_already_shared":true,"jetpack_social_options":{"image_generator_settings":{"template":"highway","default_image_id":0,"font":"","enabled":false},"version":2}},"categories":[3,9],"tags":[],"class_list":["post-31419","post","type-post","status-publish","format-standard","has-post-thumbnail","hentry","category-novosti","category-skupovi"],"acf":{"facebook_opis":""},"jetpack_publicize_connections":[],"jetpack_featured_media_url":"https:\/\/i0.wp.com\/historiografija.hr\/wp-content\/uploads\/2022\/05\/Karaman.png?fit=1440%2C1440&ssl=1","jetpack_sharing_enabled":true,"jetpack-related-posts":[{"id":52673,"url":"https:\/\/historiografija.hr\/?p=52673","url_meta":{"origin":31419,"position":0},"title":"TWO POSTDOCTORAL POSITIONS IN THE &#8220;PROLETGARD ERC STARTING GRANT PROJECT&#8221;, KASS\u00c1K FOUNDATION, BUDAPEST (DEADLINE: 1ST MAY 2026)","author":"Branimir Jankovi\u0107","date":"27. travnja 2026.","format":false,"excerpt":"This five-year ERC-funded project examines how avant-garde art contributed to the formation of a workers\u2019 movement counterculture in East Central Europe after 1918. It argues that socialist and avant-garde periodicals, groups, and figures shaped both avant-garde culture and transnational workers\u2019 movements. Focusing on the successor states of the Austro\u2013Hungarian Empire\u2026","rel":"","context":"U &quot;Novosti&quot;","block_context":{"text":"Novosti","link":"https:\/\/historiografija.hr\/?cat=3"},"img":{"alt_text":"","src":"https:\/\/i0.wp.com\/historiografija.hr\/wp-content\/uploads\/2017\/10\/hsozkult.png?fit=1006%2C241&ssl=1&resize=350%2C200","width":350,"height":200,"srcset":"https:\/\/i0.wp.com\/historiografija.hr\/wp-content\/uploads\/2017\/10\/hsozkult.png?fit=1006%2C241&ssl=1&resize=350%2C200 1x, https:\/\/i0.wp.com\/historiografija.hr\/wp-content\/uploads\/2017\/10\/hsozkult.png?fit=1006%2C241&ssl=1&resize=525%2C300 1.5x, https:\/\/i0.wp.com\/historiografija.hr\/wp-content\/uploads\/2017\/10\/hsozkult.png?fit=1006%2C241&ssl=1&resize=700%2C400 2x"},"classes":[]},{"id":52563,"url":"https:\/\/historiografija.hr\/?p=52563","url_meta":{"origin":31419,"position":1},"title":"Predavanje Nenada Fabijani\u0107a o stadionu Poljud u Splitu","author":"Branimir Jankovi\u0107","date":"21. travnja 2026.","format":false,"excerpt":"Znanstveno vije\u0107e za arhitekturu, urbanizam i ure\u0111enje prostora Hrvatske akademije znanosti i umjetnosti organizira predavanje \u201cPo Poljudu\u201d koje \u0107e u srijedu 22. travnja 2026. s po\u010detkom u 14 sati u Knji\u017enici HAZU, Strossmayerov trg 14 u Zagrebu, odr\u017eati\u00a0prof. emerit. dr. art. Nenad Fabijani\u0107,\u00a0\u010dlan suradnik HAZU. Predavanje \u201ePo Poljudu\u201c (Projekt obnove)\u2026","rel":"","context":"U &quot;Novosti&quot;","block_context":{"text":"Novosti","link":"https:\/\/historiografija.hr\/?cat=3"},"img":{"alt_text":"","src":"https:\/\/i0.wp.com\/historiografija.hr\/wp-content\/uploads\/2026\/04\/Poljud-scaled.jpeg?fit=1200%2C800&ssl=1&resize=350%2C200","width":350,"height":200,"srcset":"https:\/\/i0.wp.com\/historiografija.hr\/wp-content\/uploads\/2026\/04\/Poljud-scaled.jpeg?fit=1200%2C800&ssl=1&resize=350%2C200 1x, https:\/\/i0.wp.com\/historiografija.hr\/wp-content\/uploads\/2026\/04\/Poljud-scaled.jpeg?fit=1200%2C800&ssl=1&resize=525%2C300 1.5x, https:\/\/i0.wp.com\/historiografija.hr\/wp-content\/uploads\/2026\/04\/Poljud-scaled.jpeg?fit=1200%2C800&ssl=1&resize=700%2C400 2x, https:\/\/i0.wp.com\/historiografija.hr\/wp-content\/uploads\/2026\/04\/Poljud-scaled.jpeg?fit=1200%2C800&ssl=1&resize=1050%2C600 3x"},"classes":[]},{"id":52643,"url":"https:\/\/historiografija.hr\/?p=52643","url_meta":{"origin":31419,"position":2},"title":"BRACEWELL TRAVELLING SCHOLARSHIP\u202fFOR PHD STUDENTS (DEADLINE: 30TH APRIL 2026)","author":"Branimir Jankovi\u0107","date":"24. travnja 2026.","format":false,"excerpt":"The Bracewell Travelling Scholarship\u202fis funded by a gift from SSEES Emeritus Professor of History Wendy Bracewell, whose research examines South Slav history, and travel writing in eastern Europe. The Scholarship honours the long tradition of mutual curiosity between the UK and eastern, central and southeastern Europe by supporting PhD students\u2026","rel":"","context":"U &quot;Novosti&quot;","block_context":{"text":"Novosti","link":"https:\/\/historiografija.hr\/?cat=3"},"img":{"alt_text":"","src":"https:\/\/i0.wp.com\/historiografija.hr\/wp-content\/uploads\/2026\/04\/Bracewell-Travelling-Scholarship-.webp?fit=980%2C700&ssl=1&resize=350%2C200","width":350,"height":200,"srcset":"https:\/\/i0.wp.com\/historiografija.hr\/wp-content\/uploads\/2026\/04\/Bracewell-Travelling-Scholarship-.webp?fit=980%2C700&ssl=1&resize=350%2C200 1x, https:\/\/i0.wp.com\/historiografija.hr\/wp-content\/uploads\/2026\/04\/Bracewell-Travelling-Scholarship-.webp?fit=980%2C700&ssl=1&resize=525%2C300 1.5x, https:\/\/i0.wp.com\/historiografija.hr\/wp-content\/uploads\/2026\/04\/Bracewell-Travelling-Scholarship-.webp?fit=980%2C700&ssl=1&resize=700%2C400 2x"},"classes":[]},{"id":52677,"url":"https:\/\/historiografija.hr\/?p=52677","url_meta":{"origin":31419,"position":3},"title":"CfP: NAVIGATING THE PAST, FACING THE PRESENT: CHALLENGES AND OPPORTUNITIES IN RE-PRESENTING CONFLICTS AND VIOLENCE IN MEMORY AND EDUCATION INSTITUTIONS, WARSAW, 22ND\u201324TH OCTOBER 2026 (DEADLINE: 30TH APRIL 2026)","author":"Branimir Jankovi\u0107","date":"27. travnja 2026.","format":false,"excerpt":"The conference and graduate workshop (October 22-24, 2026, Warsaw) addresses the representation of history in public and institutional contexts, with a focus beyond the often-studied field of \u201cmemory culture\u201d. Rather than emphasizing the politicization of memory and cultural institutions, the discussion shifts toward new methods, media, and challenges in historical\u2026","rel":"","context":"U &quot;Novosti&quot;","block_context":{"text":"Novosti","link":"https:\/\/historiografija.hr\/?cat=3"},"img":{"alt_text":"","src":"https:\/\/i0.wp.com\/historiografija.hr\/wp-content\/uploads\/2017\/10\/hsozkult.png?fit=1006%2C241&ssl=1&resize=350%2C200","width":350,"height":200,"srcset":"https:\/\/i0.wp.com\/historiografija.hr\/wp-content\/uploads\/2017\/10\/hsozkult.png?fit=1006%2C241&ssl=1&resize=350%2C200 1x, https:\/\/i0.wp.com\/historiografija.hr\/wp-content\/uploads\/2017\/10\/hsozkult.png?fit=1006%2C241&ssl=1&resize=525%2C300 1.5x, https:\/\/i0.wp.com\/historiografija.hr\/wp-content\/uploads\/2017\/10\/hsozkult.png?fit=1006%2C241&ssl=1&resize=700%2C400 2x"},"classes":[]},{"id":52641,"url":"https:\/\/historiografija.hr\/?p=52641","url_meta":{"origin":31419,"position":4},"title":"CfP: WHO OWNS THE PAST? VERNACULAR MEMORY, STATE MEMORY, AND THE POLITICS OF OWNERSHIP","author":"Branimir Jankovi\u0107","date":"24. travnja 2026.","format":false,"excerpt":"VIENNA, 31ST AUGUST\u20133RD SEPTEMBER 2026 (DEADLINE: 24TH APRIL 2026) The Center for Austrian Studies at the European Forum at the Hebrew University and the Austrian Academy of Sciences\/Institute of Culture Studies invite early postdocs, PhD candidates, and advanced Master\u2019s students from the Hebrew University of Jerusalem and universities and academic\u2026","rel":"","context":"U &quot;Novosti&quot;","block_context":{"text":"Novosti","link":"https:\/\/historiografija.hr\/?cat=3"},"img":{"alt_text":"","src":"https:\/\/i0.wp.com\/historiografija.hr\/wp-content\/uploads\/2017\/10\/hsozkult.png?fit=1006%2C241&ssl=1&resize=350%2C200","width":350,"height":200,"srcset":"https:\/\/i0.wp.com\/historiografija.hr\/wp-content\/uploads\/2017\/10\/hsozkult.png?fit=1006%2C241&ssl=1&resize=350%2C200 1x, https:\/\/i0.wp.com\/historiografija.hr\/wp-content\/uploads\/2017\/10\/hsozkult.png?fit=1006%2C241&ssl=1&resize=525%2C300 1.5x, https:\/\/i0.wp.com\/historiografija.hr\/wp-content\/uploads\/2017\/10\/hsozkult.png?fit=1006%2C241&ssl=1&resize=700%2C400 2x"},"classes":[]},{"id":52531,"url":"https:\/\/historiografija.hr\/?p=52531","url_meta":{"origin":31419,"position":5},"title":"Jonathan G. Leslie, \u201eFear and Insecurity: Israel and the Iran Threat Narrative\u201c","author":"Branimir Jankovi\u0107","date":"17. travnja 2026.","format":false,"excerpt":"Why is Israel\u2019s former ally Iran now perceived as the country\u2019s greatest threat? Description To observers of the Iran-Israel conflict, its vitriolic rhetoric might suggest an ancient hatred between Jews and Muslims\u2013a biblical feud dating back hundreds, or thousands, of years. But this rivalry is a far more modern development.\u2026","rel":"","context":"U &quot;Knjige&quot;","block_context":{"text":"Knjige","link":"https:\/\/historiografija.hr\/?cat=8"},"img":{"alt_text":"","src":"https:\/\/i0.wp.com\/historiografija.hr\/wp-content\/uploads\/2026\/04\/Leslie.jpg?fit=391%2C612&ssl=1&resize=350%2C200","width":350,"height":200},"classes":[]}],"_links":{"self":[{"href":"https:\/\/historiografija.hr\/index.php?rest_route=\/wp\/v2\/posts\/31419","targetHints":{"allow":["GET"]}}],"collection":[{"href":"https:\/\/historiografija.hr\/index.php?rest_route=\/wp\/v2\/posts"}],"about":[{"href":"https:\/\/historiografija.hr\/index.php?rest_route=\/wp\/v2\/types\/post"}],"author":[{"embeddable":true,"href":"https:\/\/historiografija.hr\/index.php?rest_route=\/wp\/v2\/users\/2"}],"replies":[{"embeddable":true,"href":"https:\/\/historiografija.hr\/index.php?rest_route=%2Fwp%2Fv2%2Fcomments&post=31419"}],"version-history":[{"count":1,"href":"https:\/\/historiografija.hr\/index.php?rest_route=\/wp\/v2\/posts\/31419\/revisions"}],"predecessor-version":[{"id":31421,"href":"https:\/\/historiografija.hr\/index.php?rest_route=\/wp\/v2\/posts\/31419\/revisions\/31421"}],"wp:featuredmedia":[{"embeddable":true,"href":"https:\/\/historiografija.hr\/index.php?rest_route=\/wp\/v2\/media\/31420"}],"wp:attachment":[{"href":"https:\/\/historiografija.hr\/index.php?rest_route=%2Fwp%2Fv2%2Fmedia&parent=31419"}],"wp:term":[{"taxonomy":"category","embeddable":true,"href":"https:\/\/historiografija.hr\/index.php?rest_route=%2Fwp%2Fv2%2Fcategories&post=31419"},{"taxonomy":"post_tag","embeddable":true,"href":"https:\/\/historiografija.hr\/index.php?rest_route=%2Fwp%2Fv2%2Ftags&post=31419"}],"curies":[{"name":"wp","href":"https:\/\/api.w.org\/{rel}","templated":true}]}}