{"id":3138,"date":"2017-03-06T09:19:56","date_gmt":"2017-03-06T09:19:56","guid":{"rendered":"http:\/\/historiografija.hr\/?p=3138"},"modified":"2017-03-06T09:19:56","modified_gmt":"2017-03-06T09:19:56","slug":"izlozba-lik-zene-na-ex-librisima-zbirka-dr-damira-kovaca","status":"publish","type":"post","link":"https:\/\/historiografija.hr\/?p=3138","title":{"rendered":"Izlo\u017eba \u201cLik \u017eene na ex librisima \u2013 Zbirka dr. Damira Kova\u010da\u201d"},"content":{"rendered":"<p>&nbsp;<\/p>\n<p>Muzej Mimara u Zagrebu, 8. o\u017eujka \u2013 16. travnja 2017.<\/p>\n<p>&nbsp;<\/p>\n<p>&nbsp;<\/p>\n<p>&nbsp;<\/p>\n<p><strong>Muzej Mimara<\/strong><\/p>\n<p><a href=\"http:\/\/www.mimara.hr\/\">http:\/\/www.mimara.hr\/<\/a><\/p>\n<p>&nbsp;<\/p>\n<p>Izlo\u017eba<\/p>\n<p>Lik \u017eene na ex librisima &#8211; Zbirka dr. Damira Kova\u010da<\/p>\n<p>&nbsp;<\/p>\n<p>Muzej Mimara, Kolekcionarska soba, Rooseveltov trg 5<\/p>\n<p>&nbsp;<\/p>\n<ol start=\"8\">\n<li>o\u017eujka \u2013 16. travnja 2017.<\/li>\n<\/ol>\n<p>&nbsp;<\/p>\n<p>Ex libris latinske su rije\u010di koje zna\u010de Iz knjiga, sa zna\u010denjem Iz knji\u017enice. Kroz duga su stolje\u0107a knjige bile dragocjenosti koje je trebalo \u010duvati. Zato ih se ozna\u010davalo imenom vlasnika: biblioteka, samostana, sabira\u010da &#8211; kolekcionara. Posebice su knjige bile skupe dok su se pisale ili prepisivale rukom, na pergameni. Nakon izuma tiska knjige su se mehani\u010dki umna\u017eale tiskanjem te su postale dostupne mnogim ljubiteljima knjiga. Vlasnici tih dragocjenosti na prvom listu napisali su ime i prezime da se zna da knjigu, ako je posu\u0111ena, treba vratiti vlasniku. Na pojedinim starim knjigama na prvom, naslovnom listu, nalaze se imena brojnih vlasnika: tako mo\u017eemo pratiti sudbinu pojedinih knjiga, i njihovih vlasnika.<\/p>\n<p>&nbsp;<\/p>\n<p>Ve\u0107 u ranom razdoblju knjigotiskarstva, kad su se knjige po\u010dele ukra\u0161avati drvorezima, umjesto rukopisnoga ekslibrisa na naslovnici, ljubitelji knjiga dali su na slobodan listi\u0107 otisnuti ceduljicu sa svojim ekslibrisom te su ga prilijepili na unutra\u0161nju stranu prednjih korica. Obi\u010dno je na listi\u0107u stajalo otisnuto ime i prezime, dru\u0161tveni polo\u017eaj, ponekad zavi\u010daj ili grad vlasnika knjige. Oni koji su posjedovali grb, kraljevi, knezovi, biskupi svojem su imenu i prezimenu pridru\u017eili svoj grb. Prvi Hrvat koji je imao svoj ekslibris bio je Kor\u010dulanin Jakov Bani\u010devi\u0107, osobni tajnik cara Karla V. Njemu je ekslibris \u2013 grb Dalmacije \u2013 izradio A. D\u00fcrer. Ana Katarina Zrinska, pjesnikinja i mu\u010denica, na kraju svoga molitvenika Putni tovaru\u0161 dala je otisnuti svoj ekslibris. To zna\u010di da je svoju knjigu poklonila svojem mu\u017eu i svojoj djeci, k\u0107erima i sinu, ali ih je darivala i svojim prijateljicama, slu\u0161kinjama i kmeticama. Tako je bilo kroz stolje\u0107a. Neki su svoj ekslibris \u017ee\u017eenim pe\u010datom utisnuli na ko\u017ene ili pergamene korice.<\/p>\n<p>&nbsp;<\/p>\n<p>U XIX. stolje\u0107u pove\u0107ao se broj \u010ditatelja i \u010ditateljica, ali i vlasnika i sakuplja\u010da knjiga (kolekcionara), te je knjige bilo dobro ukrasiti i ekslibrisom: Tako doznajemo sudbinu pojedinih vrijednih knjiga i njihovih vlasnica\/vlasnika. U tom istom stolje\u0107u knjiga postaje pratilac sve ve\u0107em broju ljudi koji vole \u010ditati i posjedovati knjige. Pod obiteljski krov sti\u017eu knjige kao dragi gosti i prijatelji \u2013 doma\u0107i i strani, u doma\u0107em ili drugom jeziku, u izvorniku ili u prijevodu. Kao \u0161to se pove\u0107avao broj \u010ditatelja, pove\u0107avao se broj knji\u017eevnika, pisaca. Posebice se umno\u017eio broj \u010ditateljica: djevojaka i \u017eena, jer su brojni knji\u017eevni sastavci njima posve\u0107eni: pjesme, soneti, sonetni vijenci. Tada su se i \u017eene usudile napisati i objaviti pjesme, pripovijetke, neke i roman. Neke pod mu\u0161kim imenom kao gospo\u0111a Georg Sand, druge pod svojim imenom i prezimenom. \u017denski likovi dospjeli su i na ekslibrise: na njima su, uz lik, zapisana imena vlasnica. Brojni su grafi\u010dari, u \u201esitnoj grafici\u201c, u ekslibrisima, vje\u0161to izvedenima u bakropisima, bakrorezima, litografijama, zatravljeni ljepotom svojih poznanica ili zna\u010denjem svojih suputnica, ostavili trajan trag svoje spretne ruke izvode\u0107i likove znamenitih ili dragih \u017eena. Izradili su u grafikama likove dragih osoba da one u knjigama, koje su \u010ditale, prekora\u010de svoje vrijeme i stignu do nas svojim likom. Neki su grafi\u010dari, i njihovi prijatelji kolekcionari, potajno pre\u0161li granice dru\u0161tvenih konvencija te su uz, ekslibrise, izradili i umno\u017eili za svoje omiljene tajne knjige, ali i javne prijatelje i prijateljice, raznovrsnim seks-librisima. Tako\u0111er na trajni spomen.<\/p>\n<p>&nbsp;<\/p>\n<p>U XIX. i XX. stolje\u0107u nove su tehnologije tiskarstva omogu\u0107ile da tiskani ekslibrisi postanu prave male umjetnine u svim tehnikama reprodukcije: drvorez, bakrorez, \u010delikorez, litografija, serigrafija, ofsetni tisak, danas i fotokopiranje. Kolekcionari se povezuju i razmjenjuju me\u0111usobno ekslibrise. Neki se \u201especijaliziraju\u201c za ekslibrise s \u017eenskim likovima na ekslibrisu: portreti dragih osoba, u pozi pozornoga \u010ditanja, u atelijeru, u narodnoj no\u0161nji. Jednom su \u0111aci u grafi\u010dkim \u0161kolama i \u0161kolama primijenjene umjetnosti godinu dana vje\u017ebali izra\u0111ivati ekslibrise.<\/p>\n<p>&nbsp;<\/p>\n<p>U Hrvatskoj primijenjenoj umjetnosti, uz latinska slova, u ekslibrisima se sve vi\u0161e koristi i glagoljica, prvo slavensko pismo koje se odlikuje svojom dubokom simboli\u010dno\u0161\u0107u i porukom da slova treba poznavati. Me\u0111u hrvatskim slikaricama znatan je broj grafi\u010darki koje njeguju tehniku ekslibrisa: na malom, minijaturnom formatu treba sa\u017eeti toliko poruka: oznaku ekslibris, ime i prezime vlasnice\/vlasnika, \u017eelju da se na toj minijaturi ogleda \u0161to je va\u017eno za autora minijature i vlasnika ili skuplja\u010da tih umjetnina.<\/p>\n<p>&nbsp;<\/p>\n<p>akademik Josip Bratuli\u0107<\/p>\n<p>&nbsp;<\/p>\n<p>&nbsp;<\/p>\n","protected":false},"excerpt":{"rendered":"","protected":false},"author":2,"featured_media":3139,"comment_status":"open","ping_status":"open","sticky":false,"template":"","format":"standard","meta":{"_acf_changed":false,"jetpack_post_was_ever_published":false,"_jetpack_newsletter_access":"","_jetpack_dont_email_post_to_subs":false,"_jetpack_newsletter_tier_id":0,"_jetpack_memberships_contains_paywalled_content":false,"_jetpack_memberships_contains_paid_content":false,"footnotes":"","jetpack_publicize_message":"","jetpack_publicize_feature_enabled":true,"jetpack_social_post_already_shared":true,"jetpack_social_options":{"image_generator_settings":{"template":"highway","default_image_id":0,"font":"","enabled":false},"version":2}},"categories":[3],"tags":[],"class_list":["post-3138","post","type-post","status-publish","format-standard","has-post-thumbnail","hentry","category-novosti"],"acf":{"facebook_opis":""},"jetpack_publicize_connections":[],"jetpack_featured_media_url":"https:\/\/i0.wp.com\/historiografija.hr\/wp-content\/uploads\/2017\/03\/ex-libris.jpg?fit=400%2C567&ssl=1","jetpack_sharing_enabled":true,"jetpack-related-posts":[{"id":52552,"url":"https:\/\/historiografija.hr\/?p=52552","url_meta":{"origin":3138,"position":0},"title":"Besplatni glazbeni antikvarijat","author":"Branimir Jankovi\u0107","date":"20. travnja 2026.","format":false,"excerpt":"Muzi\u010dka akademija Sveu\u010dili\u0161ta u Zagrebu 23. travnja 2026. od 10 do 17 sati Pozivamo Vas na Besplatni glazbeni antikvarijat, koji u sklopu manifestacije No\u0107 knjige 2026. organizira Hrvatska udruga muzi\u010dkih knji\u017enica, arhiva i dokumentacijskih centara (HUMKAD). Antikvarijat \u0107e se odr\u017eati na Svjetski dan knjige \u2013 u \u010detvrtak 23. travnja 2026.\u2026","rel":"","context":"U &quot;Novosti&quot;","block_context":{"text":"Novosti","link":"https:\/\/historiografija.hr\/?cat=3"},"img":{"alt_text":"","src":"https:\/\/i0.wp.com\/historiografija.hr\/wp-content\/uploads\/2026\/04\/Besplatni-glazbeni-antikvarijat-23.-4.-2026.jpg?fit=1200%2C848&ssl=1&resize=350%2C200","width":350,"height":200,"srcset":"https:\/\/i0.wp.com\/historiografija.hr\/wp-content\/uploads\/2026\/04\/Besplatni-glazbeni-antikvarijat-23.-4.-2026.jpg?fit=1200%2C848&ssl=1&resize=350%2C200 1x, https:\/\/i0.wp.com\/historiografija.hr\/wp-content\/uploads\/2026\/04\/Besplatni-glazbeni-antikvarijat-23.-4.-2026.jpg?fit=1200%2C848&ssl=1&resize=525%2C300 1.5x, https:\/\/i0.wp.com\/historiografija.hr\/wp-content\/uploads\/2026\/04\/Besplatni-glazbeni-antikvarijat-23.-4.-2026.jpg?fit=1200%2C848&ssl=1&resize=700%2C400 2x, https:\/\/i0.wp.com\/historiografija.hr\/wp-content\/uploads\/2026\/04\/Besplatni-glazbeni-antikvarijat-23.-4.-2026.jpg?fit=1200%2C848&ssl=1&resize=1050%2C600 3x"},"classes":[]},{"id":52520,"url":"https:\/\/historiografija.hr\/?p=52520","url_meta":{"origin":3138,"position":1},"title":"Predstavljanje knjige &#8220;Socialist Economics in Yugoslavia: A Critical History&#8221; u Zagrebu","author":"Branimir Jankovi\u0107","date":"17. travnja 2026.","format":false,"excerpt":"Pozivamo vas na predstavljanje knjige \"Socialist Economics in Yugoslavia: A Critical History\", autora Mislava \u00a0\u017ditka i Marka Grde\u0161i\u0107a (Routledge, 2026). Na predstavljanju \u0107e govoriti Branko Milanovi\u0107 (CUNY), Milica Uvali\u0107 (EUI), Zdravko Petak (FPZG) te autori.\u00a0 Predstavljanje \u0107e se odr\u017eati u srijedu 22. travnja u 16:00 sati na Fakultetu politi\u010dkih znanosti\u2026","rel":"","context":"U &quot;Novosti&quot;","block_context":{"text":"Novosti","link":"https:\/\/historiografija.hr\/?cat=3"},"img":{"alt_text":"","src":"https:\/\/i0.wp.com\/historiografija.hr\/wp-content\/uploads\/2026\/04\/Poziv-na-predstavljanje.png?fit=800%2C652&ssl=1&resize=350%2C200","width":350,"height":200,"srcset":"https:\/\/i0.wp.com\/historiografija.hr\/wp-content\/uploads\/2026\/04\/Poziv-na-predstavljanje.png?fit=800%2C652&ssl=1&resize=350%2C200 1x, https:\/\/i0.wp.com\/historiografija.hr\/wp-content\/uploads\/2026\/04\/Poziv-na-predstavljanje.png?fit=800%2C652&ssl=1&resize=525%2C300 1.5x, https:\/\/i0.wp.com\/historiografija.hr\/wp-content\/uploads\/2026\/04\/Poziv-na-predstavljanje.png?fit=800%2C652&ssl=1&resize=700%2C400 2x"},"classes":[]},{"id":52511,"url":"https:\/\/historiografija.hr\/?p=52511","url_meta":{"origin":3138,"position":2},"title":"Izlo\u017eba &#8220;Lica Sljemena&#8221;","author":"Branimir Jankovi\u0107","date":"17. travnja 2026.","format":false,"excerpt":"Srda\u010dno vas pozivamo na otvorenje izlo\u017ebe Lica Sljemena koje \u0107e se odr\u017eati u srijedu 22. travnja 2026. u 18 h ispred Muzeja Prigorja (Trg Dragutina Domjani\u0107a 5, Sesvete). Izlo\u017eba proizlazi iz istra\u017eivanja Nevene \u0160krbi\u0107 Alempijevi\u0107, Petre Kelemen i Sanje Potkonjak te intervjua sa Sljemena\u0161icama i Sljemena\u0161ima, koji su provedeni u\u2026","rel":"","context":"U &quot;Izlo\u017ebe&quot;","block_context":{"text":"Izlo\u017ebe","link":"https:\/\/historiografija.hr\/?cat=10"},"img":{"alt_text":"","src":"https:\/\/i0.wp.com\/historiografija.hr\/wp-content\/uploads\/2026\/04\/Izlozba-Lica-Sljemena.png?fit=1080%2C686&ssl=1&resize=350%2C200","width":350,"height":200,"srcset":"https:\/\/i0.wp.com\/historiografija.hr\/wp-content\/uploads\/2026\/04\/Izlozba-Lica-Sljemena.png?fit=1080%2C686&ssl=1&resize=350%2C200 1x, https:\/\/i0.wp.com\/historiografija.hr\/wp-content\/uploads\/2026\/04\/Izlozba-Lica-Sljemena.png?fit=1080%2C686&ssl=1&resize=525%2C300 1.5x, https:\/\/i0.wp.com\/historiografija.hr\/wp-content\/uploads\/2026\/04\/Izlozba-Lica-Sljemena.png?fit=1080%2C686&ssl=1&resize=700%2C400 2x, https:\/\/i0.wp.com\/historiografija.hr\/wp-content\/uploads\/2026\/04\/Izlozba-Lica-Sljemena.png?fit=1080%2C686&ssl=1&resize=1050%2C600 3x"},"classes":[]},{"id":52592,"url":"https:\/\/historiografija.hr\/?p=52592","url_meta":{"origin":3138,"position":3},"title":"Predstavljanje knjige &#8220;Turska ku\u0107a u Rijeci&#8221; u Zagrebu","author":"Branimir Jankovi\u0107","date":"22. travnja 2026.","format":false,"excerpt":"U prostorijama Turskog kulturnog centra Yunus Emre u Zagrebu, u utorak 21. travnja 2026. godine, odr\u017eano je sve\u010dano predstavljanje dopunjenog izdanja knjige Turska ku\u0107a u Rijeci, u organizaciji Hrvatsko-turskog dru\u0161tva Rijeka i partnerstvu sa Skupinom prijateljstva Hrvatska-Turska Hrvatskog sabora, Veleposlanstvom Republike Turske u Republici Hrvatskoj te Turskim kulturnim centrom Yunus\u2026","rel":"","context":"U &quot;Novosti&quot;","block_context":{"text":"Novosti","link":"https:\/\/historiografija.hr\/?cat=3"},"img":{"alt_text":"","src":"https:\/\/i0.wp.com\/historiografija.hr\/wp-content\/uploads\/2026\/04\/Turska-kuca-ZG.jpg?fit=1200%2C800&ssl=1&resize=350%2C200","width":350,"height":200,"srcset":"https:\/\/i0.wp.com\/historiografija.hr\/wp-content\/uploads\/2026\/04\/Turska-kuca-ZG.jpg?fit=1200%2C800&ssl=1&resize=350%2C200 1x, https:\/\/i0.wp.com\/historiografija.hr\/wp-content\/uploads\/2026\/04\/Turska-kuca-ZG.jpg?fit=1200%2C800&ssl=1&resize=525%2C300 1.5x, https:\/\/i0.wp.com\/historiografija.hr\/wp-content\/uploads\/2026\/04\/Turska-kuca-ZG.jpg?fit=1200%2C800&ssl=1&resize=700%2C400 2x, https:\/\/i0.wp.com\/historiografija.hr\/wp-content\/uploads\/2026\/04\/Turska-kuca-ZG.jpg?fit=1200%2C800&ssl=1&resize=1050%2C600 3x"},"classes":[]},{"id":52589,"url":"https:\/\/historiografija.hr\/?p=52589","url_meta":{"origin":3138,"position":4},"title":"Predstavljena knjiga Miomira \u017du\u017eula &#8220;Dayton: Diplomacija &#8211; druga strana rata&#8221;","author":"Branimir Jankovi\u0107","date":"22. travnja 2026.","format":false,"excerpt":"Knjiga Miomira \u017du\u017eula \u201eDayton: Diplomacija \u2013 druga strana rata\u201d predstavljena je u srijedu, 22. travnja 2026. godine u foajeu Hrvatskoga narodnog kazali\u0161ta u Zagrebu. Op\u0161irnije: https:\/\/vijesti.hrt.hr\/hrvatska\/predstavljena-knjiga-miomira-zuzula-dayton-diplomacija-druga-strana-rata-12683259 https:\/\/www.vecernji.ba\/amp\/vijesti\/zuzulova-knjiga-o-daytonu-predstavljena-u-zagrebu-diplomacija-kao-druga-strana-rata-1953700 https:\/\/www.tportal.hr\/vijesti\/clanak\/bivsi-sanaderov-ministar-odrzao-promociju-evo-tko-je-sve-dosao-na-predstavljanje-knjige-miomira-zuzula-foto-20260422 https:\/\/direktno.hr\/zivot\/kultura\/zuzul-otkrio-sve-o-drugoj-strani-rata-za-hrvatsku-se-nije-libio-povuci-nekoga-i-za-kosu-395042 https:\/\/www.24sata.hr\/news\/miomir-zuzul-predstavio-je-knjigu-o-daytonu-diplomacija-je-bila-druga-strana-rata-1123152 https:\/\/www.vecernji.hr\/kultura\/kolinda-grabar-kitarovic-otvoreno-miomir-zuzul-nije-vukao-samo-za-rukav-nego-i-za-kosu-1953722 https:\/\/www.vecernji.hr\/kultura\/i-papa-lav-xiv-eksplicitno-je-daytonski-sporazum-istaknuo-kao-primjer-uspjesna-rjesavanja-sukoba-1952215","rel":"","context":"U &quot;Novosti&quot;","block_context":{"text":"Novosti","link":"https:\/\/historiografija.hr\/?cat=3"},"img":{"alt_text":"","src":"https:\/\/i0.wp.com\/historiografija.hr\/wp-content\/uploads\/2026\/04\/Dayton.jpg?fit=1024%2C683&ssl=1&resize=350%2C200","width":350,"height":200,"srcset":"https:\/\/i0.wp.com\/historiografija.hr\/wp-content\/uploads\/2026\/04\/Dayton.jpg?fit=1024%2C683&ssl=1&resize=350%2C200 1x, https:\/\/i0.wp.com\/historiografija.hr\/wp-content\/uploads\/2026\/04\/Dayton.jpg?fit=1024%2C683&ssl=1&resize=525%2C300 1.5x, https:\/\/i0.wp.com\/historiografija.hr\/wp-content\/uploads\/2026\/04\/Dayton.jpg?fit=1024%2C683&ssl=1&resize=700%2C400 2x"},"classes":[]},{"id":52603,"url":"https:\/\/historiografija.hr\/?p=52603","url_meta":{"origin":3138,"position":5},"title":"No\u0107 knjige: Carska i kraljevska kuhinja","author":"Branimir Jankovi\u0107","date":"22. travnja 2026.","format":false,"excerpt":"Pozivamo vas da nam se pridru\u017eite 23. travnja 2026. u 18 sati u obilje\u017eavanju No\u0107i knjige u Pivnici Bobi&Rudi na Trgu Ivana Me\u0161trovi\u0107a u Zapru\u0111u u Zagrebu gdje uz kavu \u010ditamo recepte iz zemalja Austro-Ugarske Monarhije iz knjige Carska i kraljevska kuhinja, autora Roberta Mak\u0142owicza, u prijevodu Damira Agi\u010di\u0107a. Izvor:\u2026","rel":"","context":"U &quot;Novosti&quot;","block_context":{"text":"Novosti","link":"https:\/\/historiografija.hr\/?cat=3"},"img":{"alt_text":"","src":"https:\/\/i0.wp.com\/historiografija.hr\/wp-content\/uploads\/2026\/04\/Noc-knjige-Carska-i-kraljevska.jpg?fit=1200%2C1200&ssl=1&resize=350%2C200","width":350,"height":200,"srcset":"https:\/\/i0.wp.com\/historiografija.hr\/wp-content\/uploads\/2026\/04\/Noc-knjige-Carska-i-kraljevska.jpg?fit=1200%2C1200&ssl=1&resize=350%2C200 1x, https:\/\/i0.wp.com\/historiografija.hr\/wp-content\/uploads\/2026\/04\/Noc-knjige-Carska-i-kraljevska.jpg?fit=1200%2C1200&ssl=1&resize=525%2C300 1.5x, https:\/\/i0.wp.com\/historiografija.hr\/wp-content\/uploads\/2026\/04\/Noc-knjige-Carska-i-kraljevska.jpg?fit=1200%2C1200&ssl=1&resize=700%2C400 2x, https:\/\/i0.wp.com\/historiografija.hr\/wp-content\/uploads\/2026\/04\/Noc-knjige-Carska-i-kraljevska.jpg?fit=1200%2C1200&ssl=1&resize=1050%2C600 3x"},"classes":[]}],"_links":{"self":[{"href":"https:\/\/historiografija.hr\/index.php?rest_route=\/wp\/v2\/posts\/3138","targetHints":{"allow":["GET"]}}],"collection":[{"href":"https:\/\/historiografija.hr\/index.php?rest_route=\/wp\/v2\/posts"}],"about":[{"href":"https:\/\/historiografija.hr\/index.php?rest_route=\/wp\/v2\/types\/post"}],"author":[{"embeddable":true,"href":"https:\/\/historiografija.hr\/index.php?rest_route=\/wp\/v2\/users\/2"}],"replies":[{"embeddable":true,"href":"https:\/\/historiografija.hr\/index.php?rest_route=%2Fwp%2Fv2%2Fcomments&post=3138"}],"version-history":[{"count":1,"href":"https:\/\/historiografija.hr\/index.php?rest_route=\/wp\/v2\/posts\/3138\/revisions"}],"predecessor-version":[{"id":3140,"href":"https:\/\/historiografija.hr\/index.php?rest_route=\/wp\/v2\/posts\/3138\/revisions\/3140"}],"wp:featuredmedia":[{"embeddable":true,"href":"https:\/\/historiografija.hr\/index.php?rest_route=\/wp\/v2\/media\/3139"}],"wp:attachment":[{"href":"https:\/\/historiografija.hr\/index.php?rest_route=%2Fwp%2Fv2%2Fmedia&parent=3138"}],"wp:term":[{"taxonomy":"category","embeddable":true,"href":"https:\/\/historiografija.hr\/index.php?rest_route=%2Fwp%2Fv2%2Fcategories&post=3138"},{"taxonomy":"post_tag","embeddable":true,"href":"https:\/\/historiografija.hr\/index.php?rest_route=%2Fwp%2Fv2%2Ftags&post=3138"}],"curies":[{"name":"wp","href":"https:\/\/api.w.org\/{rel}","templated":true}]}}