{"id":31375,"date":"2022-05-16T09:22:51","date_gmt":"2022-05-16T09:22:51","guid":{"rendered":"http:\/\/historiografija.hr\/?p=31375"},"modified":"2022-05-16T09:24:20","modified_gmt":"2022-05-16T09:24:20","slug":"festival-povijesti-kliofest-2022-izlozbe","status":"publish","type":"post","link":"https:\/\/historiografija.hr\/?p=31375","title":{"rendered":"Festival povijesti Kliofest 2022: Izlo\u017ebe"},"content":{"rendered":"\n<p>U holu Nacionalne i sveu\u010dili\u0161ne knji\u017enice bit \u0107e postavljene izlo\u017ebe:<\/p>\n\n\n\n<p><br><strong>Raseljena sje\u0107anja: o iseljavanju talijanskog stanovni\u0161tva tijekom i nakon II.<br><\/strong><strong>svjetskog rata<\/strong>, Documenta<\/p>\n\n\n\n<p><br><strong>Rapalska granica: \u010detvrt stolje\u0107a postojanja i stolje\u0107e ba\u0161tine i sje\u0107anja<\/strong>,<br>Odsjek za povijest, Filozofski fakultet u Ljubljani; autori: Bo\u017eo Repe<br>i suradnici<\/p>\n\n\n\n<p><br><strong>Zavod za hrvatsku povijest 1971.-2021.<\/strong>, Odsjek za povijest Filozofskog<br>fakulteta u Zagrebu; autori: Stela Kos, Silvija Pisk, Ante Lepur, Vinko<br>Udiljak, Borna Rajzer i Orsat Vukas<\/p>\n\n\n\n<p><br><strong>Mi gradimo pruge, pruge grade nas<\/strong>, Muzeji Hrvatskog zagorja, Muzej \u201eStaro<br>selo\u201c Kumrovec; autorica: Vlatka Filip\u010di\u0107 Maligec (https:\/\/www.<br>youtube.com\/watch?v=ip0xhto5Y38)<\/p>\n\n\n\n<p><br><strong>Tko su bili ti stra\u0161ni Hrvati?<\/strong>, Hrvatski dr\u017eavni arhiv; autor: Damir Stani\u0107;<br>stru\u010dna suradnja: Vladimir Brnardi\u0107; karte i kronologiju izradio Filip<br>Hren, a prijevod s latinskog Maja Pajni\u0107<\/p>\n\n\n\n<hr class=\"wp-block-separator\"\/>\n\n\n\n<p><br>U holu Filozofskog fakulteta Sveu\u010dili\u0161ta u Zagrebu mo\u0107i \u0107e se razgledati izlo\u017eba<br><strong>Hrvatsko-ukrajinski odnosi i paralele, iz vizure Filozofskog fakulteta u<br>Zagrebu<\/strong>.<\/p>\n\n\n\n<hr class=\"wp-block-separator\"\/>\n\n\n\n<p><br>U vestibulu Sveu\u010dili\u0161ta u Zagrebu mo\u0107i \u0107e se razgledati izlo\u017eba <strong>Pri\u010da o kravati<\/strong>.<br>Organizatori: Sveu\u010dili\u0161te u Zagrebu i Academia Cravatica \/ Otvorenje izlo\u017ebe:<br>srijeda, 18. svibnja u 11.00 sati u vestibulu Sveu\u010dili\u0161ta u Zagrebu \/<br>Na otvaranju \u0107e govoriti: prof. dr. sc. Damir Boras, rektor Sveu\u010dili\u0161ta<br>u Zagrebu, i gosp. Marijan Bu\u0161i\u0107, ravnatelj Academie Cravatice<\/p>\n\n\n\n<hr class=\"wp-block-separator\"\/>\n\n\n\n<p><strong>Doga\u0111anja koja prate izlo\u017ebe:<\/strong><\/p>\n\n\n\n<hr class=\"wp-block-separator\"\/>\n\n\n\n<p><strong>Utorak, 17. svibnja 2022.<\/strong><\/p>\n\n\n\n<p>Nacionalna i sveu\u010dili\u0161na knji\u017enica<\/p>\n\n\n\n<p>POZORNICA II.<\/p>\n\n\n\n<p>10.15-10.45 Predstavljanje izlo\u017ebe <strong>Raseljena sje\u0107anja: o iseljavanju talijanskog stanovni\u0161tva tijekom i nakon II. svjetskog rata<\/strong><\/p>\n\n\n\n<p>Sudjeluju: Vesna Ter\u0161eli\u010d, Jurica Vitkovi\u0107, Ivan \u0106ori\u0107, Luka Hranjec<\/p>\n\n\n\n<p>13.00-13.45 Predstavljanje projekta <strong>Rapalska granica: \u010detvrt stolje\u0107a postojanja i<\/strong><strong>stolje\u0107e ba\u0161tine i sje\u0107anja<br><\/strong>Sudjeluju: Bojan Balkovec, Bo\u017eo Flaj\u0161man, Peter Mik\u0161a, Bo\u017eo Repe<\/p>\n\n\n\n<p>17.30-18.00 Predstavljanje izlo\u017ebe <strong>Zavod za hrvatsku povijest 1971.-2021.<\/strong><br>Sudjeluju: Branka Boban, Silvija Pisk, Zvjezdana Sikiri\u0107 Assouline<\/p>\n\n\n\n<hr class=\"wp-block-separator\"\/>\n\n\n\n<p><strong>Srijeda, 18. svibnja 2022.<\/strong><\/p>\n\n\n\n<p>Nacionalna i sveu\u010dili\u0161na knji\u017enica<\/p>\n\n\n\n<p>POZORNICA II.<\/p>\n\n\n\n<p>16.00-16.45 Predstavljanje knjige \u017deljka Kolveshi, <strong>Zagreb \/ Grad. Ljudi. \u017divot<\/strong>, Muzej<br>grada Zagreba<br>Sudjeluju: \u017deljka Kolveshi, Vlatka Filip\u010di\u0107 Maligec<\/p>\n\n\n\n<hr class=\"wp-block-separator\"\/>\n\n\n\n<p><strong>\u010cetvrtak, 19. svibnja<\/strong><\/p>\n\n\n\n<p>Nacionalna i sveu\u010dili\u0161na knji\u017enica<\/p>\n\n\n\n<p>POZORNICA II.<\/p>\n\n\n\n<p>15.15-16.00 Predavanje Damir Stani\u0107 <strong>\u201eHrvatski vojnici u Tridesetogodi\u0161njem ratu\u201c \/ uz izlo\u017ebu \u201eStra\u0161ni Hrvati\u201c<\/strong><\/p>\n\n\n\n<hr class=\"wp-block-separator\"\/>\n","protected":false},"excerpt":{"rendered":"","protected":false},"author":2,"featured_media":31376,"comment_status":"open","ping_status":"open","sticky":false,"template":"","format":"standard","meta":{"_acf_changed":false,"jetpack_post_was_ever_published":false,"_jetpack_newsletter_access":"","_jetpack_dont_email_post_to_subs":false,"_jetpack_newsletter_tier_id":0,"_jetpack_memberships_contains_paywalled_content":false,"_jetpack_memberships_contains_paid_content":false,"footnotes":"","jetpack_publicize_message":"","jetpack_publicize_feature_enabled":true,"jetpack_social_post_already_shared":true,"jetpack_social_options":{"image_generator_settings":{"template":"highway","default_image_id":0,"font":"","enabled":false},"version":2}},"categories":[10,3],"tags":[],"class_list":["post-31375","post","type-post","status-publish","format-standard","has-post-thumbnail","hentry","category-izlozbe","category-novosti"],"acf":{"facebook_opis":""},"jetpack_publicize_connections":[],"jetpack_featured_media_url":"https:\/\/i0.wp.com\/historiografija.hr\/wp-content\/uploads\/2022\/05\/Klio.jpg?fit=1488%2C1988&ssl=1","jetpack_sharing_enabled":true,"jetpack-related-posts":[],"_links":{"self":[{"href":"https:\/\/historiografija.hr\/index.php?rest_route=\/wp\/v2\/posts\/31375","targetHints":{"allow":["GET"]}}],"collection":[{"href":"https:\/\/historiografija.hr\/index.php?rest_route=\/wp\/v2\/posts"}],"about":[{"href":"https:\/\/historiografija.hr\/index.php?rest_route=\/wp\/v2\/types\/post"}],"author":[{"embeddable":true,"href":"https:\/\/historiografija.hr\/index.php?rest_route=\/wp\/v2\/users\/2"}],"replies":[{"embeddable":true,"href":"https:\/\/historiografija.hr\/index.php?rest_route=%2Fwp%2Fv2%2Fcomments&post=31375"}],"version-history":[{"count":2,"href":"https:\/\/historiografija.hr\/index.php?rest_route=\/wp\/v2\/posts\/31375\/revisions"}],"predecessor-version":[{"id":31378,"href":"https:\/\/historiografija.hr\/index.php?rest_route=\/wp\/v2\/posts\/31375\/revisions\/31378"}],"wp:featuredmedia":[{"embeddable":true,"href":"https:\/\/historiografija.hr\/index.php?rest_route=\/wp\/v2\/media\/31376"}],"wp:attachment":[{"href":"https:\/\/historiografija.hr\/index.php?rest_route=%2Fwp%2Fv2%2Fmedia&parent=31375"}],"wp:term":[{"taxonomy":"category","embeddable":true,"href":"https:\/\/historiografija.hr\/index.php?rest_route=%2Fwp%2Fv2%2Fcategories&post=31375"},{"taxonomy":"post_tag","embeddable":true,"href":"https:\/\/historiografija.hr\/index.php?rest_route=%2Fwp%2Fv2%2Ftags&post=31375"}],"curies":[{"name":"wp","href":"https:\/\/api.w.org\/{rel}","templated":true}]}}