{"id":31317,"date":"2022-05-13T18:22:03","date_gmt":"2022-05-13T18:22:03","guid":{"rendered":"http:\/\/historiografija.hr\/?p=31317"},"modified":"2022-05-13T18:22:03","modified_gmt":"2022-05-13T18:22:03","slug":"predavanje-kristijana-kuhara-konstantin-filozof-sveti-ciril-i-njegov-lik-u-zapadnom-crkvenom-nasljedu","status":"publish","type":"post","link":"https:\/\/historiografija.hr\/?p=31317","title":{"rendered":"Predavanje Kristijana Kuhara: Konstantin Filozof \u2013 sveti \u0106iril i njegov lik u zapadnom crkvenom naslje\u0111u"},"content":{"rendered":"\n<p>Utorak, 17. svibnja 2022. u 19:00 sati, Dvorana Jure Petri\u010devi\u0107a, Ulica Matice hrvatske 2, Strossmayerov trg 4, Zagreb<\/p>\n\n\n\n<hr class=\"wp-block-separator\"\/>\n\n\n\n<p>Konstantin Filozof, poznat u kr\u0161\u0107anstvu kao sveti \u0106iril, zajedno sa svojim bratom svetim Metodom, suza\u0161titnik je Europe. Njegov sveta\u010dki lik zapadnoj Crkvi nije bio poznat i priznat sve do 1880. godine, premda je \u0161tovan na prostorima hrvatskoga glagolja\u0161tva.<\/p>\n\n\n\n<p>Ovo izlaganje, koje prati 1195. obljetnicu njegova ro\u0111enja (626.\/627.), prikazat \u0107e koje je to sveta\u010dke vrline svetoga \u0106irila prepoznala zapadna Crkva te ga zajedno s bratom sv. Metodom uvrstila me\u0111u svece zapadne Crkve i suza\u0161titnike Europe. Izlaganje prati tradiciju od \u010ditanja u liturgiji \u010dasova hrvatskoglagoljskih brevijara i molitava, do u\u010denja rimskih prvosve\u0107enika Lava XIII., sv. Ivana Pavla II. i Benedikta XVI.<\/p>\n\n\n\n<hr class=\"wp-block-separator\"\/>\n\n\n\n<p>Predavanje je mogu\u0107e pratiti i putem Zoom sastanka<\/p>\n\n\n\n<p><a href=\"https:\/\/us06web.zoom.us\/j\/89987612954?pwd=eUZCZFgvY3N6T0dWUW4vNHlPcWxiUT09\">https:\/\/us06web.zoom.us\/j\/89987612954?pwd=eUZCZFgvY3N6T0dWUW4vNHlPcWxiUT09<\/a><\/p>\n\n\n\n<p>Meeting ID: 899 8761 2954<\/p>\n\n\n\n<p>Passcode: 914394<\/p>\n\n\n\n<hr class=\"wp-block-separator\"\/>\n\n\n\n<p>Izvor:<\/p>\n\n\n\n<p><a href=\"https:\/\/www.matica.hr\/zbivanja\/predavanje-kristijana-kuhara-konstantin-filozof-sveti-ciril-i-njegov-lik-u-zapadnom-crkvenom-nasljeu-3354\/\">https:\/\/www.matica.hr\/zbivanja\/predavanje-kristijana-kuhara-konstantin-filozof-sveti-ciril-i-njegov-lik-u-zapadnom-crkvenom-nasljeu-3354\/<\/a><\/p>\n\n\n\n<hr class=\"wp-block-separator\"\/>\n","protected":false},"excerpt":{"rendered":"","protected":false},"author":2,"featured_media":31318,"comment_status":"open","ping_status":"open","sticky":false,"template":"","format":"standard","meta":{"_acf_changed":false,"_jetpack_newsletter_access":"","_jetpack_dont_email_post_to_subs":false,"_jetpack_newsletter_tier_id":0,"_jetpack_memberships_contains_paywalled_content":false,"_jetpack_memberships_contains_paid_content":false,"footnotes":"","jetpack_publicize_message":"","jetpack_publicize_feature_enabled":true,"jetpack_social_post_already_shared":true,"jetpack_social_options":{"image_generator_settings":{"template":"highway","default_image_id":0,"font":"","enabled":false},"version":2},"jetpack_post_was_ever_published":false},"categories":[3],"tags":[],"class_list":["post-31317","post","type-post","status-publish","format-standard","has-post-thumbnail","hentry","category-novosti"],"acf":{"facebook_opis":""},"jetpack_publicize_connections":[],"jetpack_featured_media_url":"https:\/\/i0.wp.com\/historiografija.hr\/wp-content\/uploads\/2022\/05\/Kuhar-predavanje.jpg?fit=960%2C453&ssl=1","jetpack_sharing_enabled":true,"jetpack-related-posts":[{"id":53723,"url":"https:\/\/historiografija.hr\/?p=53723","url_meta":{"origin":31317,"position":0},"title":"Od Krle\u017ee i Galicije do DNK ranih Slavena: Leksikografski zavod suorganizirao slavisti\u010dki kolokvij u Lavovu","author":"Filip \u0160imunjak","date":"26. svibnja 2026.","format":false,"excerpt":"Leksikografski zavod Miroslav Krle\u017ea suorganizator 33. me\u0111unarodnoga slavisti\u010dkoga kolokvija u LavovuZAGREB\/LAVOV, 22. svibnja 2026. \u2013 Leksikografski zavod Miroslav Krle\u017ea jedan je od suorganizatora 33. me\u0111unarodnoga slavisti\u010dkoga kolokvija koji je 21. i 22. svibnja odr\u017ean u organizaciji i doma\u0107instvu Dr\u017eavnog sveu\u010dili\u0161ta Ivana Franka u Lavovu. Zbog ratnih okolnosti u Ukrajini vi\u0161e\u2026","rel":"","context":"U &quot;Novosti&quot;","block_context":{"text":"Novosti","link":"https:\/\/historiografija.hr\/?cat=3"},"img":{"alt_text":"","src":"https:\/\/i0.wp.com\/historiografija.hr\/wp-content\/uploads\/2026\/05\/Od-Krleze-i-Galicije-do-DNK-ranih-Slavena-scaled.jpg?fit=1200%2C771&ssl=1&resize=350%2C200","width":350,"height":200,"srcset":"https:\/\/i0.wp.com\/historiografija.hr\/wp-content\/uploads\/2026\/05\/Od-Krleze-i-Galicije-do-DNK-ranih-Slavena-scaled.jpg?fit=1200%2C771&ssl=1&resize=350%2C200 1x, https:\/\/i0.wp.com\/historiografija.hr\/wp-content\/uploads\/2026\/05\/Od-Krleze-i-Galicije-do-DNK-ranih-Slavena-scaled.jpg?fit=1200%2C771&ssl=1&resize=525%2C300 1.5x, https:\/\/i0.wp.com\/historiografija.hr\/wp-content\/uploads\/2026\/05\/Od-Krleze-i-Galicije-do-DNK-ranih-Slavena-scaled.jpg?fit=1200%2C771&ssl=1&resize=700%2C400 2x, https:\/\/i0.wp.com\/historiografija.hr\/wp-content\/uploads\/2026\/05\/Od-Krleze-i-Galicije-do-DNK-ranih-Slavena-scaled.jpg?fit=1200%2C771&ssl=1&resize=1050%2C600 3x"},"classes":[]},{"id":54587,"url":"https:\/\/historiografija.hr\/?p=54587","url_meta":{"origin":31317,"position":1},"title":"Odr\u017ean okrugli stol \u201cEuropa danas: izazovi, identitet, budu\u0107nost\u201c u Splitu","author":"Branimir Jankovi\u0107","date":"14. srpnja 2026.","format":false,"excerpt":"Na blagdan svetoga Benedikta, suza\u0161titnika Europe i nebeskog za\u0161titnika Hrvatske udruge Benedikt, u Splitu je u subotu, 11. srpnja 2026., odr\u017ean sve\u010dani program kojim je ujedno obilje\u017eena i 15. obljetnica djelovanja udruge. Program je okupio velik broj sudionika i uzvanika, a crkva sv. Katarine Aleksandrijske tijekom misnog slavlja te dvorana\u2026","rel":"","context":"U &quot;Novosti&quot;","block_context":{"text":"Novosti","link":"https:\/\/historiografija.hr\/?cat=3"},"img":{"alt_text":"","src":"https:\/\/i0.wp.com\/historiografija.hr\/wp-content\/uploads\/2026\/07\/Split-okrugli-stol-scaled.jpg?fit=1200%2C900&ssl=1&resize=350%2C200","width":350,"height":200,"srcset":"https:\/\/i0.wp.com\/historiografija.hr\/wp-content\/uploads\/2026\/07\/Split-okrugli-stol-scaled.jpg?fit=1200%2C900&ssl=1&resize=350%2C200 1x, https:\/\/i0.wp.com\/historiografija.hr\/wp-content\/uploads\/2026\/07\/Split-okrugli-stol-scaled.jpg?fit=1200%2C900&ssl=1&resize=525%2C300 1.5x, https:\/\/i0.wp.com\/historiografija.hr\/wp-content\/uploads\/2026\/07\/Split-okrugli-stol-scaled.jpg?fit=1200%2C900&ssl=1&resize=700%2C400 2x, https:\/\/i0.wp.com\/historiografija.hr\/wp-content\/uploads\/2026\/07\/Split-okrugli-stol-scaled.jpg?fit=1200%2C900&ssl=1&resize=1050%2C600 3x"},"classes":[]},{"id":54858,"url":"https:\/\/historiografija.hr\/?p=54858","url_meta":{"origin":31317,"position":2},"title":"Otvorena izlo\u017eba \u201eJadransko i jonsko brodovlje u novom vijeku (1650. \u2013 1850.)\u201c u Trstu","author":"Filip \u0160imunjak","date":"3. kolovoza 2026.","format":false,"excerpt":"Pomorski muzej u Trstu, Magazzino 26, prizemlje, 30. srpnja \u2013 20. rujna 2026. Izlo\u017eba je nastala na temelju analize pribli\u017eno 20.000 dokumenata iz 18. stolje\u0107a koje su izradile razli\u010dite jadranske i jonske kancelarije. Rije\u010d je o zapisima o ulascima i izlascima brodova iz luka, registrima bratov\u0161tina pomoraca, registrima kapetana i\u2026","rel":"","context":"U &quot;Izlo\u017ebe&quot;","block_context":{"text":"Izlo\u017ebe","link":"https:\/\/historiografija.hr\/?cat=10"},"img":{"alt_text":"","src":"https:\/\/i0.wp.com\/historiografija.hr\/wp-content\/uploads\/2026\/08\/Jadransko-i-jonsko-brodovlje-izlozba.webp?fit=1200%2C667&ssl=1&resize=350%2C200","width":350,"height":200,"srcset":"https:\/\/i0.wp.com\/historiografija.hr\/wp-content\/uploads\/2026\/08\/Jadransko-i-jonsko-brodovlje-izlozba.webp?fit=1200%2C667&ssl=1&resize=350%2C200 1x, https:\/\/i0.wp.com\/historiografija.hr\/wp-content\/uploads\/2026\/08\/Jadransko-i-jonsko-brodovlje-izlozba.webp?fit=1200%2C667&ssl=1&resize=525%2C300 1.5x, https:\/\/i0.wp.com\/historiografija.hr\/wp-content\/uploads\/2026\/08\/Jadransko-i-jonsko-brodovlje-izlozba.webp?fit=1200%2C667&ssl=1&resize=700%2C400 2x, https:\/\/i0.wp.com\/historiografija.hr\/wp-content\/uploads\/2026\/08\/Jadransko-i-jonsko-brodovlje-izlozba.webp?fit=1200%2C667&ssl=1&resize=1050%2C600 3x"},"classes":[]},{"id":53483,"url":"https:\/\/historiografija.hr\/?p=53483","url_meta":{"origin":31317,"position":3},"title":"II. sociohistorijska radionica: \u010cemu teorija?","author":"Branimir Jankovi\u0107","date":"20. svibnja 2026.","format":false,"excerpt":"U subotu, 23. svibnja 2026. na Filozofskom fakultetu u Osijeku bit \u0107e odr\u017eana II. sociohistorijska radionica. Ovogodi\u0161nja radionica odvija se pod krovnom temom \u010cemu teorija? Devetero sudionika nastojat \u0107e sa\u017eeto predstaviti teorijsko-metodolo\u0161ke modele koje primjenjuju pri izradi vlastitih diplomskih i doktorskih radova iz moderne i suvremene povijesti. Plenarno izlaganje odr\u017eat\u2026","rel":"","context":"U &quot;Novosti&quot;","block_context":{"text":"Novosti","link":"https:\/\/historiografija.hr\/?cat=3"},"img":{"alt_text":"","src":"https:\/\/i0.wp.com\/historiografija.hr\/wp-content\/uploads\/2026\/05\/II-sociohistorijska-radionica.jpg?fit=1200%2C558&ssl=1&resize=350%2C200","width":350,"height":200,"srcset":"https:\/\/i0.wp.com\/historiografija.hr\/wp-content\/uploads\/2026\/05\/II-sociohistorijska-radionica.jpg?fit=1200%2C558&ssl=1&resize=350%2C200 1x, https:\/\/i0.wp.com\/historiografija.hr\/wp-content\/uploads\/2026\/05\/II-sociohistorijska-radionica.jpg?fit=1200%2C558&ssl=1&resize=525%2C300 1.5x, https:\/\/i0.wp.com\/historiografija.hr\/wp-content\/uploads\/2026\/05\/II-sociohistorijska-radionica.jpg?fit=1200%2C558&ssl=1&resize=700%2C400 2x, https:\/\/i0.wp.com\/historiografija.hr\/wp-content\/uploads\/2026\/05\/II-sociohistorijska-radionica.jpg?fit=1200%2C558&ssl=1&resize=1050%2C600 3x"},"classes":[]},{"id":54271,"url":"https:\/\/historiografija.hr\/?p=54271","url_meta":{"origin":31317,"position":4},"title":"Slobodan Prosperov Novak, &#8220;Grga Novak. \u017divot i djela&#8221;","author":"Branimir Jankovi\u0107","date":"23. lipnja 2026.","format":false,"excerpt":"Biografija Grga Novak: \u017divot i djela donosi pri\u010du o hvarskom znanstveniku i arheologu, jedinom Hrvatu s vite\u0161kim naslovom sir, kojeg je odlikovala kraljica Elizabeta II. Slobodan Prosperov Novak prati njegov put od siroma\u0161tva do vrha akademije kroz re\u017eime XX. stolje\u0107a. Grga Novak jedan je od najfascinantnijih na\u0161ih znanstvenika u dvadesetom\u2026","rel":"","context":"U &quot;Knjige&quot;","block_context":{"text":"Knjige","link":"https:\/\/historiografija.hr\/?cat=8"},"img":{"alt_text":"","src":"https:\/\/i0.wp.com\/historiografija.hr\/wp-content\/uploads\/2026\/06\/grga-novak-slobodan-prosperov-novak-knjiga.jpg?fit=768%2C431&ssl=1&resize=350%2C200","width":350,"height":200,"srcset":"https:\/\/i0.wp.com\/historiografija.hr\/wp-content\/uploads\/2026\/06\/grga-novak-slobodan-prosperov-novak-knjiga.jpg?fit=768%2C431&ssl=1&resize=350%2C200 1x, https:\/\/i0.wp.com\/historiografija.hr\/wp-content\/uploads\/2026\/06\/grga-novak-slobodan-prosperov-novak-knjiga.jpg?fit=768%2C431&ssl=1&resize=525%2C300 1.5x, https:\/\/i0.wp.com\/historiografija.hr\/wp-content\/uploads\/2026\/06\/grga-novak-slobodan-prosperov-novak-knjiga.jpg?fit=768%2C431&ssl=1&resize=700%2C400 2x"},"classes":[]},{"id":54300,"url":"https:\/\/historiografija.hr\/?p=54300","url_meta":{"origin":31317,"position":5},"title":"Promocija knjige \u201e\u017dupa sveti Petar \u010cvrstec\u201d","author":"Filip \u0160imunjak","date":"25. lipnja 2026.","format":false,"excerpt":"U \u017eupu Sv. Petar \u010cvrstec stigla je dugo o\u010dekivana monografija koja obra\u0111uje povijest mjesta i \u017eupne zajednice. Promocija monografije odr\u017eat \u0107e u nedjelju 28. lipnja, u 12:30 sati, u \u017eupnoj crkvi \u017eupe svetog Petra i Pavla u Svetom Petru \u010cvrstecu. Autori monografije su: Vedrana Rada i \u0110uro \u0160kvorc. Detaljnije: https:\/\/krizevci.tv\/2026\/06\/10\/monografija-zupe-sv-petar-cvrstec-stigla-promocija-krajem-lipnja\/","rel":"","context":"U &quot;Knjige&quot;","block_context":{"text":"Knjige","link":"https:\/\/historiografija.hr\/?cat=8"},"img":{"alt_text":"","src":"https:\/\/i0.wp.com\/historiografija.hr\/wp-content\/uploads\/2026\/06\/Zupa-svetih-Petar-Cvrstec.jpg?fit=723%2C1024&ssl=1&resize=350%2C200","width":350,"height":200,"srcset":"https:\/\/i0.wp.com\/historiografija.hr\/wp-content\/uploads\/2026\/06\/Zupa-svetih-Petar-Cvrstec.jpg?fit=723%2C1024&ssl=1&resize=350%2C200 1x, https:\/\/i0.wp.com\/historiografija.hr\/wp-content\/uploads\/2026\/06\/Zupa-svetih-Petar-Cvrstec.jpg?fit=723%2C1024&ssl=1&resize=525%2C300 1.5x, https:\/\/i0.wp.com\/historiografija.hr\/wp-content\/uploads\/2026\/06\/Zupa-svetih-Petar-Cvrstec.jpg?fit=723%2C1024&ssl=1&resize=700%2C400 2x"},"classes":[]}],"_links":{"self":[{"href":"https:\/\/historiografija.hr\/index.php?rest_route=\/wp\/v2\/posts\/31317","targetHints":{"allow":["GET"]}}],"collection":[{"href":"https:\/\/historiografija.hr\/index.php?rest_route=\/wp\/v2\/posts"}],"about":[{"href":"https:\/\/historiografija.hr\/index.php?rest_route=\/wp\/v2\/types\/post"}],"author":[{"embeddable":true,"href":"https:\/\/historiografija.hr\/index.php?rest_route=\/wp\/v2\/users\/2"}],"replies":[{"embeddable":true,"href":"https:\/\/historiografija.hr\/index.php?rest_route=%2Fwp%2Fv2%2Fcomments&post=31317"}],"version-history":[{"count":1,"href":"https:\/\/historiografija.hr\/index.php?rest_route=\/wp\/v2\/posts\/31317\/revisions"}],"predecessor-version":[{"id":31319,"href":"https:\/\/historiografija.hr\/index.php?rest_route=\/wp\/v2\/posts\/31317\/revisions\/31319"}],"wp:featuredmedia":[{"embeddable":true,"href":"https:\/\/historiografija.hr\/index.php?rest_route=\/wp\/v2\/media\/31318"}],"wp:attachment":[{"href":"https:\/\/historiografija.hr\/index.php?rest_route=%2Fwp%2Fv2%2Fmedia&parent=31317"}],"wp:term":[{"taxonomy":"category","embeddable":true,"href":"https:\/\/historiografija.hr\/index.php?rest_route=%2Fwp%2Fv2%2Fcategories&post=31317"},{"taxonomy":"post_tag","embeddable":true,"href":"https:\/\/historiografija.hr\/index.php?rest_route=%2Fwp%2Fv2%2Ftags&post=31317"}],"curies":[{"name":"wp","href":"https:\/\/api.w.org\/{rel}","templated":true}]}}