{"id":31314,"date":"2022-05-12T16:20:15","date_gmt":"2022-05-12T16:20:15","guid":{"rendered":"http:\/\/historiografija.hr\/?p=31314"},"modified":"2022-05-12T16:20:15","modified_gmt":"2022-05-12T16:20:15","slug":"deveti-festival-povijesti-kliofest-17-20-svibnja-2022-2","status":"publish","type":"post","link":"https:\/\/historiografija.hr\/?p=31314","title":{"rendered":"Deveti Festival povijesti \u2013 Kliofest (17-20. svibnja 2022.)"},"content":{"rendered":"\n<p>Devetu smo godinu zajedno na Festivalu povijesti Kliofest. Iza nas su dvije godine pandemije i rada u novim okolnostima \u2013 2020. posve online, 2021. hibridno \u2013 s malenim brojem sudionika u\u017eivo i online prijenosom svih doga\u0111anja. Ove godine naglasak vra\u0107amo na dru\u017eenje u\u017eivo, ali program djelomice (zapravo ve\u0107im dijelom) prenosimo i preko youtube kanala. A najva\u017enije \u2013 na Kliofest se osim autora vra\u0107aju i knjige: na \u0161tandovima u Nacionalnoj i sveu\u010dili\u0161noj knji\u017enici mogu se nabaviti najnovija, ali i sva ostala povijesna izdanja hrvatskih i inozemnih nakladnika. Naravno, uz odgovaraju\u0107e popuste vjernim kupcima.<\/p>\n\n\n\n<p>Ove je godine nekoliko okruglih stolova \u2013 dva su posve\u0107ena povjesni\u010darima i metodama njihova rada: govorit \u0107e se o hrvatskoj historiografiji izme\u0111u tradicionalnosti i modernosti te o mikrohistoriji; jedan je posve\u0107en temi koja nas sna\u017eno zaokuplja u posljednja dva mjeseca \u2013 agresiji Rusije na Ukrajinu, a jedan odnosima Kine i jugoisto\u010dne Europe. Na tribinama \u0107e se govoriti o perspektivama istra\u017eivanja srednjoeuropske povijesti, mogu\u0107nostima boljeg upoznavanja povijesti susjeda Slovenaca, problematici \u017eenskih dnevnika i zapisa u me\u0111ura\u0107u, a obilje\u017eit \u0107e se i deset godina rada Centra za povijesna i kulturolo\u0161ka istra\u017eivanja socijalizma te izlazak devetog sveska <em>Hrvatskoga biografskog leksikona<\/em>.<\/p>\n\n\n\n<p>Bit \u0107e predstavljene brojne nove knjige razli\u010dite tematike, od prapovijesti do suvremenosti\u2026 i to ne samo hrvatske povijesti, ve\u0107 i europske i svjetske tematike. Imamo i dva kviza \u2013 oba prire\u0111uju studenti Filozofskog fakulteta. Na ovogodi\u0161njem \u0107e Kliofestu, kao i ranijih godina, sudjelovati i niz inozemnih sudionika \u2013 iz Austrije, Bosne i Hercegovine, Bugarske, Kine, Ma\u0111arske, Njema\u010dke, Slovenije, Srbije, Ukrajine i dr.<\/p>\n\n\n\n<p>Na\u0161i su suradnici priredili ili za festival posudili nekoliko izlo\u017ebi: jedna je multimedijalna \u2013 o sje\u0107anjima na iseljavanje Talijana polovicom 20. stolje\u0107a, druga je posve\u0107ena 50. obljetnici Zavoda za hrvatsku povijest Filozofskog fakulteta u Zagrebu, tre\u0107a govori o rapalskim granicama (u povodu 100. obljetnice sporazuma), \u010detvrta o akcija\u0161kim danima u doba socijalizma\u2026 jedna je pak o Hrvatima u Tridesetogodi\u0161njem ratu\u2026<\/p>\n\n\n\n<p>Obnavljamo i Dan povijesti, koji je prije dvije godine bio odgo\u0111en, a lani odr\u017ean u manjem broju mjesta. Ove \u0107e se godine 20. svibnja (ili neki drugi dan) povjesni\u010dari predstaviti u nizu gradova i mjesta diljem zemlje.<\/p>\n\n\n\n<p>Ove \u0107emo godine programske aktivnosti zavr\u0161iti u petak ne\u0161to iza podneva dodjelom nagrada povjesni\u010darima u nekoliko kategorija.<\/p>\n\n\n\n<p>Glavni dio programa odvija se u Nacionalnoj i sveu\u010dili\u0161noj knji\u017enici u Zagrebu \u2013 ove godine ponovno na dvije pozornice, a nekoliko promocija knjiga bit \u0107e u Knji\u017enici i \u010ditaonici Bogdana Ogrizovi\u0107a i jedan okrugli stol u Hrvatskom dr\u017eavnom arhivu.<\/p>\n\n\n\n<div class=\"wp-block-file\"><a href=\"https:\/\/historiografija.hr\/wp-content\/uploads\/2022\/05\/Kliofest_2022_program.pdf\">Kliofest_2022_program<\/a><a href=\"https:\/\/historiografija.hr\/wp-content\/uploads\/2022\/05\/Kliofest_2022_program.pdf\" class=\"wp-block-file__button\" download>Preuzmi<\/a><\/div>\n\n\n\n<p>Dan povijesti \u2013 program (uskoro!)<\/p>\n\n\n\n<hr class=\"wp-block-separator\"\/>\n\n\n\n<p><strong>Kliofest 2022. \u2013 najava i program<\/strong><\/p>\n\n\n\n<p>Nakon dvije godine \u201enovog normalnog\u201c, deveto izdanje Festivala povijesti Kliofesta vra\u0107a se u punom formatu! <strong>Od 17. do 20. svibnja<\/strong> u <strong>Nacionalnoj i sveu\u010dili\u0161noj knji\u017enic<\/strong>i, Knji\u017enici Bogdana Ogrizovi\u0107a i Hrvatskom dr\u017eavnom arhivu u Zagrebu te na nekoliko lokacija diljem zemlje predstavit \u0107e vam se najbolje i najaktualnije od doma\u0107e i inozemne historiografske produkcije. O\u010dekuje nas niz okruglih stolova i tribina, od onih posve\u0107enih \u201ezanatu povjesni\u010dara\u201c do rasprava vezanih za <strong>rat u Ukrajini<\/strong>, odnose Kine i jugoisto\u010dne Europe, \u017eensku povijest, povijest Slovenaca i dr.<\/p>\n\n\n\n<p>Predstavit \u0107e nam se i gotovo <strong>40 novih historiografskih izdanja<\/strong>. Kad je o knjigama rije\u010d, i ove godine u auli NSK mo\u017eete obi\u0107i <strong>prigodni sajam<\/strong> na kojem \u0107e naslove po promotivnim cijenama ponuditi pedesetak najzna\u010dajnijih doma\u0107ih nakladnika s podru\u010dja dru\u0161tveno-humanisti\u010dkih znanosti (radno vrijeme sajma: <strong>10-19 h<\/strong>; pet: <strong>10-16 h<\/strong>). U raspravama i promocijama sudjelovat \u0107e i niz sudionika iz inozemstva (Austrije, Bosne i Hercegovine, Bugarske, Kine, Ma\u0111arske, Njema\u010dke, Slovenije, Srbije, Ukrajine i dr.)<\/p>\n\n\n\n<p>Osim pet tematskih <strong>izlo\u017ebi<\/strong> (o iseljavanju Talijana nakon Drugog svjetskog rata, radnim akcijama, Hrvatima u Tridesetogodi\u0161njem ratu\u2026), o\u010dekuju nas i dva povjesni\u010darska <strong>pub-kviza<\/strong>. Festival \u0107e zavr\u0161iti u petak 20. svibnja tradicionalnomdodjelom<strong> nagrada najboljim povjesni\u010darima<\/strong> u nekoliko kategorija.<\/p>\n\n\n\n<p>Najve\u0107i dio doga\u0111anja prenosit \u0107e se i putem <a rel=\"noreferrer noopener\" href=\"https:\/\/www.youtube.com\/channel\/UCx3zjVJgoz_WpvprYF1lvQw\" target=\"_blank\">Kliofest Youtube<\/a> kanala. Detaljni program Festivala pogledajte <a href=\"https:\/\/www.kliofest.hr\/wp-content\/uploads\/2022\/05\/Kliofest-2022-program-preview-edt.pdf\">ovdje<\/a>, a sve festivalske novosti pratite i putem <a rel=\"noreferrer noopener\" href=\"https:\/\/web.facebook.com\/kliofest\" target=\"_blank\">Kliofest Facebooka<\/a>.<\/p>\n\n\n\n<hr class=\"wp-block-separator\"\/>\n\n\n\n<p>Izvor: <a href=\"https:\/\/www.kliofest.hr\/\">https:\/\/www.kliofest.hr\/<\/a><\/p>\n\n\n\n<hr class=\"wp-block-separator\"\/>\n\n\n\n<p><\/p>\n","protected":false},"excerpt":{"rendered":"","protected":false},"author":2,"featured_media":0,"comment_status":"open","ping_status":"open","sticky":false,"template":"","format":"standard","meta":{"_acf_changed":false,"jetpack_post_was_ever_published":false,"_jetpack_newsletter_access":"","_jetpack_dont_email_post_to_subs":false,"_jetpack_newsletter_tier_id":0,"_jetpack_memberships_contains_paywalled_content":false,"_jetpack_memberships_contains_paid_content":false,"footnotes":"","jetpack_publicize_message":"","jetpack_publicize_feature_enabled":true,"jetpack_social_post_already_shared":true,"jetpack_social_options":{"image_generator_settings":{"template":"highway","default_image_id":0,"font":"","enabled":false},"version":2}},"categories":[4],"tags":[],"class_list":["post-31314","post","type-post","status-publish","format-standard","hentry","category-osvrti"],"acf":{"facebook_opis":""},"jetpack_publicize_connections":[],"jetpack_featured_media_url":"","jetpack_sharing_enabled":true,"jetpack-related-posts":[],"_links":{"self":[{"href":"https:\/\/historiografija.hr\/index.php?rest_route=\/wp\/v2\/posts\/31314","targetHints":{"allow":["GET"]}}],"collection":[{"href":"https:\/\/historiografija.hr\/index.php?rest_route=\/wp\/v2\/posts"}],"about":[{"href":"https:\/\/historiografija.hr\/index.php?rest_route=\/wp\/v2\/types\/post"}],"author":[{"embeddable":true,"href":"https:\/\/historiografija.hr\/index.php?rest_route=\/wp\/v2\/users\/2"}],"replies":[{"embeddable":true,"href":"https:\/\/historiografija.hr\/index.php?rest_route=%2Fwp%2Fv2%2Fcomments&post=31314"}],"version-history":[{"count":1,"href":"https:\/\/historiografija.hr\/index.php?rest_route=\/wp\/v2\/posts\/31314\/revisions"}],"predecessor-version":[{"id":31315,"href":"https:\/\/historiografija.hr\/index.php?rest_route=\/wp\/v2\/posts\/31314\/revisions\/31315"}],"wp:attachment":[{"href":"https:\/\/historiografija.hr\/index.php?rest_route=%2Fwp%2Fv2%2Fmedia&parent=31314"}],"wp:term":[{"taxonomy":"category","embeddable":true,"href":"https:\/\/historiografija.hr\/index.php?rest_route=%2Fwp%2Fv2%2Fcategories&post=31314"},{"taxonomy":"post_tag","embeddable":true,"href":"https:\/\/historiografija.hr\/index.php?rest_route=%2Fwp%2Fv2%2Ftags&post=31314"}],"curies":[{"name":"wp","href":"https:\/\/api.w.org\/{rel}","templated":true}]}}