{"id":31303,"date":"2022-05-12T16:00:53","date_gmt":"2022-05-12T16:00:53","guid":{"rendered":"http:\/\/historiografija.hr\/?p=31303"},"modified":"2022-05-12T16:00:53","modified_gmt":"2022-05-12T16:00:53","slug":"predstavljanje-knjige-bojane-denegri-svjetlo-juga-slikar-rudolf-bunk-izmedu-njemacke-i-jugoslavije","status":"publish","type":"post","link":"https:\/\/historiografija.hr\/?p=31303","title":{"rendered":"Predstavljanje knjige Bojane Denegri \u201cSVJETLO JUGA. Slikar Rudolf Bunk izme\u0111u Njema\u010dke i Jugoslavije\u201d"},"content":{"rendered":"\n<p>Plejada d.o.o. iz Zagreba<\/p>\n\n\n\n<p>i Centar za komparativnohistorijske i interkulturne studije Filozofskog fakulteta u Zagrebu<\/p>\n\n\n\n<p>sa zadovoljstvom Vas pozivaju na predstavljanje knjige<\/p>\n\n\n\n<p><strong>dr.<\/strong>&nbsp;<strong>sc.<\/strong>&nbsp;<strong>Bojane Denegri<\/strong><\/p>\n\n\n\n<p><strong>SVJETLO JUGA<\/strong><\/p>\n\n\n\n<p><em>Slikar<\/em> <em>Rudolf Bunk izme\u0111u<\/em> <em>Njema\u010dke i Jugoslavije<\/em><\/p>\n\n\n\n<p><strong>u ponedjeljak, 16. svibnja 2022 . godine u 19 sati u Knji\u017enici i \u010ditaonici Bogdana Ogrizovi\u0107a Zagreb, Preradovi\u0107eva 5<\/strong><\/p>\n\n\n\n<p><strong>Knjigu \u0107e predstaviti:<\/strong><\/p>\n\n\n\n<p><strong>dr. sc. Drago Roksandi\u0107, prof. emeritus, autor pogovora i urednik<\/strong><\/p>\n\n\n\n<p><strong>dr. sc. Ana \u0160eparovi\u0107, recenzentica, povjesni\u010darka umjetnosti<\/strong><\/p>\n\n\n\n<p><strong>Sabina Ka\u0161telan\u010di\u0107, prof. engleskoga i njema\u010dkog jezika i knji\u017eevnosti<\/strong><\/p>\n\n\n\n<p><strong>Ilija Rani\u0107, urednik<\/strong><\/p>\n\n\n\n<hr class=\"wp-block-separator\"\/>\n\n\n\n<p>Izvori:<\/p>\n\n\n\n<figure class=\"wp-block-embed-wordpress wp-block-embed is-type-wp-embed is-provider-plejada-d-o-o\"><div class=\"wp-block-embed__wrapper\">\n<blockquote class=\"wp-embedded-content\" data-secret=\"lAsUGHMpPV\"><a href=\"https:\/\/www.plejada-zg.hr\/dragi-nasi-pozivamo-vas-na-promociju-knjige-bojane-denegri-knjiznica-bogdana-ogrizovica-16-5-2022-u-19h\/\">DRAGI NA\u0160I, POZIVAMO VAS NA PROMOCIJU KNJIGE dr. sc. BOJANE DENEGRI, KNJI\u017dNICA BOGDANA OGRIZOVI\u0106A, 16.5.2022. U 19h<\/a><\/blockquote><iframe loading=\"lazy\" class=\"wp-embedded-content\" sandbox=\"allow-scripts\" security=\"restricted\" style=\"position: absolute; clip: rect(1px, 1px, 1px, 1px);\" title=\"&#8220;DRAGI NA\u0160I, POZIVAMO VAS NA PROMOCIJU KNJIGE dr. sc. BOJANE DENEGRI, KNJI\u017dNICA BOGDANA OGRIZOVI\u0106A, 16.5.2022. U 19h&#8221; &#8212; Plejada d.o.o.\" src=\"https:\/\/www.plejada-zg.hr\/dragi-nasi-pozivamo-vas-na-promociju-knjige-bojane-denegri-knjiznica-bogdana-ogrizovica-16-5-2022-u-19h\/embed\/#?secret=lAsUGHMpPV\" data-secret=\"lAsUGHMpPV\" width=\"600\" height=\"338\" frameborder=\"0\" marginwidth=\"0\" marginheight=\"0\" scrolling=\"no\"><\/iframe>\n<\/div><\/figure>\n\n\n\n<p><a href=\"https:\/\/www.kgz.hr\/hr\/dogadjanja\/rudolf-bunk\/60541\">https:\/\/www.kgz.hr\/hr\/dogadjanja\/rudolf-bunk\/60541<\/a><\/p>\n\n\n\n<hr class=\"wp-block-separator\"\/>\n","protected":false},"excerpt":{"rendered":"","protected":false},"author":2,"featured_media":31304,"comment_status":"open","ping_status":"open","sticky":false,"template":"","format":"standard","meta":{"_acf_changed":false,"jetpack_post_was_ever_published":false,"_jetpack_newsletter_access":"","_jetpack_dont_email_post_to_subs":false,"_jetpack_newsletter_tier_id":0,"_jetpack_memberships_contains_paywalled_content":false,"_jetpack_memberships_contains_paid_content":false,"footnotes":"","jetpack_publicize_message":"","jetpack_publicize_feature_enabled":true,"jetpack_social_post_already_shared":true,"jetpack_social_options":{"image_generator_settings":{"template":"highway","default_image_id":0,"font":"","enabled":false},"version":2}},"categories":[3],"tags":[],"class_list":["post-31303","post","type-post","status-publish","format-standard","has-post-thumbnail","hentry","category-novosti"],"acf":{"facebook_opis":""},"jetpack_publicize_connections":[],"jetpack_featured_media_url":"https:\/\/i0.wp.com\/historiografija.hr\/wp-content\/uploads\/2022\/05\/Pozivnica-promocija-Svjetlo-juga.jpg?fit=971%2C1030&ssl=1","jetpack_sharing_enabled":true,"jetpack-related-posts":[],"_links":{"self":[{"href":"https:\/\/historiografija.hr\/index.php?rest_route=\/wp\/v2\/posts\/31303","targetHints":{"allow":["GET"]}}],"collection":[{"href":"https:\/\/historiografija.hr\/index.php?rest_route=\/wp\/v2\/posts"}],"about":[{"href":"https:\/\/historiografija.hr\/index.php?rest_route=\/wp\/v2\/types\/post"}],"author":[{"embeddable":true,"href":"https:\/\/historiografija.hr\/index.php?rest_route=\/wp\/v2\/users\/2"}],"replies":[{"embeddable":true,"href":"https:\/\/historiografija.hr\/index.php?rest_route=%2Fwp%2Fv2%2Fcomments&post=31303"}],"version-history":[{"count":1,"href":"https:\/\/historiografija.hr\/index.php?rest_route=\/wp\/v2\/posts\/31303\/revisions"}],"predecessor-version":[{"id":31305,"href":"https:\/\/historiografija.hr\/index.php?rest_route=\/wp\/v2\/posts\/31303\/revisions\/31305"}],"wp:featuredmedia":[{"embeddable":true,"href":"https:\/\/historiografija.hr\/index.php?rest_route=\/wp\/v2\/media\/31304"}],"wp:attachment":[{"href":"https:\/\/historiografija.hr\/index.php?rest_route=%2Fwp%2Fv2%2Fmedia&parent=31303"}],"wp:term":[{"taxonomy":"category","embeddable":true,"href":"https:\/\/historiografija.hr\/index.php?rest_route=%2Fwp%2Fv2%2Fcategories&post=31303"},{"taxonomy":"post_tag","embeddable":true,"href":"https:\/\/historiografija.hr\/index.php?rest_route=%2Fwp%2Fv2%2Ftags&post=31303"}],"curies":[{"name":"wp","href":"https:\/\/api.w.org\/{rel}","templated":true}]}}