{"id":31294,"date":"2022-05-12T13:05:47","date_gmt":"2022-05-12T13:05:47","guid":{"rendered":"http:\/\/historiografija.hr\/?p=31294"},"modified":"2022-05-12T13:07:51","modified_gmt":"2022-05-12T13:07:51","slug":"drustvo-za-urbanu-istoriju","status":"publish","type":"post","link":"https:\/\/historiografija.hr\/?p=31294","title":{"rendered":"Dru\u0161tvo za urbanu istoriju"},"content":{"rendered":"\n<p>Dru\u0161tvo za urbanu istoriju je nevladino i neprofitno udru\u017eenje gra\u0111ana, osnovano radi\u00a0 ostvarivanja ciljeva u oblasti nauke, kulture i istorijskog nasle\u0111a. Ciljevi dru\u0161tva su pokretanje i podsticanje multidisiplinarnih istra\u017eivanja iz oblasti urbane istorije, te promovisanje i popularizacija nau\u010dnih dostignu\u0107a istori\u010dara, filologa, geografa, sociologa, andropologa, istori\u010dara arhitekture i umetnosti i drugih nau\u010dnika koji prou\u010davaju istoriju gradova, predrga\u0111a i metropola. Podjednaku pa\u017enju posve\u0107ujemo i edukaciji i razvijanju svesti\u00a0 javnosti o va\u017enosti prou\u010davanja urbane istorije.Dru\u0161tvo nastoji da prikuplja i obra\u0111uje sadr\u017eaj arhivske gra\u0111e i stru\u010dne literature, organizuje samostalno, ili u zajednici sa drugim organizacijama, stru\u010dne skupove, savetovanja, seminare i druge oblike edukacije na kojima se prezentuju nau\u010dni rezultati, objavljuje knjige i druge publikacije o pitanjima koje se odnose na metodologiju istra\u017eivanja gradova, predgra\u0111a i metropola, nastoji da uspostavi saradnju sa drugim institucijama iz oblasti nauke i kulture\u2026<\/p>\n\n\n\n<figure class=\"wp-block-embed-wordpress wp-block-embed is-type-wp-embed is-provider-dru-scaron-tvo-za-urbanu-istoriju\"><div class=\"wp-block-embed__wrapper\">\n<blockquote class=\"wp-embedded-content\" data-secret=\"WbCP9tjbpz\"><a href=\"https:\/\/www.urbanaistorija.rs\/\">Home<\/a><\/blockquote><iframe loading=\"lazy\" class=\"wp-embedded-content\" sandbox=\"allow-scripts\" security=\"restricted\" style=\"position: absolute; clip: rect(1px, 1px, 1px, 1px);\" title=\"&#8220;Home&#8221; &#8212; Dru&scaron;tvo za urbanu istoriju\" src=\"https:\/\/www.urbanaistorija.rs\/embed\/#?secret=xzxC0fhaWC#?secret=WbCP9tjbpz\" data-secret=\"WbCP9tjbpz\" width=\"600\" height=\"338\" frameborder=\"0\" marginwidth=\"0\" marginheight=\"0\" scrolling=\"no\"><\/iframe>\n<\/div><\/figure>\n\n\n\n<p><a href=\"https:\/\/www.facebook.com\/%D0%94%D1%80%D1%83%D1%88%D1%82%D0%B2%D0%BE-%D0%B7%D0%B0-%D1%83%D1%80%D0%B1%D0%B0%D0%BD%D1%83-%D0%B8%D1%81%D1%82%D0%BE%D1%80%D0%B8%D1%98%D1%83-Urban-History-Society-103568485021588\/\">Facebook<\/a><\/p>\n\n\n\n<hr class=\"wp-block-separator\"\/>\n\n\n\n<p>Obavijest o <strong>Dru\u0161tvu za urbanu istoriju<\/strong> objavljena i na portalu <strong>Historiografija.ba<\/strong>:<\/p>\n\n\n\n<p><a href=\"https:\/\/historiografija.ba\/article.php?id=1229\">https:\/\/historiografija.ba\/article.php?id=1229<\/a><\/p>\n\n\n\n<hr class=\"wp-block-separator\"\/>\n","protected":false},"excerpt":{"rendered":"","protected":false},"author":2,"featured_media":31295,"comment_status":"open","ping_status":"open","sticky":false,"template":"","format":"standard","meta":{"_acf_changed":false,"_jetpack_newsletter_access":"","_jetpack_dont_email_post_to_subs":false,"_jetpack_newsletter_tier_id":0,"_jetpack_memberships_contains_paywalled_content":false,"_jetpack_memberships_contains_paid_content":false,"footnotes":"","jetpack_publicize_message":"","jetpack_publicize_feature_enabled":true,"jetpack_social_post_already_shared":true,"jetpack_social_options":{"image_generator_settings":{"template":"highway","default_image_id":0,"font":"","enabled":false},"version":2},"jetpack_post_was_ever_published":false},"categories":[3],"tags":[],"class_list":["post-31294","post","type-post","status-publish","format-standard","has-post-thumbnail","hentry","category-novosti"],"acf":{"facebook_opis":""},"jetpack_publicize_connections":[],"jetpack_featured_media_url":"https:\/\/i0.wp.com\/historiografija.hr\/wp-content\/uploads\/2022\/05\/Drustvo-za-urbanu-istoriju.jpg?fit=960%2C663&ssl=1","jetpack_sharing_enabled":true,"jetpack-related-posts":[{"id":54052,"url":"https:\/\/historiografija.hr\/?p=54052","url_meta":{"origin":31294,"position":0},"title":"Tribina: Mark Blok, istori\u010dar u Panteonu","author":"Branimir Jankovi\u0107","date":"12. lipnja 2026.","format":false,"excerpt":"16 Jun 2026 - 18h \/ Francuski institut u Srbiji, Beograd Povodom sve\u010danog polaganja posmrtnih ostataka Marka Bloka u kriptu Panteona, francuskog nacionalnog mauzoleja u kojem po\u010divaju najistaknutije li\u010dnosti francuske istorije, Francuski institut u Srbiji, u saradnji sa uglednim francuskim \u010dasopisom L\u2019Histoire, organizuje tribinu posve\u0107enu \u017eivotu, delu i nasle\u0111u jedne\u2026","rel":"","context":"U &quot;Novosti&quot;","block_context":{"text":"Novosti","link":"https:\/\/historiografija.hr\/?cat=3"},"img":{"alt_text":"","src":"https:\/\/i0.wp.com\/historiografija.hr\/wp-content\/uploads\/2026\/06\/Bloch-site.jpg?fit=720%2C400&ssl=1&resize=350%2C200","width":350,"height":200,"srcset":"https:\/\/i0.wp.com\/historiografija.hr\/wp-content\/uploads\/2026\/06\/Bloch-site.jpg?fit=720%2C400&ssl=1&resize=350%2C200 1x, https:\/\/i0.wp.com\/historiografija.hr\/wp-content\/uploads\/2026\/06\/Bloch-site.jpg?fit=720%2C400&ssl=1&resize=525%2C300 1.5x, https:\/\/i0.wp.com\/historiografija.hr\/wp-content\/uploads\/2026\/06\/Bloch-site.jpg?fit=720%2C400&ssl=1&resize=700%2C400 2x"},"classes":[]},{"id":42895,"url":"https:\/\/historiografija.hr\/?p=42895","url_meta":{"origin":31294,"position":1},"title":"Dragan Popovi\u0107, \u201eRat se\u0107anja u Srbiji 1980-1990.\u201c","author":"Branimir Jankovi\u0107","date":"23. listopada 2024.","format":false,"excerpt":"U izdanju Biblioteke XX vek upravo je objavljena knjiga Dragana Popovi\u0107a \u201eRat se\u0107anja u Srbiji 1980-1990.\u201c Dragan Popovi\u0107 (Kraljevo, 1980) je istori\u010dar i dugogodi\u0161nji aktivista za za\u0161titu ljudskih prava iz Beograda. Osnovne i master studije zavr\u0161io je na Pravnom fakultetu u Beogradu, a doktorsku disertaciju pod naslovom \u201ePromene u politici\u2026","rel":"","context":"U &quot;Knjige&quot;","block_context":{"text":"Knjige","link":"https:\/\/historiografija.hr\/?cat=8"},"img":{"alt_text":"","src":"https:\/\/i0.wp.com\/historiografija.hr\/wp-content\/uploads\/2024\/10\/Rat_secanja.jpg?fit=450%2C652&ssl=1&resize=350%2C200","width":350,"height":200},"classes":[]},{"id":54438,"url":"https:\/\/historiografija.hr\/?p=54438","url_meta":{"origin":31294,"position":2},"title":"Debata &#8220;Od Srebrenice do Gaze: od legitimacije do negiranja&#8221; u Beogradu","author":"Branimir Jankovi\u0107","date":"3. srpnja 2026.","format":false,"excerpt":"U okviru 18. po redu festivala KROKODIL, koji se odr\u017eava 3. i 4. jula 2026. u Beogradu pod motom KNJI\u017dEVNOST KAO NEPOSLU\u0160NOST\/LITERATURE AS DISOBEDIENCE, holandski histori\u010dar Ger Duijzing \u0107e razgovarati o temi Od Srebrenice do Gaze: od legitimacije do negiranja. Razgovor povezuje regionalno iskustvo s aktuelnim globalnim krizama i istra\u017euje\u2026","rel":"","context":"U &quot;Novosti&quot;","block_context":{"text":"Novosti","link":"https:\/\/historiografija.hr\/?cat=3"},"img":{"alt_text":"","src":"https:\/\/i0.wp.com\/historiografija.hr\/wp-content\/uploads\/2026\/07\/Krokodil-debata-2026.png?fit=1200%2C749&ssl=1&resize=350%2C200","width":350,"height":200,"srcset":"https:\/\/i0.wp.com\/historiografija.hr\/wp-content\/uploads\/2026\/07\/Krokodil-debata-2026.png?fit=1200%2C749&ssl=1&resize=350%2C200 1x, https:\/\/i0.wp.com\/historiografija.hr\/wp-content\/uploads\/2026\/07\/Krokodil-debata-2026.png?fit=1200%2C749&ssl=1&resize=525%2C300 1.5x, https:\/\/i0.wp.com\/historiografija.hr\/wp-content\/uploads\/2026\/07\/Krokodil-debata-2026.png?fit=1200%2C749&ssl=1&resize=700%2C400 2x, https:\/\/i0.wp.com\/historiografija.hr\/wp-content\/uploads\/2026\/07\/Krokodil-debata-2026.png?fit=1200%2C749&ssl=1&resize=1050%2C600 3x"},"classes":[]},{"id":54692,"url":"https:\/\/historiografija.hr\/?p=54692","url_meta":{"origin":31294,"position":3},"title":"Polemi\u010dke reakcije na knjigu \u201eNadila\u017eenje nacionalne paradigme. Od historiografskog nacionalizma do transnacionalnih pristupa\u201c (2)","author":"Branimir Jankovi\u0107","date":"21. srpnja 2026.","format":false,"excerpt":"U sklopu preno\u0161enja polemi\u010dkih reakcija na knjigu Nadila\u017eenje nacionalne paradigme. Od historiografskog nacionalizma do transnacionalnih pristupa, nakon kriti\u010dkih sada upu\u0107ujemo na afirmativne priloge o njoj. Stefan Gu\u017evica \"Naravno, svojevrsni \u201cizvorni grijeh\u201d historiografije je metodolo\u0161ki nacionalizam i etnocentrizam, jer je povijest i nastala kao znanost koja je trebala legitimizirati novonastale nacije\u2026","rel":"","context":"U &quot;Novosti&quot;","block_context":{"text":"Novosti","link":"https:\/\/historiografija.hr\/?cat=3"},"img":{"alt_text":"","src":"https:\/\/i0.wp.com\/historiografija.hr\/wp-content\/uploads\/2025\/03\/Nadilazenje-nacionalne-paradigme.webp?fit=713%2C928&ssl=1&resize=350%2C200","width":350,"height":200,"srcset":"https:\/\/i0.wp.com\/historiografija.hr\/wp-content\/uploads\/2025\/03\/Nadilazenje-nacionalne-paradigme.webp?fit=713%2C928&ssl=1&resize=350%2C200 1x, https:\/\/i0.wp.com\/historiografija.hr\/wp-content\/uploads\/2025\/03\/Nadilazenje-nacionalne-paradigme.webp?fit=713%2C928&ssl=1&resize=525%2C300 1.5x, https:\/\/i0.wp.com\/historiografija.hr\/wp-content\/uploads\/2025\/03\/Nadilazenje-nacionalne-paradigme.webp?fit=713%2C928&ssl=1&resize=700%2C400 2x"},"classes":[]},{"id":54209,"url":"https:\/\/historiografija.hr\/?p=54209","url_meta":{"origin":31294,"position":4},"title":"Promocija knjige Armine Galija\u0161 \u201eBanja Luka u ratu: etnopolitika i svakodnevica (1990\u20131995)\u201d u Banjoj Luci","author":"Branimir Jankovi\u0107","date":"19. lipnja 2026.","format":false,"excerpt":"Pozivamo vas na promociju knjige \u201eBanja Luka u ratu: etnopolitika i svakodnevica (1990\u20131995)\u201d autorice Armine Galija\u0161, koja \u0107e se odr\u017eati u ponedjeljak 22. juna sa po\u010detkom u 10.00 sati u hotelu Bosna u Banjaluci. Knjiga donosi va\u017eno istra\u017eivanje o ratnoj svakodnevici Banje Luke, etnopoliti\u010dkim procesima i dru\u0161tvenim promjenama koje su\u2026","rel":"","context":"U &quot;Novosti&quot;","block_context":{"text":"Novosti","link":"https:\/\/historiografija.hr\/?cat=3"},"img":{"alt_text":"","src":"https:\/\/i0.wp.com\/historiografija.hr\/wp-content\/uploads\/2026\/03\/Banjaluka-u-ratu.webp?fit=600%2C900&ssl=1&resize=350%2C200","width":350,"height":200,"srcset":"https:\/\/i0.wp.com\/historiografija.hr\/wp-content\/uploads\/2026\/03\/Banjaluka-u-ratu.webp?fit=600%2C900&ssl=1&resize=350%2C200 1x, https:\/\/i0.wp.com\/historiografija.hr\/wp-content\/uploads\/2026\/03\/Banjaluka-u-ratu.webp?fit=600%2C900&ssl=1&resize=525%2C300 1.5x"},"classes":[]},{"id":54967,"url":"https:\/\/historiografija.hr\/?p=54967","url_meta":{"origin":31294,"position":5},"title":"Milan Ristovi\u0107, \u201eUti\u0161ani glasovi. Iz istorije obi\u010dnih ljudi\u201c","author":"Branimir Jankovi\u0107","date":"14. kolovoza 2026.","format":false,"excerpt":"Devedesetih godina pro\u0161log veka pojavili su se mla\u0111i i hrabriji istori\u010dari pi\u0161u\u0107i eseje o malim sudbinama pojedinaca u vihorima tih ogromnih prevrata sveta. \u017deleli su da makar naknadno ostave trag dostojanstvu nepravedno nazvanom Mali \u010dovek. Pokazali su da istorijska faktografija nudi beskona\u010dno mnogo izuzetnih pri\u010da koje ravnopravno i jednako zanimljivim\u2026","rel":"","context":"U &quot;Knjige&quot;","block_context":{"text":"Knjige","link":"https:\/\/historiografija.hr\/?cat=8"},"img":{"alt_text":"","src":"https:\/\/i0.wp.com\/historiografija.hr\/wp-content\/uploads\/2026\/08\/Utisani-glasovi.jpg?fit=373%2C551&ssl=1&resize=350%2C200","width":350,"height":200},"classes":[]}],"_links":{"self":[{"href":"https:\/\/historiografija.hr\/index.php?rest_route=\/wp\/v2\/posts\/31294","targetHints":{"allow":["GET"]}}],"collection":[{"href":"https:\/\/historiografija.hr\/index.php?rest_route=\/wp\/v2\/posts"}],"about":[{"href":"https:\/\/historiografija.hr\/index.php?rest_route=\/wp\/v2\/types\/post"}],"author":[{"embeddable":true,"href":"https:\/\/historiografija.hr\/index.php?rest_route=\/wp\/v2\/users\/2"}],"replies":[{"embeddable":true,"href":"https:\/\/historiografija.hr\/index.php?rest_route=%2Fwp%2Fv2%2Fcomments&post=31294"}],"version-history":[{"count":3,"href":"https:\/\/historiografija.hr\/index.php?rest_route=\/wp\/v2\/posts\/31294\/revisions"}],"predecessor-version":[{"id":31298,"href":"https:\/\/historiografija.hr\/index.php?rest_route=\/wp\/v2\/posts\/31294\/revisions\/31298"}],"wp:featuredmedia":[{"embeddable":true,"href":"https:\/\/historiografija.hr\/index.php?rest_route=\/wp\/v2\/media\/31295"}],"wp:attachment":[{"href":"https:\/\/historiografija.hr\/index.php?rest_route=%2Fwp%2Fv2%2Fmedia&parent=31294"}],"wp:term":[{"taxonomy":"category","embeddable":true,"href":"https:\/\/historiografija.hr\/index.php?rest_route=%2Fwp%2Fv2%2Fcategories&post=31294"},{"taxonomy":"post_tag","embeddable":true,"href":"https:\/\/historiografija.hr\/index.php?rest_route=%2Fwp%2Fv2%2Ftags&post=31294"}],"curies":[{"name":"wp","href":"https:\/\/api.w.org\/{rel}","templated":true}]}}