{"id":31281,"date":"2022-05-12T09:53:44","date_gmt":"2022-05-12T09:53:44","guid":{"rendered":"http:\/\/historiografija.hr\/?p=31281"},"modified":"2022-05-12T09:53:44","modified_gmt":"2022-05-12T09:53:44","slug":"amir-kliko-tepcija-stipan-batalo-santic-i-njegovo-doba-prilog-historiji-travnickog-kraja-u-srednjem-vijeku","status":"publish","type":"post","link":"https:\/\/historiografija.hr\/?p=31281","title":{"rendered":"Amir Kliko, \u201cTep\u010dija Stipan Batalo \u0160anti\u0107 i njegovo doba. Prilog historiji travni\u010dkog kraja u srednjem vijeku\u201d"},"content":{"rendered":"\n<p>Bosanski kulturni krug iz Travnika je objavio knjigu \u201cTep\u010dija Stipan Batalo \u0160anti\u0107 i njegovo doba. Prilog historiji travni\u010dkog kraja u srednjem vijeku\u201d, autora dr. sc. Amira Klike. Rije\u010d je o veoma vrijednom rukopisu koji znatno doprinosi boljem poznavanju srednjovjekovne pro\u0161losti travni\u010dkog kraja i vremenskom razdoblju koje se rijetko istra\u017euje i o kojem se veoma malo pi\u0161e.<\/p>\n\n\n\n<p>Titulu \u201etep\u010dija\u201c nosili su plemi\u0107i koji su nadgledali feudalne posjede u srednjovjekovnoj Bosni, a pojavljuju se u 13. i 14. stolje\u0107u.<\/p>\n\n\n\n<p>Knjiga \u201cTep\u010dija Stipan Batalo \u0160anti\u0107 i njegovo doba. Prilog historiji travni\u010dkog kraja u srednjem vijeku\u201d predstavlja dora\u0111eni magistarski rad koji je Amir Kliko odbranio na Filozofskom fakultetu Univerziteta u Sarajevu.<\/p>\n\n\n\n<hr class=\"wp-block-separator\"\/>\n\n\n\n<p>Izvor:<\/p>\n\n\n\n<p><strong>Historiografija.ba<\/strong><\/p>\n\n\n\n<p><a href=\"https:\/\/historiografija.ba\/article.php?id=1267\">https:\/\/historiografija.ba\/article.php?id=1267<\/a><\/p>\n\n\n\n<hr class=\"wp-block-separator\"\/>\n\n\n\n<p><\/p>\n","protected":false},"excerpt":{"rendered":"","protected":false},"author":2,"featured_media":31282,"comment_status":"open","ping_status":"open","sticky":false,"template":"","format":"standard","meta":{"_acf_changed":false,"jetpack_post_was_ever_published":false,"_jetpack_newsletter_access":"","_jetpack_dont_email_post_to_subs":false,"_jetpack_newsletter_tier_id":0,"_jetpack_memberships_contains_paywalled_content":false,"_jetpack_memberships_contains_paid_content":false,"footnotes":"","jetpack_publicize_message":"","jetpack_publicize_feature_enabled":true,"jetpack_social_post_already_shared":true,"jetpack_social_options":{"image_generator_settings":{"template":"highway","default_image_id":0,"font":"","enabled":false},"version":2}},"categories":[8,3],"tags":[],"class_list":["post-31281","post","type-post","status-publish","format-standard","has-post-thumbnail","hentry","category-knjige","category-novosti"],"acf":{"facebook_opis":""},"jetpack_publicize_connections":[],"jetpack_featured_media_url":"https:\/\/i0.wp.com\/historiografija.hr\/wp-content\/uploads\/2022\/05\/Amir_Kliko_Tepcija.jpg?fit=555%2C377&ssl=1","jetpack_sharing_enabled":true,"jetpack-related-posts":[],"_links":{"self":[{"href":"https:\/\/historiografija.hr\/index.php?rest_route=\/wp\/v2\/posts\/31281","targetHints":{"allow":["GET"]}}],"collection":[{"href":"https:\/\/historiografija.hr\/index.php?rest_route=\/wp\/v2\/posts"}],"about":[{"href":"https:\/\/historiografija.hr\/index.php?rest_route=\/wp\/v2\/types\/post"}],"author":[{"embeddable":true,"href":"https:\/\/historiografija.hr\/index.php?rest_route=\/wp\/v2\/users\/2"}],"replies":[{"embeddable":true,"href":"https:\/\/historiografija.hr\/index.php?rest_route=%2Fwp%2Fv2%2Fcomments&post=31281"}],"version-history":[{"count":1,"href":"https:\/\/historiografija.hr\/index.php?rest_route=\/wp\/v2\/posts\/31281\/revisions"}],"predecessor-version":[{"id":31283,"href":"https:\/\/historiografija.hr\/index.php?rest_route=\/wp\/v2\/posts\/31281\/revisions\/31283"}],"wp:featuredmedia":[{"embeddable":true,"href":"https:\/\/historiografija.hr\/index.php?rest_route=\/wp\/v2\/media\/31282"}],"wp:attachment":[{"href":"https:\/\/historiografija.hr\/index.php?rest_route=%2Fwp%2Fv2%2Fmedia&parent=31281"}],"wp:term":[{"taxonomy":"category","embeddable":true,"href":"https:\/\/historiografija.hr\/index.php?rest_route=%2Fwp%2Fv2%2Fcategories&post=31281"},{"taxonomy":"post_tag","embeddable":true,"href":"https:\/\/historiografija.hr\/index.php?rest_route=%2Fwp%2Fv2%2Ftags&post=31281"}],"curies":[{"name":"wp","href":"https:\/\/api.w.org\/{rel}","templated":true}]}}