{"id":31257,"date":"2022-05-11T22:02:40","date_gmt":"2022-05-11T22:02:40","guid":{"rendered":"http:\/\/historiografija.hr\/?p=31257"},"modified":"2022-05-11T22:02:40","modified_gmt":"2022-05-11T22:02:40","slug":"izlozba-dannunzijeva-mucenica-lolocausta-di-dannunzio-u-splitu","status":"publish","type":"post","link":"https:\/\/historiografija.hr\/?p=31257","title":{"rendered":"Izlo\u017eba &#8220;D\u2019Annunzijeva mu\u010denica \/ L\u2019Olocausta di D\u2019Annunzio&#8221; u Splitu"},"content":{"rendered":"\n<p>Gostuju\u0107a izlo\u017eba Pomorskog i povijesnog muzeja Hrvatskog primorja Rijeka otvara se u Hrvatskom pomorskom muzeju Split u utorak, 17. svibnja u 19 sati, uo\u010di obilje\u017eavanja Me\u0111unarodnog dana muzeja. Autorice izlo\u017ebe su Tea Perin\u010di\u0107 i Ana-Maria Mil\u010di\u0107.<\/p>\n\n\n\n<hr class=\"wp-block-separator\"\/>\n\n\n\n<p>Pozivamo Vas na otvorenje izlo\u017ebe <em><strong>D\u2019Annunzijeva mu\u010denica<\/strong><\/em><\/p>\n\n\n\n<p>Pomorskog i povijesnog muzeja Hrvatskog primorja Rijeka,<\/p>\n\n\n\n<p>autorice koje su Tea Perin\u010di\u0107 i Ana\u2013Maria Mil\u010di\u0107<\/p>\n\n\n\n<p><strong>17. svibnja 2022. godine (utorak) u 19 sati<\/strong><\/p>\n\n\n\n<p>(uo\u010di Me\u0111unarodnog dana muzeja)<\/p>\n\n\n\n<p><strong>Hrvatski pomorski muzej Split<\/strong><\/p>\n\n\n\n<p>Glagolja\u0161a18<\/p>\n\n\n\n<p><strong>Tvr\u0111ava Gripe<\/strong><\/p>\n\n\n\n<hr class=\"wp-block-separator\"\/>\n\n\n\n<p>Izlo\u017eba donosi tuma\u010denje D\u2019Annunzija iz humanisti\u010dke pozicije suvremenog antifa\u0161izma na kojem je izgra\u0111ena moderna Europa. &nbsp;Kontroverzni talijanski vojskovo\u0111a i prete\u010da fa\u0161isti\u010dke ideologije, Gabriele D\u2019Annunzio, s paravojnim je postrojbama 12. rujna 1919. godine okupirao Rijeku proglasiv\u0161i je svojevoljno dijelom Kraljevine Italije. D&#8217;Annunzijev dolazak i boravak u Rijeci dogodio se na poziv rije\u010dkih iredentista koji su zagovarali pravo da proglase Rijeku talijanskom. Ubrzo se pokazalo koliko je to bilo destruktivno za tada\u0161nju kulturnu i gospodarsku stabilnost Rijeke. Grad koji je bio izrazito multietni\u010dki, odjednom odri\u010de prava svima onima koji se ne izja\u0161njavaju Talijanima i suprotstavljaju ideji o samo talijanskoj Rijeci. Naro\u010dito su Hrvati bili na meti D&#8217;Annunzijevih paravojnih rije\u010dkih postrojbi. U 16 mjeseci ovakvog re\u017eima u Rijeci, koja je osim toga bila i pod embargom, D&#8217;Annunzio je do krajnjih granica izmu\u010dio i iscrpio grad.<\/p>\n\n\n\n<p>Izlo\u017eba <em><strong>D\u2019Annunzijeva mu\u010denica<\/strong><\/em> donosi specifi\u010dan pogled na D&#8217;Annunzijev boravak u Rijeci iz perspektive \u017eena koje su u to vrijeme \u017eivjele u Rijeci, onih koje su u Rijeku do\u0161le iz Italije sa ili za D&#8217;Annunzijem i onih koje su mu bile ljubavnice. D\u2019Annunzija izlo\u017eba prikazuje kroz o\u010di ro\u0111enih Rije\u010danki poput Zore Bla\u017ei\u0107 i Nicoline Fabris i onih koje su Rijeku dolazile upravo zbog D\u2019Annunzija, kao \u0161to je to \u010dinila pijanistica Luisa Baccara, no i mnoge Talijanke &#8211; dragovoljke, sestre, majke, k\u0107eri i supruge legionara. Kustosica Tea Perin\u010di\u0107 u arhivskim istra\u017eivanjima koje je provela za potrebe izlo\u017ebe nai\u0161la je na dosjee \u010dak 288 \u017eena koje su \u017eivjele ili privremeno boravile u Rijeci u vrijeme D\u2019Annunzijeve okupacije grada, ali se fokusirala na njih nekolicinu. Rijeka se na izlo\u017ebi u doba D&#8217;Annunzijeve okupacije (1919.-1921.) predstavlja kroz personifikaciju, kao \u017eene u onodobnim umjetni\u010dkim djelima. Izlo\u017eba istra\u017euje polo\u017eaj \u017eene i ulogu \u017eenskog tijela za vrijeme politi\u010dke nestabilnosti i vojnog konflikta, to\u010dnije poistovje\u0107ivanje teritorija i nacionalnih granica sa \u017eenskim tijelom.<\/p>\n\n\n\n<p>Kroz politi\u010dke govore Gabriela D\u2019Annunzija grad Rijeka postaje \u017eensko tijelo, a politi\u010dki, ratni i nacionalni motivi po\u010dinju se isprepletati s erotikom, tjelesno\u0161\u0107u, ali i nasiljem. Cijeli je koncept izlo\u017ebe sa\u017eet u pojmu \u2018mu\u010denica\u2019 &#8211; <em>citt\u00e0 olocausta<\/em> \u2013 a Rijeka je grad koji je nakon D&#8217;Annunzijeva odlaska ostao izmu\u010den kao i mnoge \u017eene u njegovom \u017eivotu.<\/p>\n\n\n\n<hr class=\"wp-block-separator\"\/>\n\n\n\n<p>Izvor i dodatne informacije:<\/p>\n\n\n\n<p><a href=\"https:\/\/www.facebook.com\/HrvatskiPomorskiMuzejSplit\/\">https:\/\/www.facebook.com\/HrvatskiPomorskiMuzejSplit\/<\/a><\/p>\n\n\n\n<hr class=\"wp-block-separator\"\/>\n","protected":false},"excerpt":{"rendered":"","protected":false},"author":2,"featured_media":31258,"comment_status":"open","ping_status":"open","sticky":false,"template":"","format":"standard","meta":{"_acf_changed":false,"jetpack_post_was_ever_published":false,"_jetpack_newsletter_access":"","_jetpack_dont_email_post_to_subs":false,"_jetpack_newsletter_tier_id":0,"_jetpack_memberships_contains_paywalled_content":false,"_jetpack_memberships_contains_paid_content":false,"footnotes":"","jetpack_publicize_message":"","jetpack_publicize_feature_enabled":true,"jetpack_social_post_already_shared":true,"jetpack_social_options":{"image_generator_settings":{"template":"highway","default_image_id":0,"font":"","enabled":false},"version":2}},"categories":[10,3],"tags":[],"class_list":["post-31257","post","type-post","status-publish","format-standard","has-post-thumbnail","hentry","category-izlozbe","category-novosti"],"acf":{"facebook_opis":""},"jetpack_publicize_connections":[],"jetpack_featured_media_url":"https:\/\/i0.wp.com\/historiografija.hr\/wp-content\/uploads\/2022\/05\/Plakat_Pomorski_DAnnunzijeva-mu%C4%8Denica.jpg?fit=1195%2C1715&ssl=1","jetpack_sharing_enabled":true,"jetpack-related-posts":[],"_links":{"self":[{"href":"https:\/\/historiografija.hr\/index.php?rest_route=\/wp\/v2\/posts\/31257","targetHints":{"allow":["GET"]}}],"collection":[{"href":"https:\/\/historiografija.hr\/index.php?rest_route=\/wp\/v2\/posts"}],"about":[{"href":"https:\/\/historiografija.hr\/index.php?rest_route=\/wp\/v2\/types\/post"}],"author":[{"embeddable":true,"href":"https:\/\/historiografija.hr\/index.php?rest_route=\/wp\/v2\/users\/2"}],"replies":[{"embeddable":true,"href":"https:\/\/historiografija.hr\/index.php?rest_route=%2Fwp%2Fv2%2Fcomments&post=31257"}],"version-history":[{"count":1,"href":"https:\/\/historiografija.hr\/index.php?rest_route=\/wp\/v2\/posts\/31257\/revisions"}],"predecessor-version":[{"id":31259,"href":"https:\/\/historiografija.hr\/index.php?rest_route=\/wp\/v2\/posts\/31257\/revisions\/31259"}],"wp:featuredmedia":[{"embeddable":true,"href":"https:\/\/historiografija.hr\/index.php?rest_route=\/wp\/v2\/media\/31258"}],"wp:attachment":[{"href":"https:\/\/historiografija.hr\/index.php?rest_route=%2Fwp%2Fv2%2Fmedia&parent=31257"}],"wp:term":[{"taxonomy":"category","embeddable":true,"href":"https:\/\/historiografija.hr\/index.php?rest_route=%2Fwp%2Fv2%2Fcategories&post=31257"},{"taxonomy":"post_tag","embeddable":true,"href":"https:\/\/historiografija.hr\/index.php?rest_route=%2Fwp%2Fv2%2Ftags&post=31257"}],"curies":[{"name":"wp","href":"https:\/\/api.w.org\/{rel}","templated":true}]}}