{"id":31254,"date":"2022-05-11T21:50:16","date_gmt":"2022-05-11T21:50:16","guid":{"rendered":"http:\/\/historiografija.hr\/?p=31254"},"modified":"2022-05-11T21:50:16","modified_gmt":"2022-05-11T21:50:16","slug":"u-zagrebu-zapocela-radionica-o-povijesti-i-sjecanju-na-nacionalsocijalisticke-logore-i-mjesta-zlocina","status":"publish","type":"post","link":"https:\/\/historiografija.hr\/?p=31254","title":{"rendered":"U Zagrebu zapo\u010dela \u201cRadionica o povijesti i sje\u0107anju na nacionalsocijalisti\u010dke logore i mjesta zlo\u010dina\u201d"},"content":{"rendered":"\n<p>\u201cRadionica o povijesti i sje\u0107anju na nacionalsocijalisti\u010dke logore i mjesta zlo\u010dina\u201d odr\u017eava se gotovo svake godine od 1994. naovamo, redovito mijenjaju\u0107i lokacije na kojima se odvija. Ideja radionice je stvoriti nehijerarhijski prostor u kojem \u0107e kustosi i studenti poslijediplomskih studija mo\u0107i prezentirati svoje projekte te raspravljati o njima, a pritom u\u010diti o povijesti holokausta u zemljopisnom okru\u017eenju u kojem se radionica odr\u017eava. Osim izlaganja samih sudionika, program uklju\u010duje organizirane posjete biv\u0161ih logora i mjesta stradanja, kao i predavanja etabliranih znanstvenika. Nakon svake radionice objavljuje se zbornik sa \u010dlancima temeljenima na prezentacijama.<\/p>\n\n\n\n<p>Iako je radionica u po\u010detku bila doga\u0111aj organiziran u Njema\u010dkoj, od 2015. odr\u017eava se u razli\u010ditim europskim zemljama. Ovogodi\u0161nja radionica odr\u017eava se u Hrvatskoj, koja je tijekom Drugoga svjetskog rata bila laboratorij fa\u0161isti\u010dkih eksperimenata, koji su kulminirali masovnim nasiljem i vi\u0161estrukim, isprepletenim genocidom nad Srbima, \u017didovima i Romima. Holokaust i genocid u Hrvatskoj zna\u010dajno su oblikovali prostorni ambijenti: teror na ulicama raznih gradova, \u201cantipartizanske\u201d akcije na otvorenim prostorima, sela koja su pretvorena u mjesta masovnih pogubljenja ili vi\u0161e od trideset koncentracijskih logora. Radionica uklju\u010duje posjet Jasenovcu, najve\u0107em i najsmrtonosnijem logoru u Nezavisnoj Dr\u017eavi Hrvatskoj, kao i obilazak Zagreba s vodi\u010dem tijekom kojeg se rasvjetljava arhitektonski, intelektualni i kulturni doprinos gradske \u017eidovske zajednice i njihovo stradanje u ratu. Me\u0111unarodni karakter radionice potvr\u0111uje 30 ovogodi\u0161njih sudionika koji dolaze iz 10 razli\u010ditih zemalja, uklju\u010duju\u0107i Austriju, Hrvatsku, Dansku, Englesku, Francusku, Ma\u0111arsku, Njema\u010dku, Nizozemsku, Norve\u0161ku i SAD.<\/p>\n\n\n\n<p>Radionica se odr\u017eava u partnerstvu s\u00a0<em>Documentom<\/em>\u00a0\u2013 Centrom za suo\u010davanje s pro\u0161lo\u0161\u0107u, uz podr\u0161ku: Claims Conference; Fondation pour la Memoire de la Shoah; Fritz Thyssen Stiftung; Stanley Burton Centre for Holocaust and Genocidal Studies, University of Leicester; Stiftung Zeitlernen. Javnu panel diskusiju podr\u017eava Friedrich Ebert Stiftung.<\/p>\n\n\n\n<hr class=\"wp-block-separator\"\/>\n\n\n\n<p>Izvor i dodatne informacije:<\/p>\n\n\n\n<figure class=\"wp-block-embed-wordpress wp-block-embed is-type-wp-embed is-provider-documenta\"><div class=\"wp-block-embed__wrapper\">\n<blockquote class=\"wp-embedded-content\" data-secret=\"PGQuHISRWv\"><a href=\"https:\/\/documenta.hr\/novosti\/u-zagrebu-zapocela-radionica-o-povijesti-i-sjecanju-na-nacionalsocijalisticke-logore-i-mjesta-zlocina\/\">U Zagrebu zapo\u010dela \u201cRadionica o povijesti i sje\u0107anju na nacionalsocijalisti\u010dke logore i mjesta zlo\u010dina\u201d<\/a><\/blockquote><iframe loading=\"lazy\" class=\"wp-embedded-content\" sandbox=\"allow-scripts\" security=\"restricted\" style=\"position: absolute; clip: rect(1px, 1px, 1px, 1px);\" title=\"&#8220;U Zagrebu zapo\u010dela \u201cRadionica o povijesti i sje\u0107anju na nacionalsocijalisti\u010dke logore i mjesta zlo\u010dina\u201d&#8221; &#8212; Documenta\" src=\"https:\/\/documenta.hr\/novosti\/u-zagrebu-zapocela-radionica-o-povijesti-i-sjecanju-na-nacionalsocijalisticke-logore-i-mjesta-zlocina\/embed\/#?secret=PGQuHISRWv\" data-secret=\"PGQuHISRWv\" width=\"600\" height=\"338\" frameborder=\"0\" marginwidth=\"0\" marginheight=\"0\" scrolling=\"no\"><\/iframe>\n<\/div><\/figure>\n\n\n\n<hr class=\"wp-block-separator\"\/>\n","protected":false},"excerpt":{"rendered":"","protected":false},"author":2,"featured_media":31255,"comment_status":"open","ping_status":"open","sticky":false,"template":"","format":"standard","meta":{"_acf_changed":false,"jetpack_post_was_ever_published":false,"_jetpack_newsletter_access":"","_jetpack_dont_email_post_to_subs":false,"_jetpack_newsletter_tier_id":0,"_jetpack_memberships_contains_paywalled_content":false,"_jetpack_memberships_contains_paid_content":false,"footnotes":"","jetpack_publicize_message":"","jetpack_publicize_feature_enabled":true,"jetpack_social_post_already_shared":true,"jetpack_social_options":{"image_generator_settings":{"template":"highway","default_image_id":0,"font":"","enabled":false},"version":2}},"categories":[3,9],"tags":[],"class_list":["post-31254","post","type-post","status-publish","format-standard","has-post-thumbnail","hentry","category-novosti","category-skupovi"],"acf":{"facebook_opis":""},"jetpack_publicize_connections":[],"jetpack_featured_media_url":"https:\/\/i0.wp.com\/historiografija.hr\/wp-content\/uploads\/2022\/05\/Jasenovac-2.png?fit=813%2C606&ssl=1","jetpack_sharing_enabled":true,"jetpack-related-posts":[],"_links":{"self":[{"href":"https:\/\/historiografija.hr\/index.php?rest_route=\/wp\/v2\/posts\/31254","targetHints":{"allow":["GET"]}}],"collection":[{"href":"https:\/\/historiografija.hr\/index.php?rest_route=\/wp\/v2\/posts"}],"about":[{"href":"https:\/\/historiografija.hr\/index.php?rest_route=\/wp\/v2\/types\/post"}],"author":[{"embeddable":true,"href":"https:\/\/historiografija.hr\/index.php?rest_route=\/wp\/v2\/users\/2"}],"replies":[{"embeddable":true,"href":"https:\/\/historiografija.hr\/index.php?rest_route=%2Fwp%2Fv2%2Fcomments&post=31254"}],"version-history":[{"count":1,"href":"https:\/\/historiografija.hr\/index.php?rest_route=\/wp\/v2\/posts\/31254\/revisions"}],"predecessor-version":[{"id":31256,"href":"https:\/\/historiografija.hr\/index.php?rest_route=\/wp\/v2\/posts\/31254\/revisions\/31256"}],"wp:featuredmedia":[{"embeddable":true,"href":"https:\/\/historiografija.hr\/index.php?rest_route=\/wp\/v2\/media\/31255"}],"wp:attachment":[{"href":"https:\/\/historiografija.hr\/index.php?rest_route=%2Fwp%2Fv2%2Fmedia&parent=31254"}],"wp:term":[{"taxonomy":"category","embeddable":true,"href":"https:\/\/historiografija.hr\/index.php?rest_route=%2Fwp%2Fv2%2Fcategories&post=31254"},{"taxonomy":"post_tag","embeddable":true,"href":"https:\/\/historiografija.hr\/index.php?rest_route=%2Fwp%2Fv2%2Ftags&post=31254"}],"curies":[{"name":"wp","href":"https:\/\/api.w.org\/{rel}","templated":true}]}}