{"id":31240,"date":"2022-05-10T19:09:55","date_gmt":"2022-05-10T19:09:55","guid":{"rendered":"http:\/\/historiografija.hr\/?p=31240"},"modified":"2022-05-10T19:09:55","modified_gmt":"2022-05-10T19:09:55","slug":"medunarodni-znanstveni-skup-everyday-life-in-state-socialist-societies","status":"publish","type":"post","link":"https:\/\/historiografija.hr\/?p=31240","title":{"rendered":"Me\u0111unarodni znanstveni skup \u201cEveryday Life in State-Socialist Societies\u201d"},"content":{"rendered":"\n<p>Na Sveu\u010dili\u0161tu Jurja Dobrile u Puli, u organizaciji <a href=\"https:\/\/www.rosalux.rs\/en\/everyday-life-state-socialist-societies\" target=\"_blank\" rel=\"noreferrer noopener\">Rosa Luxemburg Foundation Southeast Europe<\/a> i Centra za kulturolo\u0161ka i povijesna istra\u017eivanja socijalizma, od 12. do 15. svibnja 2022. odr\u017eava se me\u0111unarodni znanstveni skup <em>Everyday Life in State-Socialist Societies<\/em> \u010dija je tema povijest svakodnevnog \u017eivota u socijalisti\u010dkim dru\u0161tvima (<a href=\"https:\/\/www.unipu.hr\/images\/50020373\/PULA_PROGRAM%20BOOKLET.pdf\">program<\/a>).<\/p>\n\n\n\n<p>Ustanove partneri su Fakultet za sociologiju i socijalni rad Sveu\u010dili\u0161ta Babe\u0219-Bolyai (Cluj-Napoca), Filozofski fakultet Sveu\u010dili\u0161ta u Zagrebu, Me\u0111unarodni institut za dru\u0161tvenu povijest (IISG, Amsterdam),&nbsp; Leibnizov Institut za studije isto\u010dne i jugoisto\u010dne Europe (IOS, Regensburg), Odjel za rodne studije i Odjel za povijest Srednjoeuropskog sveu\u010dili\u0161ta (CEU, Be\u010d i Budimpe\u0161ta).<\/p>\n\n\n\n<p>Skup se odr\u017eava u dvoranama Pula (\u010detvrtak) i Istra (petak-nedjelja) Fakulteta ekonomije i turizma \u201cDr. Mijo Mirkovi\u0107\u201d, kojemu zahvaljujemo na suradnji, kao i Filozofskom fakultetu te SRIC-u na informati\u010dkoj podr\u0161ci. Tri pozvana predavanja (Igor Duda, Marsha Siefert, Martha Lampland) i okrugli stol prenosit \u0107e se putem interneta (<a href=\"https:\/\/youtu.be\/mQN3PbOYBCk\" target=\"_blank\" rel=\"noreferrer noopener\">Youtube<\/a>).<\/p>\n\n\n\n<p>Skup intervjuom najavljuju Marcel van der Linden i Alina-Sandra Cucu: <a rel=\"noreferrer noopener\" href=\"https:\/\/www.rosalux.de\/en\/news\/id\/46475\/what-was-life-like-in-socialism\" target=\"_blank\">What Was Life Like in Socialism? An upcoming conference brings together young historians from around Europe<\/a>.<\/p>\n\n\n\n<hr class=\"wp-block-separator\"\/>\n\n\n\n<p>Izvor:<\/p>\n\n\n\n<p><a href=\"https:\/\/www.unipu.hr\/ckpis\/dogadanja\">https:\/\/www.unipu.hr\/ckpis\/dogadanja<\/a><\/p>\n\n\n\n<hr class=\"wp-block-separator\"\/>\n","protected":false},"excerpt":{"rendered":"","protected":false},"author":2,"featured_media":31241,"comment_status":"open","ping_status":"open","sticky":false,"template":"","format":"standard","meta":{"_acf_changed":false,"jetpack_post_was_ever_published":false,"_jetpack_newsletter_access":"","_jetpack_dont_email_post_to_subs":false,"_jetpack_newsletter_tier_id":0,"_jetpack_memberships_contains_paywalled_content":false,"_jetpack_memberships_contains_paid_content":false,"footnotes":"","jetpack_publicize_message":"","jetpack_publicize_feature_enabled":true,"jetpack_social_post_already_shared":true,"jetpack_social_options":{"image_generator_settings":{"template":"highway","default_image_id":0,"font":"","enabled":false},"version":2}},"categories":[3,9],"tags":[],"class_list":["post-31240","post","type-post","status-publish","format-standard","has-post-thumbnail","hentry","category-novosti","category-skupovi"],"acf":{"facebook_opis":""},"jetpack_publicize_connections":[],"jetpack_featured_media_url":"https:\/\/i0.wp.com\/historiografija.hr\/wp-content\/uploads\/2022\/05\/RLS-Everyday-2022.jpg?fit=2000%2C1125&ssl=1","jetpack_sharing_enabled":true,"jetpack-related-posts":[],"_links":{"self":[{"href":"https:\/\/historiografija.hr\/index.php?rest_route=\/wp\/v2\/posts\/31240","targetHints":{"allow":["GET"]}}],"collection":[{"href":"https:\/\/historiografija.hr\/index.php?rest_route=\/wp\/v2\/posts"}],"about":[{"href":"https:\/\/historiografija.hr\/index.php?rest_route=\/wp\/v2\/types\/post"}],"author":[{"embeddable":true,"href":"https:\/\/historiografija.hr\/index.php?rest_route=\/wp\/v2\/users\/2"}],"replies":[{"embeddable":true,"href":"https:\/\/historiografija.hr\/index.php?rest_route=%2Fwp%2Fv2%2Fcomments&post=31240"}],"version-history":[{"count":2,"href":"https:\/\/historiografija.hr\/index.php?rest_route=\/wp\/v2\/posts\/31240\/revisions"}],"predecessor-version":[{"id":31243,"href":"https:\/\/historiografija.hr\/index.php?rest_route=\/wp\/v2\/posts\/31240\/revisions\/31243"}],"wp:featuredmedia":[{"embeddable":true,"href":"https:\/\/historiografija.hr\/index.php?rest_route=\/wp\/v2\/media\/31241"}],"wp:attachment":[{"href":"https:\/\/historiografija.hr\/index.php?rest_route=%2Fwp%2Fv2%2Fmedia&parent=31240"}],"wp:term":[{"taxonomy":"category","embeddable":true,"href":"https:\/\/historiografija.hr\/index.php?rest_route=%2Fwp%2Fv2%2Fcategories&post=31240"},{"taxonomy":"post_tag","embeddable":true,"href":"https:\/\/historiografija.hr\/index.php?rest_route=%2Fwp%2Fv2%2Ftags&post=31240"}],"curies":[{"name":"wp","href":"https:\/\/api.w.org\/{rel}","templated":true}]}}