{"id":31232,"date":"2022-05-10T18:35:16","date_gmt":"2022-05-10T18:35:16","guid":{"rendered":"http:\/\/historiografija.hr\/?p=31232"},"modified":"2022-05-10T18:35:16","modified_gmt":"2022-05-10T18:35:16","slug":"dani-hvarskoga-kazalista-hrvatski-narodni-preporod-i-njegovo-nasljede","status":"publish","type":"post","link":"https:\/\/historiografija.hr\/?p=31232","title":{"rendered":"Dani Hvarskoga kazali\u0161ta: Hrvatski narodni preporod i njegovo naslje\u0111e"},"content":{"rendered":"\n<p>Dani Hvarskoga kazali\u0161ta odr\u017eat \u0107e se po \u010detrdeset deveti put u Hvarskoj lo\u017ei od 11. do 14. svibnja 2022. Manifestaciju i prate\u0107i zbornik organiziraju Hrvatska akademija znanosti i umjetnosti, Knji\u017eevni krug Split, Grad Hvar i Hvarsko pu\u010dko kazali\u0161te, a glavni je urednik zbornika akademik Boris Senker.<\/p>\n\n\n\n<p>Tema je ovogodi\u0161njega znanstvenog skupa: <strong>Hrvatski narodni preporod i njegovo naslje\u0111e<\/strong>.<\/p>\n\n\n\n<p><strong>Programska knji\u017eica:<\/strong><\/p>\n\n\n\n<figure class=\"wp-block-embed-wordpress wp-block-embed is-type-wp-embed is-provider-knjizevni-krug\"><div class=\"wp-block-embed__wrapper\">\n<blockquote class=\"wp-embedded-content\" data-secret=\"cvSlICC32A\"><a href=\"https:\/\/www.knjizevni-krug.hr\/novosti\/novost-2\/\">DANI HVARSKOGA KAZALI\u0160TA<\/a><\/blockquote><iframe loading=\"lazy\" class=\"wp-embedded-content\" sandbox=\"allow-scripts\" security=\"restricted\" style=\"position: absolute; clip: rect(1px, 1px, 1px, 1px);\" title=\"&#8220;DANI HVARSKOGA KAZALI\u0160TA&#8221; &#8212; Knji\u017eevni krug\" src=\"https:\/\/www.knjizevni-krug.hr\/novosti\/novost-2\/embed\/#?secret=cvSlICC32A\" data-secret=\"cvSlICC32A\" width=\"600\" height=\"338\" frameborder=\"0\" marginwidth=\"0\" marginheight=\"0\" scrolling=\"no\"><\/iframe>\n<\/div><\/figure>\n\n\n\n<hr class=\"wp-block-separator\"\/>\n","protected":false},"excerpt":{"rendered":"","protected":false},"author":2,"featured_media":31233,"comment_status":"open","ping_status":"open","sticky":false,"template":"","format":"standard","meta":{"_acf_changed":false,"_jetpack_newsletter_access":"","_jetpack_dont_email_post_to_subs":false,"_jetpack_newsletter_tier_id":0,"_jetpack_memberships_contains_paywalled_content":false,"_jetpack_memberships_contains_paid_content":false,"footnotes":"","jetpack_publicize_message":"","jetpack_publicize_feature_enabled":true,"jetpack_social_post_already_shared":true,"jetpack_social_options":{"image_generator_settings":{"template":"highway","default_image_id":0,"font":"","enabled":false},"version":2},"jetpack_post_was_ever_published":false},"categories":[3,9],"tags":[],"class_list":["post-31232","post","type-post","status-publish","format-standard","has-post-thumbnail","hentry","category-novosti","category-skupovi"],"acf":{"facebook_opis":""},"jetpack_publicize_connections":[],"jetpack_featured_media_url":"https:\/\/i0.wp.com\/historiografija.hr\/wp-content\/uploads\/2022\/05\/Hvarsko-kazaliste.jpg?fit=400%2C270&ssl=1","jetpack_sharing_enabled":true,"jetpack-related-posts":[{"id":53985,"url":"https:\/\/historiografija.hr\/?p=53985","url_meta":{"origin":31232,"position":0},"title":"Otvorenje izlo\u017ebe \u0110or\u0111a Romi\u0107a \u201eCentimetri humanosti\u201c u Zagrebu","author":"Filip \u0160imunjak","date":"9. lipnja 2026.","format":false,"excerpt":"Otvorenje izlo\u017ebe \u0110or\u0111a Romi\u0107a \u201eCentimetri humanosti\u201c odr\u017eat \u0107e se u srijedu, 10. lipnja 2026. godine u 19:00 sati u Srpskom kulturnom centru (SKC), Preradovi\u0107eva 21, Zagreb. Izlo\u017eba ostaje otvorena do 3. srpnja 2026. Organizatori: Srpsko narodno vije\u0107e i Arhiv Srba u Hrvatskoj Autor projekta: Andrej \u0160imi\u0107 (autor projekta) i Davorka\u2026","rel":"","context":"U &quot;Izlo\u017ebe&quot;","block_context":{"text":"Izlo\u017ebe","link":"https:\/\/historiografija.hr\/?cat=10"},"img":{"alt_text":"","src":"https:\/\/i0.wp.com\/historiografija.hr\/wp-content\/uploads\/2026\/06\/pozivnica-dorde-romic-01-scaled.png?fit=1198%2C1200&ssl=1&resize=350%2C200","width":350,"height":200,"srcset":"https:\/\/i0.wp.com\/historiografija.hr\/wp-content\/uploads\/2026\/06\/pozivnica-dorde-romic-01-scaled.png?fit=1198%2C1200&ssl=1&resize=350%2C200 1x, https:\/\/i0.wp.com\/historiografija.hr\/wp-content\/uploads\/2026\/06\/pozivnica-dorde-romic-01-scaled.png?fit=1198%2C1200&ssl=1&resize=525%2C300 1.5x, https:\/\/i0.wp.com\/historiografija.hr\/wp-content\/uploads\/2026\/06\/pozivnica-dorde-romic-01-scaled.png?fit=1198%2C1200&ssl=1&resize=700%2C400 2x, https:\/\/i0.wp.com\/historiografija.hr\/wp-content\/uploads\/2026\/06\/pozivnica-dorde-romic-01-scaled.png?fit=1198%2C1200&ssl=1&resize=1050%2C600 3x"},"classes":[]},{"id":54480,"url":"https:\/\/historiografija.hr\/?p=54480","url_meta":{"origin":31232,"position":1},"title":"&#8220;Ve\u010dernji list&#8221; &#8211; Damir Stani\u0107: Zanemareno i prezreno naslje\u0111e Vojne krajine","author":"Branimir Jankovi\u0107","date":"7. srpnja 2026.","format":false,"excerpt":"\"Malo nas je toga kao dru\u0161tvo u tolikoj mjeri definiralo, a danas je toliko zanemareno i prezreno, kao na\u0161e vojnokraji\u0161ko naslje\u0111e. Osim nekolicine povjesni\u010dara i znanstvenika srodnih profila vojnokraji\u0161kom povije\u0161\u0107u gotovo se nitko ne bavi, a \u010dini se da malo koga uop\u0107e i zanima. Ta se tema rijetko spominje u\u2026","rel":"","context":"U &quot;Novosti&quot;","block_context":{"text":"Novosti","link":"https:\/\/historiografija.hr\/?cat=3"},"img":{"alt_text":"","src":"https:\/\/i0.wp.com\/historiografija.hr\/wp-content\/uploads\/2026\/07\/Vecernji.jpeg?fit=1200%2C906&ssl=1&resize=350%2C200","width":350,"height":200,"srcset":"https:\/\/i0.wp.com\/historiografija.hr\/wp-content\/uploads\/2026\/07\/Vecernji.jpeg?fit=1200%2C906&ssl=1&resize=350%2C200 1x, https:\/\/i0.wp.com\/historiografija.hr\/wp-content\/uploads\/2026\/07\/Vecernji.jpeg?fit=1200%2C906&ssl=1&resize=525%2C300 1.5x, https:\/\/i0.wp.com\/historiografija.hr\/wp-content\/uploads\/2026\/07\/Vecernji.jpeg?fit=1200%2C906&ssl=1&resize=700%2C400 2x, https:\/\/i0.wp.com\/historiografija.hr\/wp-content\/uploads\/2026\/07\/Vecernji.jpeg?fit=1200%2C906&ssl=1&resize=1050%2C600 3x"},"classes":[]},{"id":55040,"url":"https:\/\/historiografija.hr\/?p=55040","url_meta":{"origin":31232,"position":2},"title":"\u00c9ric-Emmanuel Schmitt, &#8220;Noin sin&#8221;","author":"Branimir Jankovi\u0107","date":"21. kolovoza 2026.","format":false,"excerpt":"Noin sin\u00a0roman je suvremenoga francuskog knji\u017eevnika \u00c9rica-Emmanuela Schmitta, koji je na hrvatski jezik preveo Vinko Grubi\u0161i\u0107. Objavila ga je Matica hrvatska 2026. godine. O romanu:\u00a0 U romanu se govori o odrastanju dje\u010daka Josepha u burnom razdoblju Drugoga svjetskog rata. Radnja djela smje\u0161tena je u 1942. godinu u Bruxelles, gdje sedmogodi\u0161njem\u2026","rel":"","context":"U &quot;Novosti&quot;","block_context":{"text":"Novosti","link":"https:\/\/historiografija.hr\/?cat=3"},"img":{"alt_text":"","src":"https:\/\/i0.wp.com\/historiografija.hr\/wp-content\/uploads\/2026\/08\/noin-sin-1492_medium.jpeg?resize=350%2C200&ssl=1","width":350,"height":200},"classes":[]},{"id":53739,"url":"https:\/\/historiografija.hr\/?p=53739","url_meta":{"origin":31232,"position":3},"title":"Javna tribina \u201eNaslje\u0111e Hermana Boll\u00e9a u Zagrebu\u201c","author":"Branimir Jankovi\u0107","date":"26. svibnja 2026.","format":false,"excerpt":"Javna tribina \u201eNaslje\u0111e Hermana Boll\u00e9a u Zagrebu\u201c odr\u017eat \u0107e se u \u010detvrtak, 28. svibnja 2026., u 18:00 sati u Multimedijalnoj dvorani Gradske knji\u017enice Knji\u017enice grada Zagreba (Star\u010devi\u0107ev trg 4). Tribina se odr\u017eava u suradnji s projektom \u201eArhitektura i kultura stanovanja u Zagrebu 1880.\u20131940.\u201c, koji se provodi na Institutu za povijest\u2026","rel":"","context":"U &quot;Novosti&quot;","block_context":{"text":"Novosti","link":"https:\/\/historiografija.hr\/?cat=3"},"img":{"alt_text":"","src":"https:\/\/i0.wp.com\/historiografija.hr\/wp-content\/uploads\/2026\/05\/arhzag-ipu-kgz-letak-20260528.jpg?fit=900%2C563&ssl=1&resize=350%2C200","width":350,"height":200,"srcset":"https:\/\/i0.wp.com\/historiografija.hr\/wp-content\/uploads\/2026\/05\/arhzag-ipu-kgz-letak-20260528.jpg?fit=900%2C563&ssl=1&resize=350%2C200 1x, https:\/\/i0.wp.com\/historiografija.hr\/wp-content\/uploads\/2026\/05\/arhzag-ipu-kgz-letak-20260528.jpg?fit=900%2C563&ssl=1&resize=525%2C300 1.5x, https:\/\/i0.wp.com\/historiografija.hr\/wp-content\/uploads\/2026\/05\/arhzag-ipu-kgz-letak-20260528.jpg?fit=900%2C563&ssl=1&resize=700%2C400 2x"},"classes":[]},{"id":54306,"url":"https:\/\/historiografija.hr\/?p=54306","url_meta":{"origin":31232,"position":4},"title":"\u201eDr\u017eava i njezino kazali\u0161te: Hrvatsko dr\u017eavno kazali\u0161te u Zagrebu 1941. \u2013 1945.\u201c (Zagreb: Fraktura, 2026)","author":"Filip \u0160imunjak","date":"25. lipnja 2026.","format":false,"excerpt":"U knjizi\u00a0Dr\u017eava i njezino kazali\u0161te: Hrvatsko dr\u017eavno kazali\u0161te u Zagrebu 1941. \u2013 1945.,\u00a0Snje\u017eana Banovi\u0107 precizno rekonstruira djelovanje zagreba\u010dkog kazali\u0161ta u razdoblju NDH, pokazuju\u0107i kako se kulturna politika, represija i osobne sudbine isprepli\u0107u u jednoj mra\u010dnoj povijesnoj epohi.\u00a0 O knjizi:\u00a0 Dr\u017eava i njezino kazali\u0161te: Hrvatsko dr\u017eavno kazali\u0161te u Zagrebu 1941. \u2013\u2026","rel":"","context":"U &quot;Knjige&quot;","block_context":{"text":"Knjige","link":"https:\/\/historiografija.hr\/?cat=8"},"img":{"alt_text":"","src":"https:\/\/i0.wp.com\/historiografija.hr\/wp-content\/uploads\/2026\/06\/Drzava-i-njeno-kazaliste.webp?fit=768%2C768&ssl=1&resize=350%2C200","width":350,"height":200,"srcset":"https:\/\/i0.wp.com\/historiografija.hr\/wp-content\/uploads\/2026\/06\/Drzava-i-njeno-kazaliste.webp?fit=768%2C768&ssl=1&resize=350%2C200 1x, https:\/\/i0.wp.com\/historiografija.hr\/wp-content\/uploads\/2026\/06\/Drzava-i-njeno-kazaliste.webp?fit=768%2C768&ssl=1&resize=525%2C300 1.5x, https:\/\/i0.wp.com\/historiografija.hr\/wp-content\/uploads\/2026\/06\/Drzava-i-njeno-kazaliste.webp?fit=768%2C768&ssl=1&resize=700%2C400 2x"},"classes":[]},{"id":52589,"url":"https:\/\/historiografija.hr\/?p=52589","url_meta":{"origin":31232,"position":5},"title":"Predstavljena knjiga Miomira \u017du\u017eula &#8220;Dayton: Diplomacija &#8211; druga strana rata&#8221;","author":"Branimir Jankovi\u0107","date":"22. travnja 2026.","format":false,"excerpt":"Knjiga Miomira \u017du\u017eula \u201eDayton: Diplomacija \u2013 druga strana rata\u201d predstavljena je u srijedu, 22. travnja 2026. godine u foajeu Hrvatskoga narodnog kazali\u0161ta u Zagrebu. Op\u0161irnije: https:\/\/vijesti.hrt.hr\/hrvatska\/predstavljena-knjiga-miomira-zuzula-dayton-diplomacija-druga-strana-rata-12683259 https:\/\/www.vecernji.ba\/amp\/vijesti\/zuzulova-knjiga-o-daytonu-predstavljena-u-zagrebu-diplomacija-kao-druga-strana-rata-1953700 https:\/\/www.tportal.hr\/vijesti\/clanak\/bivsi-sanaderov-ministar-odrzao-promociju-evo-tko-je-sve-dosao-na-predstavljanje-knjige-miomira-zuzula-foto-20260422 https:\/\/direktno.hr\/zivot\/kultura\/zuzul-otkrio-sve-o-drugoj-strani-rata-za-hrvatsku-se-nije-libio-povuci-nekoga-i-za-kosu-395042 https:\/\/www.24sata.hr\/news\/miomir-zuzul-predstavio-je-knjigu-o-daytonu-diplomacija-je-bila-druga-strana-rata-1123152 https:\/\/www.vecernji.hr\/kultura\/kolinda-grabar-kitarovic-otvoreno-miomir-zuzul-nije-vukao-samo-za-rukav-nego-i-za-kosu-1953722 https:\/\/www.vecernji.hr\/kultura\/i-papa-lav-xiv-eksplicitno-je-daytonski-sporazum-istaknuo-kao-primjer-uspjesna-rjesavanja-sukoba-1952215","rel":"","context":"U &quot;Novosti&quot;","block_context":{"text":"Novosti","link":"https:\/\/historiografija.hr\/?cat=3"},"img":{"alt_text":"","src":"https:\/\/i0.wp.com\/historiografija.hr\/wp-content\/uploads\/2026\/04\/Dayton.jpg?fit=1024%2C683&ssl=1&resize=350%2C200","width":350,"height":200,"srcset":"https:\/\/i0.wp.com\/historiografija.hr\/wp-content\/uploads\/2026\/04\/Dayton.jpg?fit=1024%2C683&ssl=1&resize=350%2C200 1x, https:\/\/i0.wp.com\/historiografija.hr\/wp-content\/uploads\/2026\/04\/Dayton.jpg?fit=1024%2C683&ssl=1&resize=525%2C300 1.5x, https:\/\/i0.wp.com\/historiografija.hr\/wp-content\/uploads\/2026\/04\/Dayton.jpg?fit=1024%2C683&ssl=1&resize=700%2C400 2x"},"classes":[]}],"_links":{"self":[{"href":"https:\/\/historiografija.hr\/index.php?rest_route=\/wp\/v2\/posts\/31232","targetHints":{"allow":["GET"]}}],"collection":[{"href":"https:\/\/historiografija.hr\/index.php?rest_route=\/wp\/v2\/posts"}],"about":[{"href":"https:\/\/historiografija.hr\/index.php?rest_route=\/wp\/v2\/types\/post"}],"author":[{"embeddable":true,"href":"https:\/\/historiografija.hr\/index.php?rest_route=\/wp\/v2\/users\/2"}],"replies":[{"embeddable":true,"href":"https:\/\/historiografija.hr\/index.php?rest_route=%2Fwp%2Fv2%2Fcomments&post=31232"}],"version-history":[{"count":1,"href":"https:\/\/historiografija.hr\/index.php?rest_route=\/wp\/v2\/posts\/31232\/revisions"}],"predecessor-version":[{"id":31234,"href":"https:\/\/historiografija.hr\/index.php?rest_route=\/wp\/v2\/posts\/31232\/revisions\/31234"}],"wp:featuredmedia":[{"embeddable":true,"href":"https:\/\/historiografija.hr\/index.php?rest_route=\/wp\/v2\/media\/31233"}],"wp:attachment":[{"href":"https:\/\/historiografija.hr\/index.php?rest_route=%2Fwp%2Fv2%2Fmedia&parent=31232"}],"wp:term":[{"taxonomy":"category","embeddable":true,"href":"https:\/\/historiografija.hr\/index.php?rest_route=%2Fwp%2Fv2%2Fcategories&post=31232"},{"taxonomy":"post_tag","embeddable":true,"href":"https:\/\/historiografija.hr\/index.php?rest_route=%2Fwp%2Fv2%2Ftags&post=31232"}],"curies":[{"name":"wp","href":"https:\/\/api.w.org\/{rel}","templated":true}]}}