{"id":31221,"date":"2022-05-09T20:36:30","date_gmt":"2022-05-09T20:36:30","guid":{"rendered":"http:\/\/historiografija.hr\/?p=31221"},"modified":"2022-05-09T20:36:30","modified_gmt":"2022-05-09T20:36:30","slug":"pierre-du-bois-annual-conference-2022-modern-transimperial-and-interimperial-histories-forms-questions-prospects-the-graduate-institute-geneva-12-14-may-2022","status":"publish","type":"post","link":"https:\/\/historiografija.hr\/?p=31221","title":{"rendered":"Pierre du Bois Annual Conference 2022: Modern Transimperial and Interimperial Histories: forms, questions, prospects (The Graduate Institute Geneva, 12-14 May 2022)"},"content":{"rendered":"\n<p>The scholarly context for the Pierre du Bois Annual Conference 2022 is a fascinating development in the discipline of history in the last decade: the rising interest in trans- and interimperial histories. These build on studies showing that a single empire\u2019s metropole and colonies need to be empirically and conceptually integrated. In the first decade of the 21 st century, such more contextualized and decentered histories of empire started evolving into trans- and interimperial histories proper. Inspired by an earlier turn to transnational and global histories, respective historians have been critiquing a deeply rooted and ultimately nationally-biased tendency, by many historians of empire, to focus empirical research and even conceptual conclusions on one single empire. The rise of trans- and interimperial histories crystallized by the 2010s\u2015though it was, one may say, predated by older studies of non-European modern empires. While methodologically dissimilar to present trans- and interimperial studies, these studies quasi by necessity paid considerable attention to (often unequal) relationships especially with modern European and American empires.<\/p>\n\n\n\n<p>The fundamental objective of the present conference is to take stock of this fascinating, partly old though mainly new field of historical inquiry as it regards the modern period; to bring together people who work on diverse trans- and interimperial themes, approaches, and geographical areas; and to chart possible future research synergies, prospects, and trajectories.<\/p>\n\n\n\n<p>To this effect, the conference, which will feature a keynote by a preeminent scholar of the Japanese Empire, Louise Young, brings to the Graduate Institute in Geneva about forty participants whose studies involve the Belgian, British, Qing Chinese, French, German, Habsburg, Qajar Iranian, Italian, Japanese, Ottoman, Portuguese, Russian, and US-American empires, and who will speak on themes ranging from methodological and historiographical reflections to regions, labor, economy, settlers and agriculture, war and violence, culture, institutions and knowledge, race, law, and nation(alism)s.<\/p>\n\n\n\n<p><strong>Programm<\/strong><\/p>\n\n\n\n<p><strong>THURSDAY 12 MAY 2022<\/strong><\/p>\n\n\n\n<p>08:30\u201309:00 WELCOME AND REGISTRATION<\/p>\n\n\n\n<p>09:00\u201309:15 <em>INTRODUCTORY REMARKS<\/em><\/p>\n\n\n\n<p>CYRUS SCHAYEGH, Geneva Graduate Institute \/ IRINA DU BOIS, Pierre du Bois Foundation<\/p>\n\n\n\n<p>09:15\u201310:30 <em>KEYNOTE LECTURE<\/em><\/p>\n\n\n\n<p>LOUISE YOUNG, University of Wisconsin-Madison: Now You See It, Now You Don\u2019t: Changing Sightlines on the Japanese Empire<\/p>\n\n\n\n<p>10:45\u201312:15 <em>PANEL 1 \u2013 HISTORIOGRAPHICAL AND CONCEPTUAL REFLECTIONS<\/em><\/p>\n\n\n\n<p>NADIN HE\u00c9, Osaka University: Materiality, Space, and Time in Transimperial Histories<\/p>\n\n\n\n<p>V\u00c9RONIQUE DIMIER, Universit\u00e9 Libre de Bruxelles: From Colonial to Post-Colonial Comparisons<\/p>\n\n\n\n<p>PAUL KRAMER, Vanderbilt University: The Prospects of Inter-Imperial History: The Case of the Modern United States in the World<\/p>\n\n\n\n<p>13:15\u201315:00 <em>PANEL 2 \u2013 REGIONS<\/em><\/p>\n\n\n\n<p>NICOLE CUUNJIENG ABOITIZ, Cambridge University: The Overlapping \u2018Regional\u2019 and \u2018Transimperial\u2019 at the Turn of the Twentieth Century in Southeast Asia<\/p>\n\n\n\n<p>ANNE-ISABELLE RICHARD, Leiden University: Interwar European Cooperation, Global, Transimperial, Regional Approaches?<\/p>\n\n\n\n<p>ALEXEY MILLER, St. Petersburg University: Competition, Cooperation, Restraint and Interconnectedness in a Macro-System of Continental Empires<\/p>\n\n\n\n<p>HARALD FISCHER-TIN\u00c9, ETH Zurich: Clash of Empires or Changing of the Guard? American Influence and Involvement in British India c. 1900\u20131940<\/p>\n\n\n\n<p>15:30\u201317:15 <em>PANEL 3 \u2013 ECONOMY<\/em><\/p>\n\n\n\n<p>MARC-WILLIAM PALEN, University of Exeter: Economic ideologies and Transimperialism: Friedrich List\u2019s National System (1841) as Case Study<\/p>\n\n\n\n<p>MORITZ VON BRESCIUS, Harvard University: Ficus Elastica: The Global Pathways of a Failed Plantation Crop<\/p>\n\n\n\n<p>ULRIKE VON HIRSCHHAUSEN, University of Rostock: Niches of Semi-coloniality: Yu Xiaqing in Shanghai 1880\u20131930<\/p>\n\n\n\n<p>JIAJIA LIU, Geneva Graduate Institute: Financial Capitalism on the Periphery: The Shanghai Stock Market Bubble of 1910<\/p>\n\n\n\n<p><strong>FRIDAY 13 MAY 2022<\/strong><\/p>\n\n\n\n<p>09:00\u201310:30 <em>PANEL 4 \u2013 LABOR(ERS) AND MERCHANTS<\/em><\/p>\n\n\n\n<p>M\u2019HAMED OUALDI, Sciences Po Paris: What the Demise of Slavery in Modern North Africa Tells Us about Transimperial Histories in the Modern Mediterranean<\/p>\n\n\n\n<p>ALEXANDER KEESE, Universit\u00e9 de Gen\u00e8ve: The Years When Everything Seemed Possible: The Second World War in Sub-Saharan Africa as an Inter-imperial Laboratory in Exploitation, 1940\u201345<\/p>\n\n\n\n<p>CHRISTOF DEJUNG, University of Bern: Spinning the Wheels of Commerce: Mercantile Elites and the Making of Global Markets<\/p>\n\n\n\n<p>10:45\u201312:15 <em>PANEL 5 \u2013 SETTLERS AND AGRICULTURE<\/em><\/p>\n\n\n\n<p>PETER LAVELLE, Temple University: Overseas Labor Migration and the Chinese Colonial Imagination<\/p>\n\n\n\n<p>MARTIN DUSINBERRE, University of Zurich: Reconciling Japanese-Indigenous Histories in the Imperial Pacific World<\/p>\n\n\n\n<p>MONA BIELING, Geneva Graduate Institute: Hebrew University\u2019s Botanical Gardens: a Source in Scientific Knowledge Creation in Mandatory Palestine<\/p>\n\n\n\n<p>13:15\u201315:00 <em>PANEL 6 \u2013 WAR AND VIOLENCE<\/em><\/p>\n\n\n\n<p>ALEXANDER MORRISON, University of Oxford: \u2018Agir \u00e0 l\u2019anglaise\u2019 \u2013 Britain, France and Russia in the Imperial Mirror, 1814\u20131914<\/p>\n\n\n\n<p>VLADIMIR HAMED-TROYANSKY, University of California, Santa Barbara: Migration and Violence in the Russo-Ottoman Borderlands<\/p>\n\n\n\n<p>DANIEL HEDINGER, Ludwig-Maximilians-Universit\u00e4t M\u00fcnchen: The Second World War: A Transimperial History?<\/p>\n\n\n\n<p>MARTIN THOMAS, University of Exeter: Insurgent Partners? Imperialist Networks of Influence in 1960s Algeria, Biafra, and Portuguese Africa<\/p>\n\n\n\n<p>15:30\u201317:00 <em>PANEL 7 \u2013 RACE<\/em><\/p>\n\n\n\n<p>ULRIKE LINDNER, Universit\u00e4t zu K\u00f6ln: Racist Thought as Basic Element of Co-operation between Fin-de-si\u00e8cle Empires: Scope and Limits<\/p>\n\n\n\n<p>PATRICK BERNHARD, University of Oslo: Libya in Poland and Palestine: Fascism\u2019s Imperial Biopolitics and Its International Imprint<\/p>\n\n\n\n<p>EILEEN RYAN, Temple University: Troubling the Italian Color Line under the Fascist Race Laws<\/p>\n\n\n\n<p><strong>Kontakt<\/strong><\/p>\n\n\n\n<p>E-Mail: cyrus.schayegh@graduateinstitute.ch<\/p>\n\n\n\n<p><a rel=\"noreferrer noopener\" href=\"https:\/\/www.graduateinstitute.ch\/communications\/events\/modern-transimperial-and-interimperial-histories-forms-questions-prospects-0\" target=\"_blank\">https:\/\/www.graduateinstitute.ch\/communications\/events\/modern-transimperial-and-interimperial-histories-forms-questions-prospects-0<\/a> <\/p>\n\n\n\n<hr class=\"wp-block-separator\"\/>\n\n\n\n<p>Modern Transimperial and Interimperial Histories: forms, questions, prospects. In: H-Soz-Kult, 28.04.2022, <a href=\"http:\/\/www.hsozkult.de\/event\/id\/event-117570\">&lt;www.hsozkult.de\/event\/id\/event-117570><\/a><\/p>\n\n\n\n<hr class=\"wp-block-separator\"\/>\n","protected":false},"excerpt":{"rendered":"","protected":false},"author":2,"featured_media":31222,"comment_status":"open","ping_status":"open","sticky":false,"template":"","format":"standard","meta":{"_acf_changed":false,"_jetpack_newsletter_access":"","_jetpack_dont_email_post_to_subs":false,"_jetpack_newsletter_tier_id":0,"_jetpack_memberships_contains_paywalled_content":false,"_jetpack_memberships_contains_paid_content":false,"footnotes":"","jetpack_publicize_message":"","jetpack_publicize_feature_enabled":true,"jetpack_social_post_already_shared":true,"jetpack_social_options":{"image_generator_settings":{"template":"highway","default_image_id":0,"font":"","enabled":false},"version":2},"jetpack_post_was_ever_published":false},"categories":[3,9],"tags":[],"class_list":["post-31221","post","type-post","status-publish","format-standard","has-post-thumbnail","hentry","category-novosti","category-skupovi"],"acf":{"facebook_opis":""},"jetpack_publicize_connections":[],"jetpack_featured_media_url":"https:\/\/i0.wp.com\/historiografija.hr\/wp-content\/uploads\/2022\/05\/Pierre-du-Bois-2022-banner.jpg?fit=1440%2C407&ssl=1","jetpack_sharing_enabled":true,"jetpack-related-posts":[{"id":55059,"url":"https:\/\/historiografija.hr\/?p=55059","url_meta":{"origin":31221,"position":0},"title":"Antoon De Baets, &#8220;Censorship of History&#8221;","author":"Branimir Jankovi\u0107","date":"24. kolovoza 2026.","format":false,"excerpt":"Censorship is the dark side of historical writing. Because much censorship is shrouded in secrecy, the subject tends to stay outside mainstream histories of historical writing. Consequently, many such histories offer unduly optimistic accounts of historical writing. They assume that historians produced their works in a political vacuum. This view\u2026","rel":"","context":"U &quot;Knjige&quot;","block_context":{"text":"Knjige","link":"https:\/\/historiografija.hr\/?cat=8"},"img":{"alt_text":"","src":"https:\/\/i0.wp.com\/historiografija.hr\/wp-content\/uploads\/2026\/08\/censorship-of-history.jpg?fit=1200%2C1043&ssl=1&resize=350%2C200","width":350,"height":200,"srcset":"https:\/\/i0.wp.com\/historiografija.hr\/wp-content\/uploads\/2026\/08\/censorship-of-history.jpg?fit=1200%2C1043&ssl=1&resize=350%2C200 1x, https:\/\/i0.wp.com\/historiografija.hr\/wp-content\/uploads\/2026\/08\/censorship-of-history.jpg?fit=1200%2C1043&ssl=1&resize=525%2C300 1.5x, https:\/\/i0.wp.com\/historiografija.hr\/wp-content\/uploads\/2026\/08\/censorship-of-history.jpg?fit=1200%2C1043&ssl=1&resize=700%2C400 2x, https:\/\/i0.wp.com\/historiografija.hr\/wp-content\/uploads\/2026\/08\/censorship-of-history.jpg?fit=1200%2C1043&ssl=1&resize=1050%2C600 3x"},"classes":[]},{"id":55007,"url":"https:\/\/historiografija.hr\/?p=55007","url_meta":{"origin":31221,"position":1},"title":"The Routledge Handbook of Environmental History","author":"Branimir Jankovi\u0107","date":"18. kolovoza 2026.","format":false,"excerpt":"Edited by Emily O'Gorman, William San Mart\u00edn, Mark Carey and Sandra Swart The Routledge Handbook of Environmental History presents a cutting-edge overview of the dynamic and ever-expanding field of environmental history. It addresses recent transformations in the field and responses to shifting scholarly, political, and environmental landscapes. The handbook fully\u2026","rel":"","context":"U &quot;Knjige&quot;","block_context":{"text":"Knjige","link":"https:\/\/historiografija.hr\/?cat=8"},"img":{"alt_text":"","src":"https:\/\/i0.wp.com\/historiografija.hr\/wp-content\/uploads\/2026\/08\/Environmental-History.jpg?fit=350%2C498&ssl=1&resize=350%2C200","width":350,"height":200},"classes":[]},{"id":54121,"url":"https:\/\/historiografija.hr\/?p=54121","url_meta":{"origin":31221,"position":2},"title":"ZGODOVINA NA \u0160PICI: YUGOSLAVIA AND CAMBODIA: ENTANGLED HISTORIES OF NON-ALIGNMENT","author":"Branimir Jankovi\u0107","date":"16. lipnja 2026.","format":false,"excerpt":"You are kindly invited to a new lecture in the History on the Edge series, which will take place on Wednesday, June 17, 2026, at the INZ premises or via the ZOOM link: https:\/\/us06web.zoom.us\/j\/85093074535?pwd=chFdSCgScVg8fw1djh3bVz8h9gqWtm.1 . In the new season, lectures will take place at 3 p.m. and if you will\u2026","rel":"","context":"U &quot;Novosti&quot;","block_context":{"text":"Novosti","link":"https:\/\/historiografija.hr\/?cat=3"},"img":{"alt_text":"","src":"https:\/\/i0.wp.com\/historiografija.hr\/wp-content\/uploads\/2026\/06\/ZNS_predavanje.jpg?fit=1086%2C567&ssl=1&resize=350%2C200","width":350,"height":200,"srcset":"https:\/\/i0.wp.com\/historiografija.hr\/wp-content\/uploads\/2026\/06\/ZNS_predavanje.jpg?fit=1086%2C567&ssl=1&resize=350%2C200 1x, https:\/\/i0.wp.com\/historiografija.hr\/wp-content\/uploads\/2026\/06\/ZNS_predavanje.jpg?fit=1086%2C567&ssl=1&resize=525%2C300 1.5x, https:\/\/i0.wp.com\/historiografija.hr\/wp-content\/uploads\/2026\/06\/ZNS_predavanje.jpg?fit=1086%2C567&ssl=1&resize=700%2C400 2x, https:\/\/i0.wp.com\/historiografija.hr\/wp-content\/uploads\/2026\/06\/ZNS_predavanje.jpg?fit=1086%2C567&ssl=1&resize=1050%2C600 3x"},"classes":[]},{"id":55062,"url":"https:\/\/historiografija.hr\/?p=55062","url_meta":{"origin":31221,"position":3},"title":"CfP: The Making of Solidarity: A\u00a0Conference on Eastern and Central European Dissidents, 1945-1991","author":"Branimir Jankovi\u0107","date":"24. kolovoza 2026.","format":false,"excerpt":"This open call invites proposals for an interdisciplinary conference on Eastern and Central European dissidence, solidarity, and anti-imperial thought. The Making of Solidarity: A\u00a0Conference on Eastern and Central European Dissidents, 1945-1991 16.-17. November 2026 A close reading of Ivan Dziuba\u2019s classic\u00a01965 essay Internationalism or Russification? offers a\u00a0useful lens through which\u2026","rel":"","context":"U &quot;Novosti&quot;","block_context":{"text":"Novosti","link":"https:\/\/historiografija.hr\/?cat=3"},"img":{"alt_text":"","src":"https:\/\/i0.wp.com\/historiografija.hr\/wp-content\/uploads\/2026\/08\/The-Making-of-Solidarity.png?fit=883%2C662&ssl=1&resize=350%2C200","width":350,"height":200,"srcset":"https:\/\/i0.wp.com\/historiografija.hr\/wp-content\/uploads\/2026\/08\/The-Making-of-Solidarity.png?fit=883%2C662&ssl=1&resize=350%2C200 1x, https:\/\/i0.wp.com\/historiografija.hr\/wp-content\/uploads\/2026\/08\/The-Making-of-Solidarity.png?fit=883%2C662&ssl=1&resize=525%2C300 1.5x, https:\/\/i0.wp.com\/historiografija.hr\/wp-content\/uploads\/2026\/08\/The-Making-of-Solidarity.png?fit=883%2C662&ssl=1&resize=700%2C400 2x"},"classes":[]},{"id":54392,"url":"https:\/\/historiografija.hr\/?p=54392","url_meta":{"origin":31221,"position":4},"title":"Call for Papers: Histories of Anti-Tourism","author":"Branimir Jankovi\u0107","date":"30. lipnja 2026.","format":false,"excerpt":"Deadline for submission: August 3, 2026 Online workshop \u2013 Fall 2026 In-person conference, Berlin \u2013 Spring 2027 In recent years, tourism numbers worldwide have expanded dramatically, often exceeding the capacity of places and communities. In response, residents have protested, debate has intensified, and both public authorities and the tourism industry\u2026","rel":"","context":"U &quot;Novosti&quot;","block_context":{"text":"Novosti","link":"https:\/\/historiografija.hr\/?cat=3"},"img":{"alt_text":"","src":"https:\/\/i0.wp.com\/historiografija.hr\/wp-content\/uploads\/2026\/06\/Call-for-Papers-Histories-of-Anti-Tourism-TU-Berlin.png?fit=1035%2C490&ssl=1&resize=350%2C200","width":350,"height":200,"srcset":"https:\/\/i0.wp.com\/historiografija.hr\/wp-content\/uploads\/2026\/06\/Call-for-Papers-Histories-of-Anti-Tourism-TU-Berlin.png?fit=1035%2C490&ssl=1&resize=350%2C200 1x, https:\/\/i0.wp.com\/historiografija.hr\/wp-content\/uploads\/2026\/06\/Call-for-Papers-Histories-of-Anti-Tourism-TU-Berlin.png?fit=1035%2C490&ssl=1&resize=525%2C300 1.5x, https:\/\/i0.wp.com\/historiografija.hr\/wp-content\/uploads\/2026\/06\/Call-for-Papers-Histories-of-Anti-Tourism-TU-Berlin.png?fit=1035%2C490&ssl=1&resize=700%2C400 2x"},"classes":[]},{"id":53394,"url":"https:\/\/historiografija.hr\/?p=53394","url_meta":{"origin":31221,"position":5},"title":"Enzo Traverso, &#8220;Singular Pasts: The &#8220;I&#8221; in Historiography&#8221;","author":"Branimir Jankovi\u0107","date":"15. svibnja 2026.","format":false,"excerpt":"Translated by Adam Schoene Columbia University Press Pub Date: November 2022 Today, history is increasingly written in the first person. A growing number of historical works include an autobiographical dimension, as if writing about the past required exploring the inner life of the author. Neither traditional history nor autobiography, this\u2026","rel":"","context":"U &quot;Knjige&quot;","block_context":{"text":"Knjige","link":"https:\/\/historiografija.hr\/?cat=8"},"img":{"alt_text":"","src":"https:\/\/historiografija.hr\/wp-content\/uploads\/2026\/05\/Traverso.avif","width":350,"height":200},"classes":[]}],"_links":{"self":[{"href":"https:\/\/historiografija.hr\/index.php?rest_route=\/wp\/v2\/posts\/31221","targetHints":{"allow":["GET"]}}],"collection":[{"href":"https:\/\/historiografija.hr\/index.php?rest_route=\/wp\/v2\/posts"}],"about":[{"href":"https:\/\/historiografija.hr\/index.php?rest_route=\/wp\/v2\/types\/post"}],"author":[{"embeddable":true,"href":"https:\/\/historiografija.hr\/index.php?rest_route=\/wp\/v2\/users\/2"}],"replies":[{"embeddable":true,"href":"https:\/\/historiografija.hr\/index.php?rest_route=%2Fwp%2Fv2%2Fcomments&post=31221"}],"version-history":[{"count":1,"href":"https:\/\/historiografija.hr\/index.php?rest_route=\/wp\/v2\/posts\/31221\/revisions"}],"predecessor-version":[{"id":31223,"href":"https:\/\/historiografija.hr\/index.php?rest_route=\/wp\/v2\/posts\/31221\/revisions\/31223"}],"wp:featuredmedia":[{"embeddable":true,"href":"https:\/\/historiografija.hr\/index.php?rest_route=\/wp\/v2\/media\/31222"}],"wp:attachment":[{"href":"https:\/\/historiografija.hr\/index.php?rest_route=%2Fwp%2Fv2%2Fmedia&parent=31221"}],"wp:term":[{"taxonomy":"category","embeddable":true,"href":"https:\/\/historiografija.hr\/index.php?rest_route=%2Fwp%2Fv2%2Fcategories&post=31221"},{"taxonomy":"post_tag","embeddable":true,"href":"https:\/\/historiografija.hr\/index.php?rest_route=%2Fwp%2Fv2%2Ftags&post=31221"}],"curies":[{"name":"wp","href":"https:\/\/api.w.org\/{rel}","templated":true}]}}