{"id":31218,"date":"2022-05-09T20:28:06","date_gmt":"2022-05-09T20:28:06","guid":{"rendered":"http:\/\/historiografija.hr\/?p=31218"},"modified":"2022-05-09T20:28:06","modified_gmt":"2022-05-09T20:28:06","slug":"bb-elena-marchevska-balkan-is-not-dead-staging-european-identity-in-the-plays-of-dejan-dukovski","status":"publish","type":"post","link":"https:\/\/historiografija.hr\/?p=31218","title":{"rendered":"BB: Elena Marchevska &#8211; Balkan is not Dead: Staging European identity in the plays of Dejan Dukovski"},"content":{"rendered":"\n<p>My research has been focused on how Europeanization process has been portrait in theatre plays and production in three South-Eastern European countries: North Macedonia, Serbia and Bosnia and Herzegovina. I have been interested in how theatre is used as a medium to discuss local and regional tension between European belonging and Balkan identities. As argued by Jestrovi\u0107: \u2018Theatre is a unique worksite for a number of reasons: its immediacy\u2014the here and now\u2014that always carries the potential of spillage, of overflow, from the stage into the auditorium and beyond or the other way round\u2014from the outside into the auditorium and onto the stage. In other words, it holds the possibility of the&nbsp; unexpected, of a rupture\u2026\u2019 (2019:251).<\/p>\n\n\n\n<p>In this paper I will discuss the work of the playwriter\u00a0 Dejan Dukovski, and his collaboration with the theatre director Aleksandar Popovski. I am particularly interested in how this artists duo challenge and question Europeanization in their work produced between late 1990s and early 2010. And how their process has been influenced by the political and social changes triggered by the accession negotiation with the European union. My focus is on scoping and highlighting the alternative imaginary forms of identification proposed by the artists.<\/p>\n\n\n\n<hr class=\"wp-block-separator\"\/>\n\n\n\n<p>10.05.2022 13:00 &#8211; 14:00<\/p>\n\n\n\n<hr class=\"wp-block-separator\"\/>\n\n\n\n<p>VeranstalterIn<\/p>\n\n\n\n<p>Zentrum f\u00fcr S\u00fcdosteuropastudien, SOEGA &amp; S\u00fcdosteuropa-Gesellschaft<\/p>\n\n\n\n<hr class=\"wp-block-separator\"\/>\n\n\n\n<p>Veranstaltungsort:<\/p>\n\n\n\n<p>Ort: HS 04.01 &#8211; Universit\u00e4tsplatz 4, EG<\/p>\n\n\n\n<hr class=\"wp-block-separator\"\/>\n\n\n\n<p><a href=\"https:\/\/suedosteuropa.uni-graz.at\/de\/veranstaltungen\/detail\/article\/brownbagbalkan-is-not-dead-staging-european-identity-in-the-plays-of-dejan-dukovski\/\">https:\/\/suedosteuropa.uni-graz.at\/de\/veranstaltungen\/detail\/article\/brownbagbalkan-is-not-dead-staging-european-identity-in-the-plays-of-dejan-dukovski\/<\/a><\/p>\n\n\n\n<hr class=\"wp-block-separator\"\/>\n\n\n\n<p><\/p>\n","protected":false},"excerpt":{"rendered":"","protected":false},"author":2,"featured_media":31219,"comment_status":"open","ping_status":"open","sticky":false,"template":"","format":"standard","meta":{"_acf_changed":false,"jetpack_post_was_ever_published":false,"_jetpack_newsletter_access":"","_jetpack_dont_email_post_to_subs":false,"_jetpack_newsletter_tier_id":0,"_jetpack_memberships_contains_paywalled_content":false,"_jetpack_memberships_contains_paid_content":false,"footnotes":"","jetpack_publicize_message":"","jetpack_publicize_feature_enabled":true,"jetpack_social_post_already_shared":true,"jetpack_social_options":{"image_generator_settings":{"template":"highway","default_image_id":0,"font":"","enabled":false},"version":2}},"categories":[3,12],"tags":[],"class_list":["post-31218","post","type-post","status-publish","format-standard","has-post-thumbnail","hentry","category-novosti","category-knjizevnost"],"acf":{"facebook_opis":""},"jetpack_publicize_connections":[],"jetpack_featured_media_url":"https:\/\/i0.wp.com\/historiografija.hr\/wp-content\/uploads\/2022\/05\/Photo-copyright-Numen-Ivana-Jonke.jpeg?fit=800%2C450&ssl=1","jetpack_sharing_enabled":true,"jetpack-related-posts":[],"_links":{"self":[{"href":"https:\/\/historiografija.hr\/index.php?rest_route=\/wp\/v2\/posts\/31218","targetHints":{"allow":["GET"]}}],"collection":[{"href":"https:\/\/historiografija.hr\/index.php?rest_route=\/wp\/v2\/posts"}],"about":[{"href":"https:\/\/historiografija.hr\/index.php?rest_route=\/wp\/v2\/types\/post"}],"author":[{"embeddable":true,"href":"https:\/\/historiografija.hr\/index.php?rest_route=\/wp\/v2\/users\/2"}],"replies":[{"embeddable":true,"href":"https:\/\/historiografija.hr\/index.php?rest_route=%2Fwp%2Fv2%2Fcomments&post=31218"}],"version-history":[{"count":1,"href":"https:\/\/historiografija.hr\/index.php?rest_route=\/wp\/v2\/posts\/31218\/revisions"}],"predecessor-version":[{"id":31220,"href":"https:\/\/historiografija.hr\/index.php?rest_route=\/wp\/v2\/posts\/31218\/revisions\/31220"}],"wp:featuredmedia":[{"embeddable":true,"href":"https:\/\/historiografija.hr\/index.php?rest_route=\/wp\/v2\/media\/31219"}],"wp:attachment":[{"href":"https:\/\/historiografija.hr\/index.php?rest_route=%2Fwp%2Fv2%2Fmedia&parent=31218"}],"wp:term":[{"taxonomy":"category","embeddable":true,"href":"https:\/\/historiografija.hr\/index.php?rest_route=%2Fwp%2Fv2%2Fcategories&post=31218"},{"taxonomy":"post_tag","embeddable":true,"href":"https:\/\/historiografija.hr\/index.php?rest_route=%2Fwp%2Fv2%2Ftags&post=31218"}],"curies":[{"name":"wp","href":"https:\/\/api.w.org\/{rel}","templated":true}]}}