{"id":31215,"date":"2022-05-09T20:21:25","date_gmt":"2022-05-09T20:21:25","guid":{"rendered":"http:\/\/historiografija.hr\/?p=31215"},"modified":"2022-05-09T20:21:25","modified_gmt":"2022-05-09T20:21:25","slug":"ljetni-semestar-ckpis-a-predavanje-borisa-koromana-mjesto-pripovijesti-i-ne-mjesto-stvarnosti","status":"publish","type":"post","link":"https:\/\/historiografija.hr\/?p=31215","title":{"rendered":"Ljetni semestar CKPIS-a: Predavanje Borisa Koromana \u201cMjesto pripovijesti i ne-mjesto stvarnosti\u201d"},"content":{"rendered":"\n<p>U ovogodi\u0161njem Ljetnom semestru CKPIS-a, ciklusu predavanja povodom desete godi\u0161njice Centra, peti je predava\u010d <a href=\"https:\/\/ffpu.unipu.hr\/ffpu\/boris.koroman\" target=\"_blank\" rel=\"noreferrer noopener\">Boris Koroman<\/a> s temom <em>Mjesto pripovijesti i ne-mjesto stvarnosti<\/em>. Predavanje \u0107e se odr\u017eati u utorak, 10. svibnja 2022., u 18.00 sati u virtualnoj dvorani&nbsp;<a href=\"https:\/\/ovh.unipu.hr\/b\/lad-fcf-rpe-ydv\" target=\"_blank\" rel=\"noreferrer noopener\">https:\/\/ovh.unipu.hr\/b\/lad-fcf-rpe-ydv<\/a>.<\/p>\n\n\n\n<p>U izlaganju se problematizira (i vlastita) pozicija knji\u017eevnog povjesni\u010dara u poku\u0161ajima iznala\u017eenja analiti\u010dkih obuhvata romaneskne (i ine, prozne i intermedijalne) produkcije koji bi se pokazali relevantnima za vrijeme u kojem nastaju i koje tematiziraju. Temeljno pitanje koje se postavlja u izlaganju jest: ako su knji\u017eevnim povjesni\u010darkama i povjesni\u010darima dostupni korisni alati za pristupanje problemu &#8220;stvarnosne proze&#8221; ili &#8220;proze mimeti\u010dkog impulsa&#8221;, kakva se nova pitanja otvaraju u vremenu u kojem pojam &#8220;stvarnosti&#8221; postaje krajnje problemati\u010dan i analiti\u010dki nedovoljno dostupan? Kako se kompleksna mre\u017ea novih odnosa na relacijama ekonomija-mediji-novi mediji-fikcija i stvarnost odra\u017eava na polje kulture i gdje je tu mogu\u0107e smjestiti knji\u017eevnost i povijest knji\u017eevnosti?<\/p>\n\n\n\n<hr class=\"wp-block-separator\"\/>\n\n\n\n<p>Izvor:<\/p>\n\n\n\n<p><a href=\"https:\/\/www.unipu.hr\/ckpis\/dogadanja\">https:\/\/www.unipu.hr\/ckpis\/dogadanja<\/a><\/p>\n\n\n\n<hr class=\"wp-block-separator\"\/>\n\n\n\n<p><\/p>\n","protected":false},"excerpt":{"rendered":"","protected":false},"author":2,"featured_media":31216,"comment_status":"open","ping_status":"open","sticky":false,"template":"","format":"standard","meta":{"_acf_changed":false,"_jetpack_newsletter_access":"","_jetpack_dont_email_post_to_subs":false,"_jetpack_newsletter_tier_id":0,"_jetpack_memberships_contains_paywalled_content":false,"_jetpack_memberships_contains_paid_content":false,"footnotes":"","jetpack_publicize_message":"","jetpack_publicize_feature_enabled":true,"jetpack_social_post_already_shared":true,"jetpack_social_options":{"image_generator_settings":{"template":"highway","default_image_id":0,"font":"","enabled":false},"version":2},"jetpack_post_was_ever_published":false},"categories":[3],"tags":[],"class_list":["post-31215","post","type-post","status-publish","format-standard","has-post-thumbnail","hentry","category-novosti"],"acf":{"facebook_opis":""},"jetpack_publicize_connections":[],"jetpack_featured_media_url":"https:\/\/i0.wp.com\/historiografija.hr\/wp-content\/uploads\/2022\/05\/CKPIS-Koroman.png?fit=800%2C450&ssl=1","jetpack_sharing_enabled":true,"jetpack-related-posts":[{"id":52657,"url":"https:\/\/historiografija.hr\/?p=52657","url_meta":{"origin":31215,"position":0},"title":"[Predavanje] Jezik i drugost u (post)socijalisti\u010dkoj Srbiji: diskurzivne politike identiteta (YugoLab)","author":"Branimir Jankovi\u0107","date":"24. travnja 2026.","format":false,"excerpt":"U sklopu projekta Prizma \/ IMAGINATION (\u201eZami\u0161ljanje nacije: srpski nacionalni narativi u sporu (XX\u2013XXI vek)\u201c), koji se realizuje na Institutu za filozofiju i dru\u0161tvenu teoriju Univerziteta u Beogradu (2024\u20132027) uz finansijsku podr\u0161ku Fonda za nauku Republike Srbije, organizuje se serija predavanja na kojoj istra\u017eiva\u010di i istra\u017eiva\u010dice projekta predstavljaju rezultate svojih\u2026","rel":"","context":"U &quot;Novosti&quot;","block_context":{"text":"Novosti","link":"https:\/\/historiografija.hr\/?cat=3"},"img":{"alt_text":"","src":"https:\/\/i0.wp.com\/historiografija.hr\/wp-content\/uploads\/2026\/04\/IFDT_28_IV.png?fit=1200%2C675&ssl=1&resize=350%2C200","width":350,"height":200,"srcset":"https:\/\/i0.wp.com\/historiografija.hr\/wp-content\/uploads\/2026\/04\/IFDT_28_IV.png?fit=1200%2C675&ssl=1&resize=350%2C200 1x, https:\/\/i0.wp.com\/historiografija.hr\/wp-content\/uploads\/2026\/04\/IFDT_28_IV.png?fit=1200%2C675&ssl=1&resize=525%2C300 1.5x, https:\/\/i0.wp.com\/historiografija.hr\/wp-content\/uploads\/2026\/04\/IFDT_28_IV.png?fit=1200%2C675&ssl=1&resize=700%2C400 2x, https:\/\/i0.wp.com\/historiografija.hr\/wp-content\/uploads\/2026\/04\/IFDT_28_IV.png?fit=1200%2C675&ssl=1&resize=1050%2C600 3x"},"classes":[]},{"id":54583,"url":"https:\/\/historiografija.hr\/?p=54583","url_meta":{"origin":31215,"position":1},"title":"Novi interaktivni sadr\u017eaj u Muzejskoj zoni Zra\u010dne luke Franjo Tu\u0111man o nacionalnim simbolima","author":"Branimir Jankovi\u0107","date":"14. srpnja 2026.","format":false,"excerpt":"Zagreb, 9. srpnja 2026. \u2013 Hrvatski povijesni muzej i Me\u0111unarodna zra\u010dna luka Zagreb predstavili su prvo pro\u0161irenje Muzejske zone u putni\u010dkom terminalu. Izlo\u017eba \"Zvijezde hrvatske povijesti: Nebo im je granica. Upoznaj ih!\", otvorena u velja\u010di 2025. godine, od danas je bogatija za svoju 25. zvijezdu \u2013 hrvatsku zastavu. Novi interaktivni\u2026","rel":"","context":"U &quot;Novosti&quot;","block_context":{"text":"Novosti","link":"https:\/\/historiografija.hr\/?cat=3"},"img":{"alt_text":"","src":"https:\/\/i0.wp.com\/historiografija.hr\/wp-content\/uploads\/2026\/07\/Nacionalni-simboli.jpg?fit=1200%2C800&ssl=1&resize=350%2C200","width":350,"height":200,"srcset":"https:\/\/i0.wp.com\/historiografija.hr\/wp-content\/uploads\/2026\/07\/Nacionalni-simboli.jpg?fit=1200%2C800&ssl=1&resize=350%2C200 1x, https:\/\/i0.wp.com\/historiografija.hr\/wp-content\/uploads\/2026\/07\/Nacionalni-simboli.jpg?fit=1200%2C800&ssl=1&resize=525%2C300 1.5x, https:\/\/i0.wp.com\/historiografija.hr\/wp-content\/uploads\/2026\/07\/Nacionalni-simboli.jpg?fit=1200%2C800&ssl=1&resize=700%2C400 2x, https:\/\/i0.wp.com\/historiografija.hr\/wp-content\/uploads\/2026\/07\/Nacionalni-simboli.jpg?fit=1200%2C800&ssl=1&resize=1050%2C600 3x"},"classes":[]},{"id":52547,"url":"https:\/\/historiografija.hr\/?p=52547","url_meta":{"origin":31215,"position":2},"title":"ISHA Zagreb \u2013 Filmska ve\u010der: Povratak Martina Guerrea","author":"Branimir Jankovi\u0107","date":"20. travnja 2026.","format":false,"excerpt":"Klub studenata povijesti \u2013 ISHA Zagreb poziva Vas na filmsku ve\u010der na kojoj \u0107e se prikazivati \u201ePovratak Martina Guerrea\u201c, povijesna drama iz 1982. godine s radnjom smje\u0161tenom u 16. stolje\u0107u. Radnja je utemeljena na stvarnoj povijesnoj li\u010dnosti Martina Guerrea koji se nakon mnogo godina izbivanja vra\u0107a u svoje rodno mjesto\u2026","rel":"","context":"U &quot;Filmovi i serije&quot;","block_context":{"text":"Filmovi i serije","link":"https:\/\/historiografija.hr\/?cat=13"},"img":{"alt_text":"","src":"https:\/\/i0.wp.com\/historiografija.hr\/wp-content\/uploads\/2026\/04\/M-Guerre.png?fit=702%2C1006&ssl=1&resize=350%2C200","width":350,"height":200,"srcset":"https:\/\/i0.wp.com\/historiografija.hr\/wp-content\/uploads\/2026\/04\/M-Guerre.png?fit=702%2C1006&ssl=1&resize=350%2C200 1x, https:\/\/i0.wp.com\/historiografija.hr\/wp-content\/uploads\/2026\/04\/M-Guerre.png?fit=702%2C1006&ssl=1&resize=525%2C300 1.5x, https:\/\/i0.wp.com\/historiografija.hr\/wp-content\/uploads\/2026\/04\/M-Guerre.png?fit=702%2C1006&ssl=1&resize=700%2C400 2x"},"classes":[]},{"id":54132,"url":"https:\/\/historiografija.hr\/?p=54132","url_meta":{"origin":31215,"position":3},"title":"Mario \u0160imunkovi\u0107: Prilog javnoj raspravi o projektu \u201e\u017drtve ratova i dr\u017eavnog\/politi\u010dkog nasilja u hrvatskoj povijesti 20. stolje\u0107a\u201c","author":"Branimir Jankovi\u0107","date":"17. lipnja 2026.","format":false,"excerpt":"Prilog javnoj raspravi o projektu \u201e\u017drtve ratova i dr\u017eavnog\/politi\u010dkog nasilja u hrvatskoj povijesti 20. stolje\u0107a\u201c Prije svega \u017eelim izraziti podr\u0161ku i pohvaliti pokretanje projekta \u201e\u017drtve ratova i dr\u017eavnog\/politi\u010dkog nasilja u hrvatskoj povijesti 20. stolje\u0107a\u201c Hrvatskog instituta za povijest. Rije\u010d je o jednom od najambicioznijih i najva\u017enijih historiografskih projekata pokrenutih u\u2026","rel":"","context":"U &quot;Prikazi i osvrti&quot;","block_context":{"text":"Prikazi i osvrti","link":"https:\/\/historiografija.hr\/?cat=4"},"img":{"alt_text":"","src":"","width":0,"height":0},"classes":[]},{"id":54872,"url":"https:\/\/historiografija.hr\/?p=54872","url_meta":{"origin":31215,"position":4},"title":"Margaret Atwood, &#8220;Penelopeja&#8221;","author":"Branimir Jankovi\u0107","date":"4. kolovoza 2026.","format":false,"excerpt":"Nakon izdanja romana Margaret Atwood \"Penelopeja: mit o Penelopi i Odiseju\" iz 2005. (u prijevodu Gige Gra\u010dan), objavljeno je 2022. i 2023. novo hrvatsko izdanje romana \"Penelopeja\" (u prijevodu Marka Marasa). Margaret Atwood Penelopeja Nakladnik: Lumen Preveo: Marko Maras 147 str. Zagreb 2022, 2. izd. 2023. Sjajno\u2026 Margaret Atwood, autorica\u2026","rel":"","context":"U &quot;Novosti&quot;","block_context":{"text":"Novosti","link":"https:\/\/historiografija.hr\/?cat=3"},"img":{"alt_text":"","src":"https:\/\/i0.wp.com\/historiografija.hr\/wp-content\/uploads\/2026\/08\/Penelopeja.jpg?fit=640%2C466&ssl=1&resize=350%2C200","width":350,"height":200,"srcset":"https:\/\/i0.wp.com\/historiografija.hr\/wp-content\/uploads\/2026\/08\/Penelopeja.jpg?fit=640%2C466&ssl=1&resize=350%2C200 1x, https:\/\/i0.wp.com\/historiografija.hr\/wp-content\/uploads\/2026\/08\/Penelopeja.jpg?fit=640%2C466&ssl=1&resize=525%2C300 1.5x"},"classes":[]},{"id":55050,"url":"https:\/\/historiografija.hr\/?p=55050","url_meta":{"origin":31215,"position":5},"title":"Francesca Albanese, &#8220;Kad svijet spava&#8221;","author":"Branimir Jankovi\u0107","date":"21. kolovoza 2026.","format":false,"excerpt":"Nakon srpskog izdanja na koje smo prethodno uputili, objavljeno je i hrvatsko izdanje knjige Francesce Albanese, posebne izvjestiteljice UN-a za stanje ljudskih prava na okupiranom palestinskom teritoriju. Duh mjesta \u2013 genius loci \u2013 \u010dine ljudi i njihove pri\u010de, a Palestina je mjesto gdje se povijest i svakodnevni \u017eivot sudaraju rijetko\u2026","rel":"","context":"U &quot;Knjige&quot;","block_context":{"text":"Knjige","link":"https:\/\/historiografija.hr\/?cat=8"},"img":{"alt_text":"","src":"https:\/\/i0.wp.com\/historiografija.hr\/wp-content\/uploads\/2026\/08\/slika-8.png?fit=782%2C1200&ssl=1&resize=350%2C200","width":350,"height":200,"srcset":"https:\/\/i0.wp.com\/historiografija.hr\/wp-content\/uploads\/2026\/08\/slika-8.png?fit=782%2C1200&ssl=1&resize=350%2C200 1x, https:\/\/i0.wp.com\/historiografija.hr\/wp-content\/uploads\/2026\/08\/slika-8.png?fit=782%2C1200&ssl=1&resize=525%2C300 1.5x, https:\/\/i0.wp.com\/historiografija.hr\/wp-content\/uploads\/2026\/08\/slika-8.png?fit=782%2C1200&ssl=1&resize=700%2C400 2x"},"classes":[]}],"_links":{"self":[{"href":"https:\/\/historiografija.hr\/index.php?rest_route=\/wp\/v2\/posts\/31215","targetHints":{"allow":["GET"]}}],"collection":[{"href":"https:\/\/historiografija.hr\/index.php?rest_route=\/wp\/v2\/posts"}],"about":[{"href":"https:\/\/historiografija.hr\/index.php?rest_route=\/wp\/v2\/types\/post"}],"author":[{"embeddable":true,"href":"https:\/\/historiografija.hr\/index.php?rest_route=\/wp\/v2\/users\/2"}],"replies":[{"embeddable":true,"href":"https:\/\/historiografija.hr\/index.php?rest_route=%2Fwp%2Fv2%2Fcomments&post=31215"}],"version-history":[{"count":1,"href":"https:\/\/historiografija.hr\/index.php?rest_route=\/wp\/v2\/posts\/31215\/revisions"}],"predecessor-version":[{"id":31217,"href":"https:\/\/historiografija.hr\/index.php?rest_route=\/wp\/v2\/posts\/31215\/revisions\/31217"}],"wp:featuredmedia":[{"embeddable":true,"href":"https:\/\/historiografija.hr\/index.php?rest_route=\/wp\/v2\/media\/31216"}],"wp:attachment":[{"href":"https:\/\/historiografija.hr\/index.php?rest_route=%2Fwp%2Fv2%2Fmedia&parent=31215"}],"wp:term":[{"taxonomy":"category","embeddable":true,"href":"https:\/\/historiografija.hr\/index.php?rest_route=%2Fwp%2Fv2%2Fcategories&post=31215"},{"taxonomy":"post_tag","embeddable":true,"href":"https:\/\/historiografija.hr\/index.php?rest_route=%2Fwp%2Fv2%2Ftags&post=31215"}],"curies":[{"name":"wp","href":"https:\/\/api.w.org\/{rel}","templated":true}]}}