{"id":31195,"date":"2022-05-06T15:40:11","date_gmt":"2022-05-06T15:40:11","guid":{"rendered":"http:\/\/historiografija.hr\/?p=31195"},"modified":"2022-05-06T15:40:11","modified_gmt":"2022-05-06T15:40:11","slug":"europeanisation-processes-in-southeastern-europe-citizens-without-borders-yugoslavia-and-its-migrant-workers-in-western-europe","status":"publish","type":"post","link":"https:\/\/historiografija.hr\/?p=31195","title":{"rendered":"Europeanisation Processes in Southeastern Europe: Citizens Without Borders: Yugoslavia and Its Migrant Workers in Western Europe"},"content":{"rendered":"\n<p>Among Eastern Europe\u2019s postwar socialist states, Yugoslavia was unique in allowing its citizens to seek work abroad in Western Europe\u2019s liberal democracies. This book charts the evolution of the relationship between Yugoslavia and its labour migrants who left to work in Western Europe in the 1960s and 1970s. It examines how migrants were perceived by policy-makers and social scientists and how they were portrayed in popular culture, including radio, newspapers, and cinema.<\/p>\n\n\n\n<p>Created to nurture ties with migrants and their children, state cultural, educational, and informational programs were a way of continuing to govern across international borders. These programs relied heavily on the promotion of the idea of homeland. Le Normand examines the many ways in which migrants responded to these efforts and how they perceived their own relationship to the homeland, based on their migration experiences. Citizens without Borders shows how, in their efforts to win over migrant workers, the different levels of government \u2013 federal, republic, and local \u2013 promoted sometimes widely divergent notions of belonging, grounded in different concepts of &#8220;home.&#8221;<\/p>\n\n\n\n<hr class=\"wp-block-separator\"\/>\n\n\n\n<p>09.05.2022 10:00 &#8211; 11:30<\/p>\n\n\n\n<hr class=\"wp-block-separator\"\/>\n\n\n\n<p>VeranstalterIn<\/p>\n\n\n\n<p>Zentrum f\u00fcr S\u00fcdosteuropastudien &amp; S\u00fcdosteuropa-Gesellschaft<\/p>\n\n\n\n<hr class=\"wp-block-separator\"\/>\n\n\n\n<p>Online unter diesem link:<\/p>\n\n\n\n<p>Join Zoom Meeting<\/p>\n\n\n\n<p><a href=\"https:\/\/us02web.zoom.us\/j\/87529946966?pwd=R2tDSTkvTTRvZjJ3andpaktrMDlFZz09\">https:\/\/us02web.zoom.us\/j\/87529946966?pwd=R2tDSTkvTTRvZjJ3andpaktrMDlFZz09<\/a><\/p>\n\n\n\n<p>&nbsp;Meeting ID: 875 2994 6966<\/p>\n\n\n\n<p>Passcode: h9AFRW<\/p>\n\n\n\n<hr class=\"wp-block-separator\"\/>\n\n\n\n<p><a href=\"https:\/\/suedosteuropa.uni-graz.at\/de\/veranstaltungen\/detail\/article\/europeanisation-processes-in-southeastern-europecitizens-without-borders-yugoslavia-and-its-migrant-workers-in-western-europe\/\">https:\/\/suedosteuropa.uni-graz.at\/de\/veranstaltungen\/detail\/article\/europeanisation-processes-in-southeastern-europecitizens-without-borders-yugoslavia-and-its-migrant-workers-in-western-europe\/<\/a><\/p>\n\n\n\n<hr class=\"wp-block-separator\"\/>\n","protected":false},"excerpt":{"rendered":"","protected":false},"author":2,"featured_media":25895,"comment_status":"open","ping_status":"open","sticky":false,"template":"","format":"standard","meta":{"_acf_changed":false,"_jetpack_newsletter_access":"","_jetpack_dont_email_post_to_subs":false,"_jetpack_newsletter_tier_id":0,"_jetpack_memberships_contains_paywalled_content":false,"_jetpack_memberships_contains_paid_content":false,"footnotes":"","jetpack_publicize_message":"","jetpack_publicize_feature_enabled":true,"jetpack_social_post_already_shared":true,"jetpack_social_options":{"image_generator_settings":{"template":"highway","default_image_id":0,"font":"","enabled":false},"version":2},"jetpack_post_was_ever_published":false},"categories":[3],"tags":[],"class_list":["post-31195","post","type-post","status-publish","format-standard","has-post-thumbnail","hentry","category-novosti"],"acf":{"facebook_opis":""},"jetpack_publicize_connections":[],"jetpack_featured_media_url":"https:\/\/i0.wp.com\/historiografija.hr\/wp-content\/uploads\/2021\/04\/Normand-scaled.jpg?fit=1707%2C2560&ssl=1","jetpack_sharing_enabled":true,"jetpack-related-posts":[{"id":53749,"url":"https:\/\/historiografija.hr\/?p=53749","url_meta":{"origin":31195,"position":0},"title":"HISTORY ON THE EDGE: THE MAKING OF WORKERS\u2019 SELF-MANAGEMENT: HOUSING DISTRIBUTION IN LATE SOCIALIST YUGOSLAVIA (MID-1970S-1980S) \u00a0","author":"Branimir Jankovi\u0107","date":"26. svibnja 2026.","format":false,"excerpt":"You are kindly invited to a new lecture in the History on the Edge series, which will take place on Wednesday, May 27, 2026, at the INZ premises or via the ZOOM link: https:\/\/us06web.zoom.us\/j\/85093074535?pwd=chFdSCgScVg8fw1djh3bVz8h9gqWtm.1 . In the new season, lectures will take place at 3 p.m. and if you will\u2026","rel":"","context":"U &quot;Novosti&quot;","block_context":{"text":"Novosti","link":"https:\/\/historiografija.hr\/?cat=3"},"img":{"alt_text":"","src":"https:\/\/i0.wp.com\/historiografija.hr\/wp-content\/uploads\/2026\/05\/ZNS_predavanja_5_27.jpg?fit=1200%2C730&ssl=1&resize=350%2C200","width":350,"height":200,"srcset":"https:\/\/i0.wp.com\/historiografija.hr\/wp-content\/uploads\/2026\/05\/ZNS_predavanja_5_27.jpg?fit=1200%2C730&ssl=1&resize=350%2C200 1x, https:\/\/i0.wp.com\/historiografija.hr\/wp-content\/uploads\/2026\/05\/ZNS_predavanja_5_27.jpg?fit=1200%2C730&ssl=1&resize=525%2C300 1.5x, https:\/\/i0.wp.com\/historiografija.hr\/wp-content\/uploads\/2026\/05\/ZNS_predavanja_5_27.jpg?fit=1200%2C730&ssl=1&resize=700%2C400 2x, https:\/\/i0.wp.com\/historiografija.hr\/wp-content\/uploads\/2026\/05\/ZNS_predavanja_5_27.jpg?fit=1200%2C730&ssl=1&resize=1050%2C600 3x"},"classes":[]},{"id":54962,"url":"https:\/\/historiografija.hr\/?p=54962","url_meta":{"origin":31195,"position":1},"title":"Branka Bogdan, &#8220;The New Yugoslav Woman: Reproductive Regulation in Socialist Yugoslavia&#8221;","author":"Branimir Jankovi\u0107","date":"13. kolovoza 2026.","format":false,"excerpt":"From 1945 to 1989, the Yugoslav state connected its claims of progressive politics and gender equality to its support of free healthcare, sex education and contraception, and laws that supported reproductive choice. Yugoslav men and women internalized these messages, proclaiming their homeland's superior care for its citizens in comparison to\u2026","rel":"","context":"U &quot;Knjige&quot;","block_context":{"text":"Knjige","link":"https:\/\/historiografija.hr\/?cat=8"},"img":{"alt_text":"","src":"https:\/\/i0.wp.com\/historiografija.hr\/wp-content\/uploads\/2026\/08\/Bogdan.jpg?fit=596%2C477&ssl=1&resize=350%2C200","width":350,"height":200,"srcset":"https:\/\/i0.wp.com\/historiografija.hr\/wp-content\/uploads\/2026\/08\/Bogdan.jpg?fit=596%2C477&ssl=1&resize=350%2C200 1x, https:\/\/i0.wp.com\/historiografija.hr\/wp-content\/uploads\/2026\/08\/Bogdan.jpg?fit=596%2C477&ssl=1&resize=525%2C300 1.5x"},"classes":[]},{"id":54121,"url":"https:\/\/historiografija.hr\/?p=54121","url_meta":{"origin":31195,"position":2},"title":"ZGODOVINA NA \u0160PICI: YUGOSLAVIA AND CAMBODIA: ENTANGLED HISTORIES OF NON-ALIGNMENT","author":"Branimir Jankovi\u0107","date":"16. lipnja 2026.","format":false,"excerpt":"You are kindly invited to a new lecture in the History on the Edge series, which will take place on Wednesday, June 17, 2026, at the INZ premises or via the ZOOM link: https:\/\/us06web.zoom.us\/j\/85093074535?pwd=chFdSCgScVg8fw1djh3bVz8h9gqWtm.1 . In the new season, lectures will take place at 3 p.m. and if you will\u2026","rel":"","context":"U &quot;Novosti&quot;","block_context":{"text":"Novosti","link":"https:\/\/historiografija.hr\/?cat=3"},"img":{"alt_text":"","src":"https:\/\/i0.wp.com\/historiografija.hr\/wp-content\/uploads\/2026\/06\/ZNS_predavanje.jpg?fit=1086%2C567&ssl=1&resize=350%2C200","width":350,"height":200,"srcset":"https:\/\/i0.wp.com\/historiografija.hr\/wp-content\/uploads\/2026\/06\/ZNS_predavanje.jpg?fit=1086%2C567&ssl=1&resize=350%2C200 1x, https:\/\/i0.wp.com\/historiografija.hr\/wp-content\/uploads\/2026\/06\/ZNS_predavanje.jpg?fit=1086%2C567&ssl=1&resize=525%2C300 1.5x, https:\/\/i0.wp.com\/historiografija.hr\/wp-content\/uploads\/2026\/06\/ZNS_predavanje.jpg?fit=1086%2C567&ssl=1&resize=700%2C400 2x, https:\/\/i0.wp.com\/historiografija.hr\/wp-content\/uploads\/2026\/06\/ZNS_predavanje.jpg?fit=1086%2C567&ssl=1&resize=1050%2C600 3x"},"classes":[]},{"id":54832,"url":"https:\/\/historiografija.hr\/?p=54832","url_meta":{"origin":31195,"position":3},"title":"Rob van der Laarse, Charles Jeurgens i Sabina Tanovic, &#8220;The Former \u201cYugoslavia Tribunal\u201d as Monument of Justice: History, Heritage and Memory of the ICTY and IRMCT in the City of Peace and Justice&#8221;","author":"Branimir Jankovi\u0107","date":"28. srpnja 2026.","format":false,"excerpt":"After Nuremberg, there is probably no other place where the future of Europe has been so definitively tested and safeguarded as in The Hague. The iconic building of the former International Criminal Tribunal for the former Yugoslavia (ICTY) has become a global symbol of international law and transitional justice since\u2026","rel":"","context":"U &quot;Knjige&quot;","block_context":{"text":"Knjige","link":"https:\/\/historiografija.hr\/?cat=8"},"img":{"alt_text":"","src":"https:\/\/i0.wp.com\/historiografija.hr\/wp-content\/uploads\/2026\/07\/Tribunal-scaled.webp?fit=794%2C1200&ssl=1&resize=350%2C200","width":350,"height":200,"srcset":"https:\/\/i0.wp.com\/historiografija.hr\/wp-content\/uploads\/2026\/07\/Tribunal-scaled.webp?fit=794%2C1200&ssl=1&resize=350%2C200 1x, https:\/\/i0.wp.com\/historiografija.hr\/wp-content\/uploads\/2026\/07\/Tribunal-scaled.webp?fit=794%2C1200&ssl=1&resize=525%2C300 1.5x, https:\/\/i0.wp.com\/historiografija.hr\/wp-content\/uploads\/2026\/07\/Tribunal-scaled.webp?fit=794%2C1200&ssl=1&resize=700%2C400 2x"},"classes":[]},{"id":52692,"url":"https:\/\/historiografija.hr\/?p=52692","url_meta":{"origin":31195,"position":4},"title":"Florian Bieber \u201eHvar in the Modern Age: Identity and Change in Southeast Europe\u201c","author":"Filip \u0160imunjak","date":"28. travnja 2026.","format":false,"excerpt":"Description\u00a0 In this open-access book, Florian Bieber traces the history of the Adriatic island of Hvar over half a millennium, from the advent of Venetian rule in the 15th century to the end of Yugoslavia in the late 20th century. The history of Hvar tells a larger story about modernity,\u2026","rel":"","context":"U &quot;Knjige&quot;","block_context":{"text":"Knjige","link":"https:\/\/historiografija.hr\/?cat=8"},"img":{"alt_text":"","src":"https:\/\/i0.wp.com\/historiografija.hr\/wp-content\/uploads\/2026\/04\/Florian-Bieber-Hvar-in-the-Modern-Age-Identity-and-Change-in-Southeast-Europe.webp?fit=540%2C810&ssl=1&resize=350%2C200","width":350,"height":200,"srcset":"https:\/\/i0.wp.com\/historiografija.hr\/wp-content\/uploads\/2026\/04\/Florian-Bieber-Hvar-in-the-Modern-Age-Identity-and-Change-in-Southeast-Europe.webp?fit=540%2C810&ssl=1&resize=350%2C200 1x, https:\/\/i0.wp.com\/historiografija.hr\/wp-content\/uploads\/2026\/04\/Florian-Bieber-Hvar-in-the-Modern-Age-Identity-and-Change-in-Southeast-Europe.webp?fit=540%2C810&ssl=1&resize=525%2C300 1.5x"},"classes":[]},{"id":54337,"url":"https:\/\/historiografija.hr\/?p=54337","url_meta":{"origin":31195,"position":5},"title":"Online-Lecture by Sophie Momzikoff: The Yugoslav Crisis and the Russian Place in the New European Architecture","author":"Branimir Jankovi\u0107","date":"26. lipnja 2026.","format":false,"excerpt":"01.07.2026 16:00 Uhr The aim of this presentation is to show how the Yugoslav crisis served as a test for Russia\u2019s place in the post-Cold War European order. Indeed, the wars in the former Yugoslavia began just as the Russian Federation was establishing strong ties with the West. When Yugoslavia\u2026","rel":"","context":"U &quot;Novosti&quot;","block_context":{"text":"Novosti","link":"https:\/\/historiografija.hr\/?cat=3"},"img":{"alt_text":"","src":"https:\/\/i0.wp.com\/historiografija.hr\/wp-content\/uploads\/2026\/06\/photo_sophie_momzikoff.jpeg?fit=300%2C300&ssl=1&resize=350%2C200","width":350,"height":200},"classes":[]}],"_links":{"self":[{"href":"https:\/\/historiografija.hr\/index.php?rest_route=\/wp\/v2\/posts\/31195","targetHints":{"allow":["GET"]}}],"collection":[{"href":"https:\/\/historiografija.hr\/index.php?rest_route=\/wp\/v2\/posts"}],"about":[{"href":"https:\/\/historiografija.hr\/index.php?rest_route=\/wp\/v2\/types\/post"}],"author":[{"embeddable":true,"href":"https:\/\/historiografija.hr\/index.php?rest_route=\/wp\/v2\/users\/2"}],"replies":[{"embeddable":true,"href":"https:\/\/historiografija.hr\/index.php?rest_route=%2Fwp%2Fv2%2Fcomments&post=31195"}],"version-history":[{"count":1,"href":"https:\/\/historiografija.hr\/index.php?rest_route=\/wp\/v2\/posts\/31195\/revisions"}],"predecessor-version":[{"id":31196,"href":"https:\/\/historiografija.hr\/index.php?rest_route=\/wp\/v2\/posts\/31195\/revisions\/31196"}],"wp:featuredmedia":[{"embeddable":true,"href":"https:\/\/historiografija.hr\/index.php?rest_route=\/wp\/v2\/media\/25895"}],"wp:attachment":[{"href":"https:\/\/historiografija.hr\/index.php?rest_route=%2Fwp%2Fv2%2Fmedia&parent=31195"}],"wp:term":[{"taxonomy":"category","embeddable":true,"href":"https:\/\/historiografija.hr\/index.php?rest_route=%2Fwp%2Fv2%2Fcategories&post=31195"},{"taxonomy":"post_tag","embeddable":true,"href":"https:\/\/historiografija.hr\/index.php?rest_route=%2Fwp%2Fv2%2Ftags&post=31195"}],"curies":[{"name":"wp","href":"https:\/\/api.w.org\/{rel}","templated":true}]}}