{"id":31189,"date":"2022-05-06T15:23:28","date_gmt":"2022-05-06T15:23:28","guid":{"rendered":"http:\/\/historiografija.hr\/?p=31189"},"modified":"2022-05-06T15:24:04","modified_gmt":"2022-05-06T15:24:04","slug":"znanstveni-skup-povodom-100-obljetnice-smrti-blazenog-karla-habsburskog","status":"publish","type":"post","link":"https:\/\/historiografija.hr\/?p=31189","title":{"rendered":"Znanstveni skup povodom 100. obljetnice smrti bla\u017eenog Karla Habsbur\u0161kog"},"content":{"rendered":"\n<p>U ponedjeljak, 9. svibnja 2022. na Hrvatskom katoli\u010dkom sveu\u010dili\u0161tu u Zagrebu.<\/p>\n\n\n\n<p>Znanstveni skup je otvoren za javnost.<\/p>\n\n\n\n<hr class=\"wp-block-separator\"\/>\n\n\n\n<figure class=\"wp-block-image size-large\"><img data-recalc-dims=\"1\" loading=\"lazy\" decoding=\"async\" width=\"724\" height=\"1024\" data-attachment-id=\"31190\" data-permalink=\"https:\/\/historiografija.hr\/?attachment_id=31190\" data-orig-file=\"https:\/\/i0.wp.com\/historiografija.hr\/wp-content\/uploads\/2022\/05\/Znanstveni-skup-KH.jpg?fit=750%2C1061&amp;ssl=1\" data-orig-size=\"750,1061\" data-comments-opened=\"1\" data-image-meta=\"{&quot;aperture&quot;:&quot;0&quot;,&quot;credit&quot;:&quot;Ivana Bosiljevac&quot;,&quot;camera&quot;:&quot;&quot;,&quot;caption&quot;:&quot;&quot;,&quot;created_timestamp&quot;:&quot;0&quot;,&quot;copyright&quot;:&quot;&quot;,&quot;focal_length&quot;:&quot;0&quot;,&quot;iso&quot;:&quot;0&quot;,&quot;shutter_speed&quot;:&quot;0&quot;,&quot;title&quot;:&quot;bl. Karlo02&quot;,&quot;orientation&quot;:&quot;1&quot;}\" data-image-title=\"bl. Karlo02\" data-image-description=\"\" data-image-caption=\"\" data-large-file=\"https:\/\/i0.wp.com\/historiografija.hr\/wp-content\/uploads\/2022\/05\/Znanstveni-skup-KH.jpg?fit=724%2C1024&amp;ssl=1\" src=\"https:\/\/i0.wp.com\/historiografija.hr\/wp-content\/uploads\/2022\/05\/Znanstveni-skup-KH.jpg?resize=724%2C1024&#038;ssl=1\" alt=\"\" class=\"wp-image-31190\" srcset=\"https:\/\/i0.wp.com\/historiografija.hr\/wp-content\/uploads\/2022\/05\/Znanstveni-skup-KH.jpg?resize=724%2C1024&amp;ssl=1 724w, https:\/\/i0.wp.com\/historiografija.hr\/wp-content\/uploads\/2022\/05\/Znanstveni-skup-KH.jpg?resize=212%2C300&amp;ssl=1 212w, https:\/\/i0.wp.com\/historiografija.hr\/wp-content\/uploads\/2022\/05\/Znanstveni-skup-KH.jpg?w=750&amp;ssl=1 750w\" sizes=\"auto, (max-width: 724px) 100vw, 724px\" \/><\/figure>\n\n\n\n<hr class=\"wp-block-separator\"\/>\n\n\n\n<p>Izvor:<\/p>\n\n\n\n<figure class=\"wp-block-embed-wordpress wp-block-embed is-type-wp-embed is-provider-hrvatsko-katolicko-sveuciliste\"><div class=\"wp-block-embed__wrapper\">\n<blockquote class=\"wp-embedded-content\" data-secret=\"Y5ogWRRQrH\"><a href=\"https:\/\/www.unicath.hr\/hks-najave\/znanstveni-skup-povodom-100-obljetnice-smrti-blazenog-karla-habsburskog\">Znanstveni skup povodom 100. obljetnice smrti bla\u017eenog Karla Habsbur\u0161kog<\/a><\/blockquote><iframe loading=\"lazy\" class=\"wp-embedded-content\" sandbox=\"allow-scripts\" security=\"restricted\" style=\"position: absolute; clip: rect(1px, 1px, 1px, 1px);\" title=\"&#8220;Znanstveni skup povodom 100. obljetnice smrti bla\u017eenog Karla Habsbur\u0161kog&#8221; &#8212; Hrvatsko katoli\u010dko sveu\u010dili\u0161te\" src=\"https:\/\/www.unicath.hr\/hks-najave\/znanstveni-skup-povodom-100-obljetnice-smrti-blazenog-karla-habsburskog\/embed#?secret=Y5ogWRRQrH\" data-secret=\"Y5ogWRRQrH\" width=\"600\" height=\"338\" frameborder=\"0\" marginwidth=\"0\" marginheight=\"0\" scrolling=\"no\"><\/iframe>\n<\/div><\/figure>\n\n\n\n<hr class=\"wp-block-separator\"\/>\n","protected":false},"excerpt":{"rendered":"","protected":false},"author":2,"featured_media":31190,"comment_status":"open","ping_status":"open","sticky":false,"template":"","format":"standard","meta":{"_acf_changed":false,"jetpack_post_was_ever_published":false,"_jetpack_newsletter_access":"","_jetpack_dont_email_post_to_subs":false,"_jetpack_newsletter_tier_id":0,"_jetpack_memberships_contains_paywalled_content":false,"_jetpack_memberships_contains_paid_content":false,"footnotes":"","jetpack_publicize_message":"","jetpack_publicize_feature_enabled":true,"jetpack_social_post_already_shared":true,"jetpack_social_options":{"image_generator_settings":{"template":"highway","default_image_id":0,"font":"","enabled":false},"version":2}},"categories":[3,9],"tags":[],"class_list":["post-31189","post","type-post","status-publish","format-standard","has-post-thumbnail","hentry","category-novosti","category-skupovi"],"acf":{"facebook_opis":""},"jetpack_publicize_connections":[],"jetpack_featured_media_url":"https:\/\/i0.wp.com\/historiografija.hr\/wp-content\/uploads\/2022\/05\/Znanstveni-skup-KH.jpg?fit=750%2C1061&ssl=1","jetpack_sharing_enabled":true,"jetpack-related-posts":[],"_links":{"self":[{"href":"https:\/\/historiografija.hr\/index.php?rest_route=\/wp\/v2\/posts\/31189","targetHints":{"allow":["GET"]}}],"collection":[{"href":"https:\/\/historiografija.hr\/index.php?rest_route=\/wp\/v2\/posts"}],"about":[{"href":"https:\/\/historiografija.hr\/index.php?rest_route=\/wp\/v2\/types\/post"}],"author":[{"embeddable":true,"href":"https:\/\/historiografija.hr\/index.php?rest_route=\/wp\/v2\/users\/2"}],"replies":[{"embeddable":true,"href":"https:\/\/historiografija.hr\/index.php?rest_route=%2Fwp%2Fv2%2Fcomments&post=31189"}],"version-history":[{"count":2,"href":"https:\/\/historiografija.hr\/index.php?rest_route=\/wp\/v2\/posts\/31189\/revisions"}],"predecessor-version":[{"id":31192,"href":"https:\/\/historiografija.hr\/index.php?rest_route=\/wp\/v2\/posts\/31189\/revisions\/31192"}],"wp:featuredmedia":[{"embeddable":true,"href":"https:\/\/historiografija.hr\/index.php?rest_route=\/wp\/v2\/media\/31190"}],"wp:attachment":[{"href":"https:\/\/historiografija.hr\/index.php?rest_route=%2Fwp%2Fv2%2Fmedia&parent=31189"}],"wp:term":[{"taxonomy":"category","embeddable":true,"href":"https:\/\/historiografija.hr\/index.php?rest_route=%2Fwp%2Fv2%2Fcategories&post=31189"},{"taxonomy":"post_tag","embeddable":true,"href":"https:\/\/historiografija.hr\/index.php?rest_route=%2Fwp%2Fv2%2Ftags&post=31189"}],"curies":[{"name":"wp","href":"https:\/\/api.w.org\/{rel}","templated":true}]}}