{"id":31184,"date":"2022-05-06T15:09:36","date_gmt":"2022-05-06T15:09:36","guid":{"rendered":"http:\/\/historiografija.hr\/?p=31184"},"modified":"2022-05-06T15:09:36","modified_gmt":"2022-05-06T15:09:36","slug":"predstavljanje-knjige-o-dubrovackom-nadbiskupu-iz-16-stoljeca-lodovicu-beccadelliju","status":"publish","type":"post","link":"https:\/\/historiografija.hr\/?p=31184","title":{"rendered":"Predstavljanje knjige o dubrova\u010dkom nadbiskupu iz 16. stolje\u0107a Lodovicu Beccadelliju"},"content":{"rendered":"\n<p><strong>Vije\u0107e za kulturu i znanost Dubrova\u010dke biskupije<\/strong> u suradnji sa<strong> Zavodom za povijesne znanosti HAZU u Dubrovniku<\/strong> organizira predstavljanje knjige <strong>dr. sc. Tanje Tr\u0161ka <\/strong><em><strong>Un arcivescovo del Cinquecento inquieto: Lodovico Beccadelli tra letteratura e arte&nbsp;<\/strong><\/em><strong>(<\/strong><em><strong>Dubrova\u010dki nadbiskup Lodovico Beccadelli: na razme\u0111u knji\u017eevnosti i likovnih umjetnosti<\/strong><\/em><strong>).<\/strong><\/p>\n\n\n\n<p>O knjizi \u0107e uz autoricu govoriti dr. sc. Daniel Premerl (Institut za povijest umjetnosti) i&nbsp; Ivan Vi\u0111en (Vije\u0107e za kulturu i znanost Dubrova\u010dke biskupije).<\/p>\n\n\n\n<p>Predstavljanje \u0107e se odr\u017eati u petak, 6. svibnja 2022. godine u 19 sati u dvorani Ivana Pavla II. u Dubrovniku.<\/p>\n\n\n\n<p>Li\u010dnost dubrova\u010dkoga nadbiskupa Lodovica Beccadellija (Bologna, 1501. \u2013 Prato, 1572.) \u010dvrsto je povezala dvije obale Jadrana, prvenstveno zahvaljuju\u0107i njegovome boravku u Dubrovniku (1555.-1560.). Unato\u010d dosada\u0161njim istra\u017eivanjima talijanskih i hrvatskih autora Beccadellijeva uloga kao sakuplja\u010da umjetnina, naru\u010ditelja, sudionika kulturnih zbivanja svog vremena i prijatelja i pokrovitelja umjetnika nije bila sustavno istra\u017eena.<\/p>\n\n\n\n<p>Ovaj protagonist kulturnih i crkvenih zbivanja renesansne epohe (papinski nuncij u Mleta\u010dkoj Republici, tajnik Tridentskoga sabora\u2026.) nije se dakle samo kretao u intelektualnim i umjetni\u010dkim krugovima gdje god se nalazio nego je i aktivno sudjelovao u njima. I za vrijeme kratkotrajnoga boravka u Dubrovniku izvr\u0161io je utjecaj na intelektualnu klimu grada te poku\u0161ao urediti materijalne i duhovne prilike svoje nadbiskupije. Osim nastojanja podjele grada na \u017eupe i ure\u0111enja stare nadbiskupske pala\u010de Beccadelli je danas mo\u017eda najpoznatiji kao naru\u010ditelj dogradnje i preure\u0111enja nadbiskupskoga ljetnikovca u \u0160ipanskom polju. Prema nadbiskupovoj zamisli slikar Pellegrino Broccardo izveo je 1559. prvi sa\u010duvani primjer zidnog oslika svjetovnog sadr\u017eaja u ladanjskom prostoru dubrova\u010dkog podru\u010dja. Na Beccadelija danas podsje\u0107a i Broccardova slika Gospe sa sv. Matejem u dubrova\u010dkoj katedrali. Iako je isprva bio nezadovoljan preseljenjem u Dubrovnik Beccadelli je ubrzo zavolio svoje novo okru\u017eenje i ostao je dobrim odnosima s Republikom i nakon povratka u Italiju, a savjetovao je i svoga nasljednika u nadbiskupskoj slu\u017ebi.<\/p>\n\n\n\n<p>Ova knjiga va\u017ean je doprinos ne samo biografiji ovog zanimljivog, nadbiskupa i humanista i njegovu smje\u0161tanju u dru\u0161tveni i kulturni kontekst talijanske i hrvatske renesanse. Osim toga, ovom se knjigom nastoje premostiti dosada\u0161nje suprotstavljene percepcije Beccadellijeva djelovanja (jedni njegov odlazak u Dubrovnik smatraju krajem karijere, drugi pak klju\u010dnom epizodom) te je doprinos komparatisti\u010dkim studijama koje povezuju dvije obale Jadrana. Upravo je zato ova knjiga od\u00a0preko 500 stranica\u00a0pisana talijanskim jezikom i objavljena u okrilju renomiranog nakladnika \u2013 dubrova\u010dkog Zavoda za povijesne znanosti Hrvatske akademije znanosti i umjetnosti.<\/p>\n\n\n\n<hr class=\"wp-block-separator\"\/>\n\n\n\n<p>Izvor:<\/p>\n\n\n\n<figure class=\"wp-block-embed-wordpress wp-block-embed is-type-wp-embed is-provider-zavod-za-povijesne-znanosti-hazu-u-dubrovniku\"><div class=\"wp-block-embed__wrapper\">\n<blockquote class=\"wp-embedded-content\" data-secret=\"QI8vMAbG3M\"><a href=\"https:\/\/www.zavoddbk.org\/uncategorized\/predstavljanje-knjige-o-dubrovackom-nadbiskupu-iz-16-stoljeca-lodovicu-beccadelliju\/\">Predstavljanje knjige o dubrova\u010dkom nadbiskupu iz 16. stolje\u0107a Lodovicu Beccadelliju<\/a><\/blockquote><iframe loading=\"lazy\" class=\"wp-embedded-content\" sandbox=\"allow-scripts\" security=\"restricted\" style=\"position: absolute; clip: rect(1px, 1px, 1px, 1px);\" title=\"Ugradi WordPress objavu\" src=\"https:\/\/www.zavoddbk.org\/uncategorized\/predstavljanje-knjige-o-dubrovackom-nadbiskupu-iz-16-stoljeca-lodovicu-beccadelliju\/embed\/#?secret=QI8vMAbG3M\" data-secret=\"QI8vMAbG3M\" width=\"600\" height=\"338\" frameborder=\"0\" marginwidth=\"0\" marginheight=\"0\" scrolling=\"no\"><\/iframe>\n<\/div><\/figure>\n\n\n\n<hr class=\"wp-block-separator\"\/>\n","protected":false},"excerpt":{"rendered":"","protected":false},"author":2,"featured_media":25658,"comment_status":"open","ping_status":"open","sticky":false,"template":"","format":"standard","meta":{"_acf_changed":false,"_jetpack_newsletter_access":"","_jetpack_dont_email_post_to_subs":false,"_jetpack_newsletter_tier_id":0,"_jetpack_memberships_contains_paywalled_content":false,"_jetpack_memberships_contains_paid_content":false,"footnotes":"","jetpack_publicize_message":"","jetpack_publicize_feature_enabled":true,"jetpack_social_post_already_shared":true,"jetpack_social_options":{"image_generator_settings":{"template":"highway","default_image_id":0,"font":"","enabled":false},"version":2},"jetpack_post_was_ever_published":false},"categories":[3],"tags":[],"class_list":["post-31184","post","type-post","status-publish","format-standard","has-post-thumbnail","hentry","category-novosti"],"acf":{"facebook_opis":""},"jetpack_publicize_connections":[],"jetpack_featured_media_url":"https:\/\/i0.wp.com\/historiografija.hr\/wp-content\/uploads\/2021\/04\/Trska.png?fit=203%2C300&ssl=1","jetpack_sharing_enabled":true,"jetpack-related-posts":[{"id":53419,"url":"https:\/\/historiografija.hr\/?p=53419","url_meta":{"origin":31184,"position":0},"title":"Predstavljanje knjige: &#8220;Socijalna topografija srednjovjekovnoga Dubrovnika. Transformacija predgra\u0111a u sredi\u0161te grada u mleta\u010dkom razdoblju (1205. \u2013 1358.)&#8221; Irene Benyovsky Latin u Dubrovniku","author":"Filip \u0160imunjak","date":"18. svibnja 2026.","format":false,"excerpt":"Dr\u017eavni arhiv u Dubrovniku i\u00a0 Hrvatski institut za povijest pozivaju Vas na predstavljanje knjige dr. sc. Irene Benyovsky Latin 'Socijalna topografija srednjovjekovnoga Dubrovnika. Transformacija predgra\u0111\u0101 u sredi\u0161te grada u mleta\u010dkom razdoblju (1205. \u2013 1358.)' (Hrvatski institut za povijest, 2024.). Predstavljanje \u0107e se odr\u017eati u Dubrovniku, 20. svibnja 2026. (srijeda) u\u2026","rel":"","context":"U &quot;Novosti&quot;","block_context":{"text":"Novosti","link":"https:\/\/historiografija.hr\/?cat=3"},"img":{"alt_text":"","src":"https:\/\/i0.wp.com\/historiografija.hr\/wp-content\/uploads\/2026\/05\/Irena-Benyovsky-Latin-Socijalna-topografija.webp?fit=642%2C896&ssl=1&resize=350%2C200","width":350,"height":200,"srcset":"https:\/\/i0.wp.com\/historiografija.hr\/wp-content\/uploads\/2026\/05\/Irena-Benyovsky-Latin-Socijalna-topografija.webp?fit=642%2C896&ssl=1&resize=350%2C200 1x, https:\/\/i0.wp.com\/historiografija.hr\/wp-content\/uploads\/2026\/05\/Irena-Benyovsky-Latin-Socijalna-topografija.webp?fit=642%2C896&ssl=1&resize=525%2C300 1.5x"},"classes":[]},{"id":53570,"url":"https:\/\/historiografija.hr\/?p=53570","url_meta":{"origin":31184,"position":1},"title":"Predstavljeno drugo izdanje knjige Vesne \u010cu\u010di\u0107 \u201cPosljednja kriza Dubrova\u010dke Republike\u201d u Dubrovniku i Kotoru","author":"Branimir Jankovi\u0107","date":"21. svibnja 2026.","format":false,"excerpt":"Drugo izdanje knjige \u201cPosljednja kriza Dubrova\u010dke Republike\u201d autorice dr. sc. Vesne \u010cu\u010di\u0107 predstavljeno je 12. svibnja 2026. godine u Dubrovniku, te dan kasnije 13. svibnja 2026. godine u Boki kotorskoj. Predstavljanje 12. svibnja odr\u017eano je u Ljetnikovcu Sorko\u010devi\u0107 pred mnogobrojnom publikom. Najprije su u ime izdava\u010da prisutne pozdravile ravnateljica Zavoda\u2026","rel":"","context":"U &quot;Novosti&quot;","block_context":{"text":"Novosti","link":"https:\/\/historiografija.hr\/?cat=3"},"img":{"alt_text":"","src":"https:\/\/i0.wp.com\/historiografija.hr\/wp-content\/uploads\/2026\/05\/cucic2026-%E2%80%93-2.jpg?fit=1200%2C454&ssl=1&resize=350%2C200","width":350,"height":200,"srcset":"https:\/\/i0.wp.com\/historiografija.hr\/wp-content\/uploads\/2026\/05\/cucic2026-%E2%80%93-2.jpg?fit=1200%2C454&ssl=1&resize=350%2C200 1x, https:\/\/i0.wp.com\/historiografija.hr\/wp-content\/uploads\/2026\/05\/cucic2026-%E2%80%93-2.jpg?fit=1200%2C454&ssl=1&resize=525%2C300 1.5x, https:\/\/i0.wp.com\/historiografija.hr\/wp-content\/uploads\/2026\/05\/cucic2026-%E2%80%93-2.jpg?fit=1200%2C454&ssl=1&resize=700%2C400 2x, https:\/\/i0.wp.com\/historiografija.hr\/wp-content\/uploads\/2026\/05\/cucic2026-%E2%80%93-2.jpg?fit=1200%2C454&ssl=1&resize=1050%2C600 3x"},"classes":[]},{"id":53919,"url":"https:\/\/historiografija.hr\/?p=53919","url_meta":{"origin":31184,"position":2},"title":"Predstavljanje knjige \u201eNikola VII. Zrinski (\u010cakove\u010dki 1620. \u2013 1664.)\u201c Hrvoja Petri\u0107a u Koprivnici","author":"Filip \u0160imunjak","date":"8. lipnja 2026.","format":false,"excerpt":"U \u010detvrtak 11. lipnja 2026. godine koprivni\u010dka \u0107e publika imati priliku upoznati prvu cjelovitu biografiju jednog od najzna\u010dajnijih hrvatskih velika\u0161a i dr\u017eavnika 17. stolje\u0107a. Tom \u0107e prigodom biti predstavljena nova knjiga na\u0161eg sugra\u0111anina, povjesni\u010dara, prof. dr. sc. Hrvoja Petri\u0107a Nikola VII. Zrinski (\u010cakove\u010dki 1620. \u2013 1664.): Snovi prekinuti u lovu\u2026","rel":"","context":"U &quot;Novosti&quot;","block_context":{"text":"Novosti","link":"https:\/\/historiografija.hr\/?cat=3"},"img":{"alt_text":"","src":"https:\/\/i0.wp.com\/historiografija.hr\/wp-content\/uploads\/2026\/06\/Petric-Knjiga-Koprivnica.webp?fit=1080%2C715&ssl=1&resize=350%2C200","width":350,"height":200,"srcset":"https:\/\/i0.wp.com\/historiografija.hr\/wp-content\/uploads\/2026\/06\/Petric-Knjiga-Koprivnica.webp?fit=1080%2C715&ssl=1&resize=350%2C200 1x, https:\/\/i0.wp.com\/historiografija.hr\/wp-content\/uploads\/2026\/06\/Petric-Knjiga-Koprivnica.webp?fit=1080%2C715&ssl=1&resize=525%2C300 1.5x, https:\/\/i0.wp.com\/historiografija.hr\/wp-content\/uploads\/2026\/06\/Petric-Knjiga-Koprivnica.webp?fit=1080%2C715&ssl=1&resize=700%2C400 2x, https:\/\/i0.wp.com\/historiografija.hr\/wp-content\/uploads\/2026\/06\/Petric-Knjiga-Koprivnica.webp?fit=1080%2C715&ssl=1&resize=1050%2C600 3x"},"classes":[]},{"id":54683,"url":"https:\/\/historiografija.hr\/?p=54683","url_meta":{"origin":31184,"position":3},"title":"Dani Kule 2026.","author":"Branimir Jankovi\u0107","date":"21. srpnja 2026.","format":false,"excerpt":"Dani Kule 2026. odr\u017eat \u0107e se 24.7.-26.7.2026. u Kuli Jankovi\u0107a u Islamu Gr\u010dkom. Program zapo\u010dinje u petak \u0161ahovskim turnirom za mlade Kralj, dama, Kula! posve\u0107enim fizi\u010daru dr. sc. Uro\u0161u Desnici. Turnir i ove godine ima nagradni fond za najuspje\u0161nije \u0161ahiste, a natjecati se mogu svi mla\u0111i od 20 godina koji\u2026","rel":"","context":"U &quot;Novosti&quot;","block_context":{"text":"Novosti","link":"https:\/\/historiografija.hr\/?cat=3"},"img":{"alt_text":"","src":"https:\/\/i0.wp.com\/historiografija.hr\/wp-content\/uploads\/2026\/07\/program2026.jpg?fit=640%2C452&ssl=1&resize=350%2C200","width":350,"height":200,"srcset":"https:\/\/i0.wp.com\/historiografija.hr\/wp-content\/uploads\/2026\/07\/program2026.jpg?fit=640%2C452&ssl=1&resize=350%2C200 1x, https:\/\/i0.wp.com\/historiografija.hr\/wp-content\/uploads\/2026\/07\/program2026.jpg?fit=640%2C452&ssl=1&resize=525%2C300 1.5x"},"classes":[]},{"id":53161,"url":"https:\/\/historiografija.hr\/?p=53161","url_meta":{"origin":31184,"position":4},"title":"Predstavljanje knjige &#8220;Neuzeit mit Versp\u00e4tung&#8221; i godi\u0161njaka &#8220;Secularisation between the Adriatic and the Carpathians&#8221;","author":"Filip \u0160imunjak","date":"13. svibnja 2026.","format":false,"excerpt":"Odsjek za povijest umjetnosti i Odsjek za povijest pozivaju sve zainteresirane na predstavljanje nove knjige Haralda Heppnera, profesora emeritusa sa Sveu\u010dili\u0161ta u Grazu, Neuzeit mit Versp\u00e4tung\u00a0(2026.) te novog sveska godi\u0161njaka Dru\u0161tva za istra\u017eivanje 18. stolje\u0107a u jugoisto\u010dnoj Europi, SOG18 Secularisation between the Adriatic and the Carpathians\u00a0(2025.). Predstavljanje \u0107e se odr\u017eati\u2026","rel":"","context":"U &quot;Novosti&quot;","block_context":{"text":"Novosti","link":"https:\/\/historiografija.hr\/?cat=3"},"img":{"alt_text":"","src":"https:\/\/i0.wp.com\/historiografija.hr\/wp-content\/uploads\/2026\/05\/Pozivnica-20.-svibnja-2026.-Harald-Heppner.png?fit=1200%2C926&ssl=1&resize=350%2C200","width":350,"height":200,"srcset":"https:\/\/i0.wp.com\/historiografija.hr\/wp-content\/uploads\/2026\/05\/Pozivnica-20.-svibnja-2026.-Harald-Heppner.png?fit=1200%2C926&ssl=1&resize=350%2C200 1x, https:\/\/i0.wp.com\/historiografija.hr\/wp-content\/uploads\/2026\/05\/Pozivnica-20.-svibnja-2026.-Harald-Heppner.png?fit=1200%2C926&ssl=1&resize=525%2C300 1.5x, https:\/\/i0.wp.com\/historiografija.hr\/wp-content\/uploads\/2026\/05\/Pozivnica-20.-svibnja-2026.-Harald-Heppner.png?fit=1200%2C926&ssl=1&resize=700%2C400 2x, https:\/\/i0.wp.com\/historiografija.hr\/wp-content\/uploads\/2026\/05\/Pozivnica-20.-svibnja-2026.-Harald-Heppner.png?fit=1200%2C926&ssl=1&resize=1050%2C600 3x"},"classes":[]},{"id":53333,"url":"https:\/\/historiografija.hr\/?p=53333","url_meta":{"origin":31184,"position":5},"title":"Predstavljanje knjige &#8220;DOM(A) U OBJE DOMOVINE. Sve\u010dani zbornik u \u010dast Dinka \u0160ok\u010devi\u0107a&#8221; u Zagrebu","author":"Branimir Jankovi\u0107","date":"14. svibnja 2026.","format":false,"excerpt":"Institut Liszt\u2013 Ma\u0111arski kulturni centar\u00a0u Zagrebu poziva Vas na predstavljanje knjige pod nazivom DOM(A) U OBJE DOMOVINE Sve\u010dani zbornik radova u \u010dast Dinka \u0160ok\u010devi\u0107a Izvanredna je \u010dast i zadovoljstvo za na\u0161 Institut da \u0107e biti doma\u0107in predstavljanju ove knjige, kojom odajemo po\u010dast povjesni\u010daru Dinku \u0160ok\u010devi\u0107u, prvom ravnatelju Instituta Liszt\u00a0u Zagrebu\u2026","rel":"","context":"U &quot;Novosti&quot;","block_context":{"text":"Novosti","link":"https:\/\/historiografija.hr\/?cat=3"},"img":{"alt_text":"","src":"https:\/\/i0.wp.com\/historiografija.hr\/wp-content\/uploads\/2026\/05\/Predstavljanje-zbornika-u-cast-Dinka-Sokcevica.jpg?fit=1200%2C848&ssl=1&resize=350%2C200","width":350,"height":200,"srcset":"https:\/\/i0.wp.com\/historiografija.hr\/wp-content\/uploads\/2026\/05\/Predstavljanje-zbornika-u-cast-Dinka-Sokcevica.jpg?fit=1200%2C848&ssl=1&resize=350%2C200 1x, https:\/\/i0.wp.com\/historiografija.hr\/wp-content\/uploads\/2026\/05\/Predstavljanje-zbornika-u-cast-Dinka-Sokcevica.jpg?fit=1200%2C848&ssl=1&resize=525%2C300 1.5x, https:\/\/i0.wp.com\/historiografija.hr\/wp-content\/uploads\/2026\/05\/Predstavljanje-zbornika-u-cast-Dinka-Sokcevica.jpg?fit=1200%2C848&ssl=1&resize=700%2C400 2x, https:\/\/i0.wp.com\/historiografija.hr\/wp-content\/uploads\/2026\/05\/Predstavljanje-zbornika-u-cast-Dinka-Sokcevica.jpg?fit=1200%2C848&ssl=1&resize=1050%2C600 3x"},"classes":[]}],"_links":{"self":[{"href":"https:\/\/historiografija.hr\/index.php?rest_route=\/wp\/v2\/posts\/31184","targetHints":{"allow":["GET"]}}],"collection":[{"href":"https:\/\/historiografija.hr\/index.php?rest_route=\/wp\/v2\/posts"}],"about":[{"href":"https:\/\/historiografija.hr\/index.php?rest_route=\/wp\/v2\/types\/post"}],"author":[{"embeddable":true,"href":"https:\/\/historiografija.hr\/index.php?rest_route=\/wp\/v2\/users\/2"}],"replies":[{"embeddable":true,"href":"https:\/\/historiografija.hr\/index.php?rest_route=%2Fwp%2Fv2%2Fcomments&post=31184"}],"version-history":[{"count":1,"href":"https:\/\/historiografija.hr\/index.php?rest_route=\/wp\/v2\/posts\/31184\/revisions"}],"predecessor-version":[{"id":31185,"href":"https:\/\/historiografija.hr\/index.php?rest_route=\/wp\/v2\/posts\/31184\/revisions\/31185"}],"wp:featuredmedia":[{"embeddable":true,"href":"https:\/\/historiografija.hr\/index.php?rest_route=\/wp\/v2\/media\/25658"}],"wp:attachment":[{"href":"https:\/\/historiografija.hr\/index.php?rest_route=%2Fwp%2Fv2%2Fmedia&parent=31184"}],"wp:term":[{"taxonomy":"category","embeddable":true,"href":"https:\/\/historiografija.hr\/index.php?rest_route=%2Fwp%2Fv2%2Fcategories&post=31184"},{"taxonomy":"post_tag","embeddable":true,"href":"https:\/\/historiografija.hr\/index.php?rest_route=%2Fwp%2Fv2%2Ftags&post=31184"}],"curies":[{"name":"wp","href":"https:\/\/api.w.org\/{rel}","templated":true}]}}