{"id":31181,"date":"2022-05-05T21:47:22","date_gmt":"2022-05-05T21:47:22","guid":{"rendered":"http:\/\/historiografija.hr\/?p=31181"},"modified":"2022-05-05T21:47:22","modified_gmt":"2022-05-05T21:47:22","slug":"edin-omercic-bosna-i-hercegovina-u-politickoj-projekciji-intelektualnih-krugova-1991-1996","status":"publish","type":"post","link":"https:\/\/historiografija.hr\/?p=31181","title":{"rendered":"Edin Omer\u010di\u0107, \u201cBosna i Hercegovina u politi\u010dkoj projekciji intelektualnih krugova 1991-1996\u201d"},"content":{"rendered":"\n<p>Udru\u017eenje za modernu historiju iz Sarajeva najavljuje novu knjigu \u201cBosna i Hercegovina u politi\u010dkoj projekciji intelektualnih krugova 1991-1996\u201d autora Edina Omer\u010di\u0107a. U knjizi se razmatra uloga intelektualnih krugova i njihov neposredni uticaj na politi\u010dku mo\u0107 te se nastoji utvrditi na koji su na\u010din svojim anga\u017emanom doprinosili pitanjima rje\u0161avanja ustavno-pravnog ure\u0111enja Bosne i Hercegovine tokom prve polovice devedesetih godina dvadesetog stolje\u0107a, odnosno od odr\u017eavanja prvih vi\u0161estrana\u010dkih izbora u Bosni i Hercegovini do potpisivanja Daytonskog mira krajem 1995. godine. Autor u knjizi nastoji dati odgovor na pitanja o uticaju intelektualnih krugova i njihovoj ulozi na kreiranje javnog mnijenja i dono\u0161enje odre\u0111enih politi\u010dkih odluka.<\/p>\n\n\n\n<p>Kako su BiH vidjeli srpski, hrvatski, bo\u0161nja\u010dki i nezavisni intelektualci? Koja je uloga intelektualaca okupljenih u Krug 99? \u0160ta je bio cilj odr\u017eavanja Kongresa bosanskomuslimanskih intelektualaca u decembru 1992, i kakvu Bosnu i Hercegovinu su zami\u0161ljali intelektualci okupljeni oko Bo\u0161nja\u010dkog sabora 1993? \u0160ta je predlagano na kongresima srpskih intelektualaca? Kako je nastalo i s kojim ciljem Hrvatsko narodno vije\u0107e?<\/p>\n\n\n\n<p>To su samo neka od pitanja koja se obra\u0111uju u ovoj knjizi.<\/p>\n\n\n\n<p><strong>Edin Omer\u010di\u0107<\/strong> je saradnik za modernu historiju na Institutu za historiju Univerzteta u Sarajevu i \u010dlan Udru\u017eenja za modernu historiju (UMHIS) iz Sarajeva. Podru\u010dje njegova znanstvenog interesovanja se odnosi na postsocijalisti\u010dko razdoblje bosanskohercegova\u010dke povijesti.<\/p>\n\n\n\n<hr class=\"wp-block-separator\"\/>\n\n\n\n<p>Izvor:<\/p>\n\n\n\n<p><strong>Historiografija.ba<\/strong><\/p>\n\n\n\n<p><a href=\"https:\/\/historiografija.ba\/article.php?id=1246\">https:\/\/historiografija.ba\/article.php?id=1246<\/a><\/p>\n\n\n\n<hr class=\"wp-block-separator\"\/>\n\n\n\n<p><\/p>\n","protected":false},"excerpt":{"rendered":"","protected":false},"author":2,"featured_media":31182,"comment_status":"open","ping_status":"open","sticky":false,"template":"","format":"standard","meta":{"_acf_changed":false,"jetpack_post_was_ever_published":false,"_jetpack_newsletter_access":"","_jetpack_dont_email_post_to_subs":false,"_jetpack_newsletter_tier_id":0,"_jetpack_memberships_contains_paywalled_content":false,"_jetpack_memberships_contains_paid_content":false,"footnotes":"","jetpack_publicize_message":"","jetpack_publicize_feature_enabled":true,"jetpack_social_post_already_shared":true,"jetpack_social_options":{"image_generator_settings":{"template":"highway","default_image_id":0,"font":"","enabled":false},"version":2}},"categories":[8,3],"tags":[],"class_list":["post-31181","post","type-post","status-publish","format-standard","has-post-thumbnail","hentry","category-knjige","category-novosti"],"acf":{"facebook_opis":""},"jetpack_publicize_connections":[],"jetpack_featured_media_url":"https:\/\/i0.wp.com\/historiografija.hr\/wp-content\/uploads\/2022\/05\/Edin-Omercic_bosna-i-hercegovina.jpg?fit=555%2C374&ssl=1","jetpack_sharing_enabled":true,"jetpack-related-posts":[],"_links":{"self":[{"href":"https:\/\/historiografija.hr\/index.php?rest_route=\/wp\/v2\/posts\/31181","targetHints":{"allow":["GET"]}}],"collection":[{"href":"https:\/\/historiografija.hr\/index.php?rest_route=\/wp\/v2\/posts"}],"about":[{"href":"https:\/\/historiografija.hr\/index.php?rest_route=\/wp\/v2\/types\/post"}],"author":[{"embeddable":true,"href":"https:\/\/historiografija.hr\/index.php?rest_route=\/wp\/v2\/users\/2"}],"replies":[{"embeddable":true,"href":"https:\/\/historiografija.hr\/index.php?rest_route=%2Fwp%2Fv2%2Fcomments&post=31181"}],"version-history":[{"count":1,"href":"https:\/\/historiografija.hr\/index.php?rest_route=\/wp\/v2\/posts\/31181\/revisions"}],"predecessor-version":[{"id":31183,"href":"https:\/\/historiografija.hr\/index.php?rest_route=\/wp\/v2\/posts\/31181\/revisions\/31183"}],"wp:featuredmedia":[{"embeddable":true,"href":"https:\/\/historiografija.hr\/index.php?rest_route=\/wp\/v2\/media\/31182"}],"wp:attachment":[{"href":"https:\/\/historiografija.hr\/index.php?rest_route=%2Fwp%2Fv2%2Fmedia&parent=31181"}],"wp:term":[{"taxonomy":"category","embeddable":true,"href":"https:\/\/historiografija.hr\/index.php?rest_route=%2Fwp%2Fv2%2Fcategories&post=31181"},{"taxonomy":"post_tag","embeddable":true,"href":"https:\/\/historiografija.hr\/index.php?rest_route=%2Fwp%2Fv2%2Ftags&post=31181"}],"curies":[{"name":"wp","href":"https:\/\/api.w.org\/{rel}","templated":true}]}}