{"id":31179,"date":"2022-05-05T21:41:31","date_gmt":"2022-05-05T21:41:31","guid":{"rendered":"http:\/\/historiografija.hr\/?p=31179"},"modified":"2022-05-05T21:41:32","modified_gmt":"2022-05-05T21:41:32","slug":"predstavljanje-romana-drazena-katunarica-zbogom-pustinjo","status":"publish","type":"post","link":"https:\/\/historiografija.hr\/?p=31179","title":{"rendered":"Predstavljanje romana Dra\u017eena Katunari\u0107a &#8216;Zbogom, pustinjo&#8217;"},"content":{"rendered":"\n<p>Predstavljanje romana <strong>Dra\u017eena Katunari\u0107a<\/strong> &#8220;Zbogom, pustinjo&#8221; (Sandorf, 2022.) odr\u017eat \u0107e se u petak 6. svibnja u 18 sati u Knji\u017enici i \u010ditaonici Bogdana Ogrizovi\u0107a u Zagrebu (Preradovi\u0107eva 5).<\/p>\n\n\n\n<p>O knjizi \u0107e govoriti&nbsp;<strong>\u017darko Pai\u0107<\/strong>,<strong> Ingrid \u0160afranek <\/strong>i<strong>&nbsp;Zdravko Zima<\/strong>.<\/p>\n\n\n\n<p>O knjizi::<br>U blizini gradi\u0107a Tamesguidea u Al\u017eiru, islamski su teroristi 1993. godine odrubili glavu dvanaestorici radnika Hidroelektre. Optere\u0107ena Domovinskim ratom, hrvatska javnost ovaj stravi\u010dan zlo\u010din jedva primje\u0107uje, a jo\u0161 br\u017ee zaboravlja. Godinama kasnije, pojavljuju se iskazi dvojice pre\u017eivjelih radnika o ovom pokolju. Dra\u017een Katunari\u0107 svojim romanom &#8220;Zbogom, pustinjo&#8221;, prvim na ovu temu na na\u0161im prostorima, daje \u0161iri kontekst koji je doveo do tragedije, obostranoj mr\u017enji oblik i lice, a sve pomnim nijansiranjem vrsnog prozaika.\u00a0<br>&#8220;Zbogom, pustinjo&#8221; istovremeno sadr\u017ei uvjerljivost dokumenta i slojevitost psiholo\u0161ki dinami\u010dne zbilje umotane u ljepotu literarne fikcije.<\/p>\n\n\n\n<hr class=\"wp-block-separator\"\/>\n\n\n\n<p>Izvori:<\/p>\n\n\n\n<p><a href=\"https:\/\/mvinfo.hr\/clanak\/predstavljanje-romana-drazena-katunarica-zbogom-pustinjo\">https:\/\/mvinfo.hr\/clanak\/predstavljanje-romana-drazena-katunarica-zbogom-pustinjo<\/a><\/p>\n\n\n\n<p><a href=\"http:\/\/www.kgz.hr\/hr\/knjiznice\/knjiznica-i-citaonica-bogdana-ogrizovica\/72\">http:\/\/www.kgz.hr\/hr\/knjiznice\/knjiznica-i-citaonica-bogdana-ogrizovica\/72<\/a><\/p>\n\n\n\n<hr class=\"wp-block-separator\"\/>\n","protected":false},"excerpt":{"rendered":"","protected":false},"author":2,"featured_media":29328,"comment_status":"open","ping_status":"open","sticky":false,"template":"","format":"standard","meta":{"_acf_changed":false,"jetpack_post_was_ever_published":false,"_jetpack_newsletter_access":"","_jetpack_dont_email_post_to_subs":false,"_jetpack_newsletter_tier_id":0,"_jetpack_memberships_contains_paywalled_content":false,"_jetpack_memberships_contains_paid_content":false,"footnotes":"","jetpack_publicize_message":"","jetpack_publicize_feature_enabled":true,"jetpack_social_post_already_shared":true,"jetpack_social_options":{"image_generator_settings":{"template":"highway","default_image_id":0,"font":"","enabled":false},"version":2}},"categories":[3,12],"tags":[],"class_list":["post-31179","post","type-post","status-publish","format-standard","has-post-thumbnail","hentry","category-novosti","category-knjizevnost"],"acf":{"facebook_opis":""},"jetpack_publicize_connections":[],"jetpack_featured_media_url":"https:\/\/i0.wp.com\/historiografija.hr\/wp-content\/uploads\/2022\/01\/zbogom_pustinjo.png?fit=363%2C598&ssl=1","jetpack_sharing_enabled":true,"jetpack-related-posts":[],"_links":{"self":[{"href":"https:\/\/historiografija.hr\/index.php?rest_route=\/wp\/v2\/posts\/31179","targetHints":{"allow":["GET"]}}],"collection":[{"href":"https:\/\/historiografija.hr\/index.php?rest_route=\/wp\/v2\/posts"}],"about":[{"href":"https:\/\/historiografija.hr\/index.php?rest_route=\/wp\/v2\/types\/post"}],"author":[{"embeddable":true,"href":"https:\/\/historiografija.hr\/index.php?rest_route=\/wp\/v2\/users\/2"}],"replies":[{"embeddable":true,"href":"https:\/\/historiografija.hr\/index.php?rest_route=%2Fwp%2Fv2%2Fcomments&post=31179"}],"version-history":[{"count":1,"href":"https:\/\/historiografija.hr\/index.php?rest_route=\/wp\/v2\/posts\/31179\/revisions"}],"predecessor-version":[{"id":31180,"href":"https:\/\/historiografija.hr\/index.php?rest_route=\/wp\/v2\/posts\/31179\/revisions\/31180"}],"wp:featuredmedia":[{"embeddable":true,"href":"https:\/\/historiografija.hr\/index.php?rest_route=\/wp\/v2\/media\/29328"}],"wp:attachment":[{"href":"https:\/\/historiografija.hr\/index.php?rest_route=%2Fwp%2Fv2%2Fmedia&parent=31179"}],"wp:term":[{"taxonomy":"category","embeddable":true,"href":"https:\/\/historiografija.hr\/index.php?rest_route=%2Fwp%2Fv2%2Fcategories&post=31179"},{"taxonomy":"post_tag","embeddable":true,"href":"https:\/\/historiografija.hr\/index.php?rest_route=%2Fwp%2Fv2%2Ftags&post=31179"}],"curies":[{"name":"wp","href":"https:\/\/api.w.org\/{rel}","templated":true}]}}