{"id":31173,"date":"2022-05-05T21:30:29","date_gmt":"2022-05-05T21:30:29","guid":{"rendered":"http:\/\/historiografija.hr\/?p=31173"},"modified":"2022-05-05T21:30:29","modified_gmt":"2022-05-05T21:30:29","slug":"medunarodni-znanstveni-skup-slovenski-svecenici-u-hrvatskoj-istri-u-19-i-20-stoljecu-u-pazinu","status":"publish","type":"post","link":"https:\/\/historiografija.hr\/?p=31173","title":{"rendered":"Me\u0111unarodni znanstveni skup \u201cSlovenski sve\u0107enici u hrvatskoj Istri u 19. i 20. stolje\u0107u\u201d u Pazinu"},"content":{"rendered":"\n<p>U petak, 6. svibnja 2022. godine, s po\u010detkom u 9:30 u Velikoj dvorani Dr\u017eavnog arhiva u Pazinu odr\u017eat \u0107e se me\u0111unarodni znanstveni skup \u201cSlovenski sve\u0107enici u hrvatskoj Istri u 19. i 20. stolje\u0107u\u201d.Organizatori su Dr\u017eavni arhiv u Pazinu, Pore\u010dka i Pulska Biskupija te In\u0161titut za narodnostna vpra\u0161anja.<\/p>\n\n\n\n<hr class=\"wp-block-separator\"\/>\n\n\n\n<p>Pozivnica i program:<\/p>\n\n\n\n<figure class=\"wp-block-embed-wordpress wp-block-embed is-type-wp-embed is-provider-istarsko-povijesno-drustvo-societa-storica-istriana\"><div class=\"wp-block-embed__wrapper\">\n<blockquote class=\"wp-embedded-content\" data-secret=\"gBbU2wCHh6\"><a href=\"https:\/\/ipd-ssi.hr\/2022\/05\/05\/medunarodni-znanstveni-skup-slovenski-svecenici-u-hrvatskoj-istri-u-19-i-20-stoljecu-u-pazinu\/\">Me\u0111unarodni znanstveni skup &#8220;Slovenski sve\u0107enici u hrvatskoj Istri u 19. i 20. stolje\u0107u&#8221; u Pazinu<\/a><\/blockquote><iframe loading=\"lazy\" class=\"wp-embedded-content\" sandbox=\"allow-scripts\" security=\"restricted\" style=\"position: absolute; clip: rect(1px, 1px, 1px, 1px);\" title=\"&#8220;Me\u0111unarodni znanstveni skup &#8220;Slovenski sve\u0107enici u hrvatskoj Istri u 19. i 20. stolje\u0107u&#8221; u Pazinu&#8221; &#8212; Istarsko povijesno dru\u0161tvo - Societ\u00e0 Storica Istriana\" src=\"https:\/\/ipd-ssi.hr\/2022\/05\/05\/medunarodni-znanstveni-skup-slovenski-svecenici-u-hrvatskoj-istri-u-19-i-20-stoljecu-u-pazinu\/embed\/#?secret=oJFu8eEqkR#?secret=gBbU2wCHh6\" data-secret=\"gBbU2wCHh6\" width=\"600\" height=\"338\" frameborder=\"0\" marginwidth=\"0\" marginheight=\"0\" scrolling=\"no\"><\/iframe>\n<\/div><\/figure>\n\n\n\n<figure class=\"wp-block-embed-wordpress wp-block-embed is-type-wp-embed is-provider-drzavni-arhiv-u-pazinu\"><div class=\"wp-block-embed__wrapper\">\n<blockquote class=\"wp-embedded-content\" data-secret=\"GCHmre1bej\"><a href=\"https:\/\/www.dapa.hr\/medunarodni-znanstveni-skup-3\/\">Me\u0111unarodni znanstveni skup<\/a><\/blockquote><iframe loading=\"lazy\" class=\"wp-embedded-content\" sandbox=\"allow-scripts\" security=\"restricted\" style=\"position: absolute; clip: rect(1px, 1px, 1px, 1px);\" title=\"&#8220;Me\u0111unarodni znanstveni skup&#8221; &#8212; Dr\u017eavni arhiv u Pazinu\" src=\"https:\/\/www.dapa.hr\/medunarodni-znanstveni-skup-3\/embed\/#?secret=aKJlKUEiTq#?secret=GCHmre1bej\" data-secret=\"GCHmre1bej\" width=\"600\" height=\"338\" frameborder=\"0\" marginwidth=\"0\" marginheight=\"0\" scrolling=\"no\"><\/iframe>\n<\/div><\/figure>\n\n\n\n<hr class=\"wp-block-separator\"\/>\n\n\n\n<p><\/p>\n","protected":false},"excerpt":{"rendered":"","protected":false},"author":2,"featured_media":31174,"comment_status":"open","ping_status":"open","sticky":false,"template":"","format":"standard","meta":{"_acf_changed":false,"jetpack_post_was_ever_published":false,"_jetpack_newsletter_access":"","_jetpack_dont_email_post_to_subs":false,"_jetpack_newsletter_tier_id":0,"_jetpack_memberships_contains_paywalled_content":false,"_jetpack_memberships_contains_paid_content":false,"footnotes":"","jetpack_publicize_message":"","jetpack_publicize_feature_enabled":true,"jetpack_social_post_already_shared":true,"jetpack_social_options":{"image_generator_settings":{"template":"highway","default_image_id":0,"font":"","enabled":false},"version":2}},"categories":[3,9],"tags":[],"class_list":["post-31173","post","type-post","status-publish","format-standard","has-post-thumbnail","hentry","category-novosti","category-skupovi"],"acf":{"facebook_opis":""},"jetpack_publicize_connections":[],"jetpack_featured_media_url":"https:\/\/i0.wp.com\/historiografija.hr\/wp-content\/uploads\/2022\/05\/svecenstvo.jpg?fit=1181%2C2362&ssl=1","jetpack_sharing_enabled":true,"jetpack-related-posts":[],"_links":{"self":[{"href":"https:\/\/historiografija.hr\/index.php?rest_route=\/wp\/v2\/posts\/31173","targetHints":{"allow":["GET"]}}],"collection":[{"href":"https:\/\/historiografija.hr\/index.php?rest_route=\/wp\/v2\/posts"}],"about":[{"href":"https:\/\/historiografija.hr\/index.php?rest_route=\/wp\/v2\/types\/post"}],"author":[{"embeddable":true,"href":"https:\/\/historiografija.hr\/index.php?rest_route=\/wp\/v2\/users\/2"}],"replies":[{"embeddable":true,"href":"https:\/\/historiografija.hr\/index.php?rest_route=%2Fwp%2Fv2%2Fcomments&post=31173"}],"version-history":[{"count":1,"href":"https:\/\/historiografija.hr\/index.php?rest_route=\/wp\/v2\/posts\/31173\/revisions"}],"predecessor-version":[{"id":31175,"href":"https:\/\/historiografija.hr\/index.php?rest_route=\/wp\/v2\/posts\/31173\/revisions\/31175"}],"wp:featuredmedia":[{"embeddable":true,"href":"https:\/\/historiografija.hr\/index.php?rest_route=\/wp\/v2\/media\/31174"}],"wp:attachment":[{"href":"https:\/\/historiografija.hr\/index.php?rest_route=%2Fwp%2Fv2%2Fmedia&parent=31173"}],"wp:term":[{"taxonomy":"category","embeddable":true,"href":"https:\/\/historiografija.hr\/index.php?rest_route=%2Fwp%2Fv2%2Fcategories&post=31173"},{"taxonomy":"post_tag","embeddable":true,"href":"https:\/\/historiografija.hr\/index.php?rest_route=%2Fwp%2Fv2%2Ftags&post=31173"}],"curies":[{"name":"wp","href":"https:\/\/api.w.org\/{rel}","templated":true}]}}