{"id":31161,"date":"2022-05-03T08:32:59","date_gmt":"2022-05-03T08:32:59","guid":{"rendered":"http:\/\/historiografija.hr\/?p=31161"},"modified":"2022-05-03T08:48:20","modified_gmt":"2022-05-03T08:48:20","slug":"martin-pogacar-fico-auto-za-sve-zvijezda-jugoslavenskog-automobilizma-izmedu-cesta-i-uspomena-kolicina","status":"publish","type":"post","link":"https:\/\/historiografija.hr\/?p=31161","title":{"rendered":"Martin Poga\u010dar, &#8220;Fi\u0107o, auto za sve: zvijezda jugoslavenskog automobilizma izme\u0111u cesta i uspomena&#8221;"},"content":{"rendered":"\n<p>Sa slovenskog prevela Irena Radej Mili\u010di\u0107<\/p>\n\n\n\n<hr class=\"wp-block-separator\"\/>\n\n\n\n<p>Za\u0161to su nam stari automobili toliko privla\u010dni da neki pod njima satima le\u017ee, drugi nje\u017eno glade svje\u017ee ula\u0161teni lim, a tre\u0107i s karoserije lju\u0161te podbuhlu hr\u0111u i plijesan? Zato \u0161to sa sobom nose ostatke popularne kulture, slave hrabrosti, avanturizma, mladosti i otpora? Tragove kolomaza i mirise benzina?<\/p>\n\n\n\n<p>\u017divot fi\u0107e nakon Jugoslavije otvara niz pitanja o \u201cfriziranim\u201d sje\u0107anjima na jugoslavensku pro\u0161lost, ali i o zanimljivoj povijesti i tehni\u010dkoj i industrijskoj ba\u0161tini.<\/p>\n\n\n\n<p>Uklju\u010dimo brisa\u010de (samo da rade!) i obri\u0161imo kapljice (n)ostalgije. Dignimo poklopac, zagledajmo u stroj tog fenomena. Poku\u0161ajmo ustanoviti za\u0161to je najpopularniji doma\u0107i automobil danas ujedno i jedan od glavnih ozna\u010ditelja proteklog razdoblja i predmet kroz koji vidimo da su i materija i sje\u0107anja i \u0161uplji i trajni.<\/p>\n\n\n\n<hr class=\"wp-block-separator\"\/>\n\n\n\n<p>Broj stranica: 239<\/p>\n\n\n\n<p>Godina izdanja: 2022.<\/p>\n\n\n\n<hr class=\"wp-block-separator\"\/>\n\n\n\n<p>Izvori i dodatne informacije:<\/p>\n\n\n\n<figure class=\"wp-block-embed-wordpress wp-block-embed is-type-wp-embed is-provider-srednja-europa\"><div class=\"wp-block-embed__wrapper\">\n<blockquote class=\"wp-embedded-content\" data-secret=\"DiA6uZl6sj\"><a href=\"https:\/\/srednja-europa.hr\/proizvod\/fico-auto-za-sve-zvijezda-jugoslavenskog-automobilizma-izmedu-cesta-i-uspomena\/\">Fi\u0107o, auto za sve: zvijezda jugoslavenskog automobilizma izme\u0111u cesta i uspomena<\/a><\/blockquote><iframe loading=\"lazy\" class=\"wp-embedded-content\" sandbox=\"allow-scripts\" security=\"restricted\" style=\"position: absolute; clip: rect(1px, 1px, 1px, 1px);\" title=\"&#8220;Fi\u0107o, auto za sve: zvijezda jugoslavenskog automobilizma izme\u0111u cesta i uspomena&#8221; &#8212; Srednja Europa\" src=\"https:\/\/srednja-europa.hr\/proizvod\/fico-auto-za-sve-zvijezda-jugoslavenskog-automobilizma-izmedu-cesta-i-uspomena\/embed\/#?secret=DiA6uZl6sj\" data-secret=\"DiA6uZl6sj\" width=\"600\" height=\"338\" frameborder=\"0\" marginwidth=\"0\" marginheight=\"0\" scrolling=\"no\"><\/iframe>\n<\/div><\/figure>\n\n\n\n<p><a href=\"https:\/\/www.facebook.com\/Srednja-Europa-108077195878764\/\">https:\/\/www.facebook.com\/Srednja-Europa-108077195878764\/<\/a><\/p>\n\n\n\n<hr class=\"wp-block-separator\"\/>\n\n\n\n<p>Iz medija:<\/p>\n\n\n\n<p><a href=\"https:\/\/www.jutarnji.hr\/kultura\/knjizevnost\/izdana-knjiga-o-automobilu-koji-je-postao-simbol-jugoslavije-povijest-mita-o-legendarnom-fici-15188433\">https:\/\/www.jutarnji.hr\/kultura\/knjizevnost\/izdana-knjiga-o-automobilu-koji-je-postao-simbol-jugoslavije-povijest-mita-o-legendarnom-fici-15188433<\/a><\/p>\n\n\n\n<hr class=\"wp-block-separator\"\/>\n","protected":false},"excerpt":{"rendered":"","protected":false},"author":2,"featured_media":31158,"comment_status":"open","ping_status":"open","sticky":false,"template":"","format":"standard","meta":{"_acf_changed":false,"jetpack_post_was_ever_published":false,"_jetpack_newsletter_access":"","_jetpack_dont_email_post_to_subs":false,"_jetpack_newsletter_tier_id":0,"_jetpack_memberships_contains_paywalled_content":false,"_jetpack_memberships_contains_paid_content":false,"footnotes":"","jetpack_publicize_message":"","jetpack_publicize_feature_enabled":true,"jetpack_social_post_already_shared":true,"jetpack_social_options":{"image_generator_settings":{"template":"highway","default_image_id":0,"font":"","enabled":false},"version":2}},"categories":[8,3],"tags":[],"class_list":["post-31161","post","type-post","status-publish","format-standard","has-post-thumbnail","hentry","category-knjige","category-novosti"],"acf":{"facebook_opis":""},"jetpack_publicize_connections":[],"jetpack_featured_media_url":"https:\/\/i0.wp.com\/historiografija.hr\/wp-content\/uploads\/2022\/05\/Fico.jpg?fit=481%2C661&ssl=1","jetpack_sharing_enabled":true,"jetpack-related-posts":[],"_links":{"self":[{"href":"https:\/\/historiografija.hr\/index.php?rest_route=\/wp\/v2\/posts\/31161","targetHints":{"allow":["GET"]}}],"collection":[{"href":"https:\/\/historiografija.hr\/index.php?rest_route=\/wp\/v2\/posts"}],"about":[{"href":"https:\/\/historiografija.hr\/index.php?rest_route=\/wp\/v2\/types\/post"}],"author":[{"embeddable":true,"href":"https:\/\/historiografija.hr\/index.php?rest_route=\/wp\/v2\/users\/2"}],"replies":[{"embeddable":true,"href":"https:\/\/historiografija.hr\/index.php?rest_route=%2Fwp%2Fv2%2Fcomments&post=31161"}],"version-history":[{"count":6,"href":"https:\/\/historiografija.hr\/index.php?rest_route=\/wp\/v2\/posts\/31161\/revisions"}],"predecessor-version":[{"id":31167,"href":"https:\/\/historiografija.hr\/index.php?rest_route=\/wp\/v2\/posts\/31161\/revisions\/31167"}],"wp:featuredmedia":[{"embeddable":true,"href":"https:\/\/historiografija.hr\/index.php?rest_route=\/wp\/v2\/media\/31158"}],"wp:attachment":[{"href":"https:\/\/historiografija.hr\/index.php?rest_route=%2Fwp%2Fv2%2Fmedia&parent=31161"}],"wp:term":[{"taxonomy":"category","embeddable":true,"href":"https:\/\/historiografija.hr\/index.php?rest_route=%2Fwp%2Fv2%2Fcategories&post=31161"},{"taxonomy":"post_tag","embeddable":true,"href":"https:\/\/historiografija.hr\/index.php?rest_route=%2Fwp%2Fv2%2Ftags&post=31161"}],"curies":[{"name":"wp","href":"https:\/\/api.w.org\/{rel}","templated":true}]}}