{"id":31129,"date":"2022-05-02T08:08:52","date_gmt":"2022-05-02T08:08:52","guid":{"rendered":"http:\/\/historiografija.hr\/?p=31129"},"modified":"2022-05-02T08:08:52","modified_gmt":"2022-05-02T08:08:52","slug":"prijelomna-vremena-hrvatske-zemlje-nakon-1918","status":"publish","type":"post","link":"https:\/\/historiografija.hr\/?p=31129","title":{"rendered":"Prijelomna vremena. Hrvatske zemlje nakon 1918."},"content":{"rendered":"\n<p>POVIJEST HRVATA VII. Urednica sveska Suzana Le\u010dek<\/p>\n\n\n\n<hr class=\"wp-block-separator\"\/>\n\n\n\n<p><em>Prijelomna vremena: Hrvatske zemlje nakon 1918.<\/em> sedmi je svezak velike sinteze hrvatske povijesti od ranoga srednjeg vijeka do najnovijeg razdoblja koju objavljuje Matica hrvatska. Novi svezak obra\u0111uje hrvatsku povijest u razdoblju od zavr\u0161etka Prvoga svjetskoga rata do danas.<\/p>\n\n\n\n<p>Ukupno je u svesku zastupljeno 26 autora, uglavnom povjesni\u010dara, ali i demografa, politologa, pravnika i etnologa, s niza eminentnih hrvatskih znanstvenih i visoko\u0161kolskih ustanova. Ovakav \u0161irok izbor suradnika omogu\u0107io je prikaz hrvatske povijesti ne samo u u\u017eem aspektu politi\u010dke povijesti nego je podjednaka va\u017enost dana ostalim vidovima povijesnog razvitka, od demografskih procesa, prikaza gospodarskih prilika, uloge i polo\u017eaja vjerskih zajednica, do zdravstvenih prilika, standarda \u017eivota stanovni\u0161tva i prikaza provo\u0111enja slobodnog vremena.<\/p>\n\n\n\n<p>Knjiga se sastoji od tri dijela. U prvom dijelu donosi se pregled politi\u010dkih zbivanja te obra\u0111uju promjene u radu politi\u010dkih ustanova, dru\u0161tvene strukture, razvoj gospodarstva, \u0161irenje dijaspore, povijest crkve i vjerskog \u017eivota, intelektualni i kulturni razvoj te povijest svakodnevice. Drugi dio knjige bavi se povije\u0161\u0107u pojedinih hrvatskih regija, a tre\u0107i promatra hrvatska podru\u010dja, a od 1991. i dr\u017eavu, u me\u0111unarodnom kontekstu.<\/p>\n\n\n\n<p>Temeljena na suvremenim znanstvenim spoznajama ova sinteza daje do sada najcjelovitiji uvid u hrvatsku povijest od 1918. do danas, a multidisciplinarnim pristupom postignuto je to da se prvi puta u hrvatskoj historiografiji sinteti\u010dki prikazuje povijesni razvoj svih podru\u010dja \u017eivota.<\/p>\n\n\n\n<p>Posebna vrijednost knjige le\u017ei u pristupa\u010dnom stilu, zbog \u010dega \u0107e, osim znanstvenoj javnosti, izdanje biti korisno i zanimljivo i \u0161iroj \u010ditala\u010dkoj publici zainteresiranoj za hrvatsku povijesnu ba\u0161tinu i njezinu uklopljenost u \u0161ire europske procese.<\/p>\n\n\n\n<p>Biblioteka Povijest Hrvata, sv. 7, glavni urednik Luka \u0160eput, urednik biblioteke Zoran Ladi\u0107, recenzenti Mira Kolar, Nikica Bari\u0107 i Tomislav Ani\u0107, povjerenstvo Matice hrvatske za ediciju Zorislav Luki\u0107 i Damir Zori\u0107, lektura i korektura Luka Vuku\u0161i\u0107, oblikovanje korica \u017deljko Podore\u0161ki.<\/p>\n\n\n\n<hr class=\"wp-block-separator\"\/>\n\n\n\n<ul class=\"wp-block-list\"><li>biblioteka: <a href=\"https:\/\/www.matica.hr\/knjige\/biblioteka\/93\/\"><strong>POVIJEST HRVATA<\/strong><\/a><\/li><li>cijena: <strong>350,00<\/strong> kn<\/li><li>broj stranica: <strong>887<\/strong><\/li><li>uvez: <strong>tvrdi uvez<\/strong><\/li><li>dimenzije: <strong>21 x 29 cm<\/strong><\/li><li>godina izdanja: <a href=\"https:\/\/www.matica.hr\/knjige\/godina\/2022\/\"><strong>2022.<\/strong><\/a><\/li><li>izdava\u010d: <strong>Matica hrvatska<\/strong><\/li><li>mjesto: <strong>Zagreb<\/strong><\/li><li>ISBN: <strong>978-953-341-179-8<\/strong><\/li><li>podru\u010dje: <strong><a href=\"https:\/\/www.matica.hr\/knjige\/podrucje\/historiografija\">historiografija<\/a>, <a href=\"https:\/\/www.matica.hr\/knjige\/podrucje\/hrvatska%20povijest\">hrvatska povijest<\/a>, <a href=\"https:\/\/www.matica.hr\/knjige\/podrucje\/interdisciplinarne%20studije\">interdisciplinarne studije<\/a>, <a href=\"https:\/\/www.matica.hr\/knjige\/podrucje\/povijest\">povijest<\/a><\/strong><\/li><\/ul>\n\n\n\n<hr class=\"wp-block-separator\"\/>\n\n\n\n<p>PDF-ovi:<\/p>\n\n\n\n<p>&nbsp;&nbsp;&nbsp; &#8211; Sadr\u017eaj<\/p>\n\n\n\n<p>&nbsp;&nbsp;&nbsp; &#8211; Predgovor<\/p>\n\n\n\n<p>&nbsp;&nbsp;&nbsp; &#8211; Popis suradnika u knjizi<\/p>\n\n\n\n<hr class=\"wp-block-separator\"\/>\n\n\n\n<p>Izvor:<\/p>\n\n\n\n<p><a href=\"https:\/\/www.matica.hr\/knjige\/prijelomna-vremena-1384\/\">https:\/\/www.matica.hr\/knjige\/prijelomna-vremena-1384\/<\/a><\/p>\n\n\n\n<hr class=\"wp-block-separator\"\/>\n","protected":false},"excerpt":{"rendered":"","protected":false},"author":2,"featured_media":31130,"comment_status":"open","ping_status":"open","sticky":false,"template":"","format":"standard","meta":{"_acf_changed":false,"jetpack_post_was_ever_published":false,"_jetpack_newsletter_access":"","_jetpack_dont_email_post_to_subs":false,"_jetpack_newsletter_tier_id":0,"_jetpack_memberships_contains_paywalled_content":false,"_jetpack_memberships_contains_paid_content":false,"footnotes":"","jetpack_publicize_message":"","jetpack_publicize_feature_enabled":true,"jetpack_social_post_already_shared":true,"jetpack_social_options":{"image_generator_settings":{"template":"highway","default_image_id":0,"font":"","enabled":false},"version":2}},"categories":[8,3],"tags":[],"class_list":["post-31129","post","type-post","status-publish","format-standard","has-post-thumbnail","hentry","category-knjige","category-novosti"],"acf":{"facebook_opis":""},"jetpack_publicize_connections":[],"jetpack_featured_media_url":"https:\/\/i0.wp.com\/historiografija.hr\/wp-content\/uploads\/2022\/05\/prijelomna-vremena.jpeg?fit=300%2C413&ssl=1","jetpack_sharing_enabled":true,"jetpack-related-posts":[],"_links":{"self":[{"href":"https:\/\/historiografija.hr\/index.php?rest_route=\/wp\/v2\/posts\/31129","targetHints":{"allow":["GET"]}}],"collection":[{"href":"https:\/\/historiografija.hr\/index.php?rest_route=\/wp\/v2\/posts"}],"about":[{"href":"https:\/\/historiografija.hr\/index.php?rest_route=\/wp\/v2\/types\/post"}],"author":[{"embeddable":true,"href":"https:\/\/historiografija.hr\/index.php?rest_route=\/wp\/v2\/users\/2"}],"replies":[{"embeddable":true,"href":"https:\/\/historiografija.hr\/index.php?rest_route=%2Fwp%2Fv2%2Fcomments&post=31129"}],"version-history":[{"count":1,"href":"https:\/\/historiografija.hr\/index.php?rest_route=\/wp\/v2\/posts\/31129\/revisions"}],"predecessor-version":[{"id":31131,"href":"https:\/\/historiografija.hr\/index.php?rest_route=\/wp\/v2\/posts\/31129\/revisions\/31131"}],"wp:featuredmedia":[{"embeddable":true,"href":"https:\/\/historiografija.hr\/index.php?rest_route=\/wp\/v2\/media\/31130"}],"wp:attachment":[{"href":"https:\/\/historiografija.hr\/index.php?rest_route=%2Fwp%2Fv2%2Fmedia&parent=31129"}],"wp:term":[{"taxonomy":"category","embeddable":true,"href":"https:\/\/historiografija.hr\/index.php?rest_route=%2Fwp%2Fv2%2Fcategories&post=31129"},{"taxonomy":"post_tag","embeddable":true,"href":"https:\/\/historiografija.hr\/index.php?rest_route=%2Fwp%2Fv2%2Ftags&post=31129"}],"curies":[{"name":"wp","href":"https:\/\/api.w.org\/{rel}","templated":true}]}}