{"id":31126,"date":"2022-05-02T07:58:06","date_gmt":"2022-05-02T07:58:06","guid":{"rendered":"http:\/\/historiografija.hr\/?p=31126"},"modified":"2022-05-02T07:58:06","modified_gmt":"2022-05-02T07:58:06","slug":"znanstveni-skup-dr-franjo-tudman-zivot-i-naslijede","status":"publish","type":"post","link":"https:\/\/historiografija.hr\/?p=31126","title":{"rendered":"Znanstveni skup &#8220;Dr. Franjo Tu\u0111man \u2013 \u017eivot i naslije\u0111e&#8221;"},"content":{"rendered":"\n<p>U povodu stote obljetnice ro\u0111enja prvog predsjednika Republike Hrvatske dr. sc. Franje Tu\u0111mana, Hrvatski institut za povijest, Institut dru\u0161tvenih znanosti Ivo Pilar i Matica hrvatska organiziraju znanstveni skup pod naslovom \u201eDr. Franjo Tu\u0111man \u2013 \u017eivot i naslije\u0111e\u201c, koji \u0107e se odr\u017eati u Zagrebu 5. i 6. svibnja 2022. godine u Dvorani Jure Petri\u010devi\u0107a Matice hrvatske.<\/p>\n\n\n\n<hr class=\"wp-block-separator\"\/>\n\n\n\n<p>Program skupa dostupan je na sljede\u0107im poveznicama:<\/p>\n\n\n\n<p><a href=\"https:\/\/www.isp.hr\/5-i-6-svibnja-2022-znanstveni-skup-dr-franjo-tudman-zivot-i-naslijede\/\">https:\/\/www.isp.hr\/5-i-6-svibnja-2022-znanstveni-skup-dr-franjo-tudman-zivot-i-naslijede\/<\/a><\/p>\n\n\n\n<figure class=\"wp-block-embed-wordpress wp-block-embed is-type-wp-embed is-provider-institut-drustvenih-znanosti-ivo-pilar\"><div class=\"wp-block-embed__wrapper\">\n<blockquote class=\"wp-embedded-content\" data-secret=\"1qhiW23yRL\"><a href=\"https:\/\/www.pilar.hr\/2022\/04\/znanstveni-skup-dr-franjo-tudman-zivot-i-naslijede-zagreb-5-i-6-svibnja-2022\/\">Znanstveni skup \u201eDr. Franjo Tu\u0111man \u2013 \u017eivot i naslije\u0111e\u201c; Zagreb, 5.i 6. svibnja 2022.<\/a><\/blockquote><iframe loading=\"lazy\" class=\"wp-embedded-content\" sandbox=\"allow-scripts\" security=\"restricted\" style=\"position: absolute; clip: rect(1px, 1px, 1px, 1px);\" title=\"&#8220;Znanstveni skup \u201eDr. Franjo Tu\u0111man \u2013 \u017eivot i naslije\u0111e\u201c; Zagreb, 5.i 6. svibnja 2022.&#8221; &#8212; Institut dru\u0161tvenih znanosti Ivo Pilar\" src=\"https:\/\/www.pilar.hr\/2022\/04\/znanstveni-skup-dr-franjo-tudman-zivot-i-naslijede-zagreb-5-i-6-svibnja-2022\/embed\/#?secret=1qhiW23yRL\" data-secret=\"1qhiW23yRL\" width=\"600\" height=\"338\" frameborder=\"0\" marginwidth=\"0\" marginheight=\"0\" scrolling=\"no\"><\/iframe>\n<\/div><\/figure>\n\n\n\n<p><a href=\"https:\/\/www.matica.hr\/novosti\/znanstveni-skup-dr-franjo-tuman-zivot-i-naslijee-5-i-6-svibnja-2022-u-matici-hrvatskoj-u-zagrebu-206\/\">https:\/\/www.matica.hr\/novosti\/znanstveni-skup-dr-franjo-tuman-zivot-i-naslijee-5-i-6-svibnja-2022-u-matici-hrvatskoj-u-zagrebu-206\/<\/a><\/p>\n\n\n\n<hr class=\"wp-block-separator\"\/>\n","protected":false},"excerpt":{"rendered":"","protected":false},"author":2,"featured_media":31127,"comment_status":"open","ping_status":"open","sticky":false,"template":"","format":"standard","meta":{"_acf_changed":false,"jetpack_post_was_ever_published":false,"_jetpack_newsletter_access":"","_jetpack_dont_email_post_to_subs":false,"_jetpack_newsletter_tier_id":0,"_jetpack_memberships_contains_paywalled_content":false,"_jetpack_memberships_contains_paid_content":false,"footnotes":"","jetpack_publicize_message":"","jetpack_publicize_feature_enabled":true,"jetpack_social_post_already_shared":true,"jetpack_social_options":{"image_generator_settings":{"template":"highway","default_image_id":0,"font":"","enabled":false},"version":2}},"categories":[3,9],"tags":[],"class_list":["post-31126","post","type-post","status-publish","format-standard","has-post-thumbnail","hentry","category-novosti","category-skupovi"],"acf":{"facebook_opis":""},"jetpack_publicize_connections":[],"jetpack_featured_media_url":"https:\/\/i0.wp.com\/historiografija.hr\/wp-content\/uploads\/2022\/05\/tudjman_plakat.png?fit=300%2C425&ssl=1","jetpack_sharing_enabled":true,"jetpack-related-posts":[],"_links":{"self":[{"href":"https:\/\/historiografija.hr\/index.php?rest_route=\/wp\/v2\/posts\/31126","targetHints":{"allow":["GET"]}}],"collection":[{"href":"https:\/\/historiografija.hr\/index.php?rest_route=\/wp\/v2\/posts"}],"about":[{"href":"https:\/\/historiografija.hr\/index.php?rest_route=\/wp\/v2\/types\/post"}],"author":[{"embeddable":true,"href":"https:\/\/historiografija.hr\/index.php?rest_route=\/wp\/v2\/users\/2"}],"replies":[{"embeddable":true,"href":"https:\/\/historiografija.hr\/index.php?rest_route=%2Fwp%2Fv2%2Fcomments&post=31126"}],"version-history":[{"count":1,"href":"https:\/\/historiografija.hr\/index.php?rest_route=\/wp\/v2\/posts\/31126\/revisions"}],"predecessor-version":[{"id":31128,"href":"https:\/\/historiografija.hr\/index.php?rest_route=\/wp\/v2\/posts\/31126\/revisions\/31128"}],"wp:featuredmedia":[{"embeddable":true,"href":"https:\/\/historiografija.hr\/index.php?rest_route=\/wp\/v2\/media\/31127"}],"wp:attachment":[{"href":"https:\/\/historiografija.hr\/index.php?rest_route=%2Fwp%2Fv2%2Fmedia&parent=31126"}],"wp:term":[{"taxonomy":"category","embeddable":true,"href":"https:\/\/historiografija.hr\/index.php?rest_route=%2Fwp%2Fv2%2Fcategories&post=31126"},{"taxonomy":"post_tag","embeddable":true,"href":"https:\/\/historiografija.hr\/index.php?rest_route=%2Fwp%2Fv2%2Ftags&post=31126"}],"curies":[{"name":"wp","href":"https:\/\/api.w.org\/{rel}","templated":true}]}}