{"id":31111,"date":"2022-04-29T20:58:02","date_gmt":"2022-04-29T20:58:02","guid":{"rendered":"http:\/\/historiografija.hr\/?p=31111"},"modified":"2022-07-28T10:04:01","modified_gmt":"2022-07-28T10:04:01","slug":"izlozba-i-publikacija-hrvatsko-ukrajinski-odnosi-i-paralele-iz-vizure-filozofskog-fakulteta-u-zagrebu","status":"publish","type":"post","link":"https:\/\/historiografija.hr\/?p=31111","title":{"rendered":"Izlo\u017eba i publikacija \u201cHrvatsko-ukrajinski odnosi i paralele, iz vizure Filozofskog fakulteta u Zagrebu\u201d"},"content":{"rendered":"\n<p>Kao \u0161to smo ve\u0107 najavljivali, na Filozofskom fakultetu u Zagrebu otvorena je 28. travnja 2022. izlo\u017eba \u201cHrvatsko-ukrajinski odnosi i paralele, iz vizure Filozofskog fakulteta u Zagrebu\u201d. Tom prilikom objavljena je istoimena publikacija s pro\u0161irenim tekstovima koji su \u010dinili osnovu izlo\u017ebe. Op\u0161irnije u nastavku.<\/p>\n\n\n\n<hr class=\"wp-block-separator\"\/>\n\n\n\n<p><strong>Izlo\u017eba \u2018Hrvatsko-ukrajinski odnosi i paralele iz vizure Filozofskog fakulteta u Zagrebu\u2019<\/strong><\/p>\n\n\n\n<p>Ju\u010der je na Filozofskom fakultetu otvorena izlo\u017eba <strong><em>Hrvatsko-ukrajinski odnosi i paralele iz vizure Filozofskog fakulteta u Zagrebu<\/em><\/strong>. U jeku niza humanitarnih akcija \u010ditavog svijeta pa tako i Republike Hrvatske, Filozofski fakultet odlu\u010dio je zabilje\u017eiti svoje duboke znanstvene, kulturne i obrazovne veze s narodom Ukrajine. Na\u0161e su se slutnje kako samo izlo\u017eba ne\u0107e biti dovoljna za jasan prikaz kulturnih i znanstvenih veza ubrzo obistinile pa je u izdanju FF pressa objavljena i publikacija koja prati izlo\u017ebu.<\/p>\n\n\n\n<p>Trenutno Filozofski fakultet prima najvi\u0161e studenata izbjeglih iz Ukrajine, trenutno svi profesori i studenti s Katedre za ukrajinski jezik i knji\u017eevnost i Ukrajinci i Hrvati poma\u017eu kao volonteri u prevo\u0111enju, u komunikaciji, u integraciji svih na\u0161ih ukrajinskih prijatelja.<\/p>\n\n\n\n<p>Upravo je stoga Filozofski fakultet sto\u017eerna ustanova integracije Ukrajinaca izbjeglih u Hrvatsku. S druge strane, Filozofski fakultet ima duboke i vi\u0161estoljetne veze s Ukrajinom po\u010dev\u0161i od pou\u010davanja ukrajinskog dulje od 50 godina, a posebno zahvaljuju\u0107i studiju koji \u0107e sad slaviti 25 godina postojanja, s nizom znanstvenih veza u povijesnim znanostima, a te veze postoje i razvijaju se zbog zajedni\u010dkih korijena etnogeneze Hrvata i Ukrajinaca.<\/p>\n\n\n\n<p>Izlo\u017ebu i knjigu o hrvatsko-ukrajinskim odnosima i paralelama iz vizure Filozofskog fakulteta u Zagrebu osmislili su Miljenko Jurkovi\u0107, Damir Agi\u010di\u0107 i Kre\u0161imir Filipec, a u njezinoj su realizaciji sudjelovali: Neven Budak, Igor Marko Gligori\u0107, Borislav Grgin, Branimir Jankovi\u0107, Vjeran Kursar, Hrvoje Petri\u0107, Marijeta Rajkovi\u0107 Iveta, Filip \u0160imetin \u0160egvi\u0107 i Nata\u0161a \u0160tefanec. Panoe i knjigu grafi\u010dki je oblikovao Boris Bui. U radu na projektu sudjelovali su i Tetyana Fuderer i Maksim Kamenjecki.<\/p>\n\n\n\n<p><strong>Fotogalerija:<\/strong><\/p>\n\n\n\n<figure class=\"wp-block-embed-wordpress wp-block-embed is-type-wp-embed is-provider-filozofski-fakultet-sveucilista-u-zagrebu\"><div class=\"wp-block-embed__wrapper\">\n<blockquote class=\"wp-embedded-content\" data-secret=\"CP9xUxWovP\"><a href=\"https:\/\/web2020.ffzg.unizg.hr\/blog\/2022\/04\/29\/izlozba-hrvatsko-ukrajinski-odnosi-i-paralele-iz-vizure-filozofskog-fakulteta-u-zagrebu\/\">Izlo\u017eba &#8216;Hrvatsko-ukrajinski odnosi i paralele  iz vizure Filozofskog fakulteta u Zagrebu&#8217;<\/a><\/blockquote><iframe loading=\"lazy\" class=\"wp-embedded-content\" sandbox=\"allow-scripts\" security=\"restricted\" style=\"position: absolute; clip: rect(1px, 1px, 1px, 1px);\" title=\"&#8220;Izlo\u017eba &#8216;Hrvatsko-ukrajinski odnosi i paralele  iz vizure Filozofskog fakulteta u Zagrebu&#8217;&#8221; &#8212; Filozofski fakultet Sveu\u010dili\u0161ta u Zagrebu\" src=\"https:\/\/web2020.ffzg.unizg.hr\/blog\/2022\/04\/29\/izlozba-hrvatsko-ukrajinski-odnosi-i-paralele-iz-vizure-filozofskog-fakulteta-u-zagrebu\/embed\/#?secret=CP9xUxWovP\" data-secret=\"CP9xUxWovP\" width=\"600\" height=\"338\" frameborder=\"0\" marginwidth=\"0\" marginheight=\"0\" scrolling=\"no\"><\/iframe>\n<\/div><\/figure>\n\n\n\n<hr class=\"wp-block-separator\"\/>\n\n\n\n<p><strong>Hrvatsko-ukrajinski odnosi i paralele: iz vizure Filozofskog fakulteta u Zagrebu<\/strong><\/p>\n\n\n\n<p>Uredili: Damir Agi\u010di\u0107, Miljenko Jurkovi\u0107<\/p>\n\n\n\n<p>Zagreb: Filozofski fakultet, FF press, 2022., 78 str.<\/p>\n\n\n\n<hr class=\"wp-block-separator\"\/>\n\n\n\n<p><strong>Sadr\u017eaj<\/strong><\/p>\n\n\n\n<hr class=\"wp-block-separator\"\/>\n\n\n\n<p><em>Miljenko Jurkovi\u0107<\/em><\/p>\n\n\n\n<p>Hrvatsko-ukrajinski odnosi i paralele, iz vizure Filozofskog fakulteta u Zagrebu<\/p>\n\n\n\n<hr class=\"wp-block-separator\"\/>\n\n\n\n<p><em>Kre\u0161imir Filipec<\/em><\/p>\n\n\n\n<p>Prethistorija i stara povijest Hrvata na podru\u010dju dana\u0161nje Ukrajine<\/p>\n\n\n\n<hr class=\"wp-block-separator\"\/>\n\n\n\n<p><em>Kre\u0161imir Filipec<\/em><\/p>\n\n\n\n<p>Velika ili Bijela Hrvatska \/ Dvije Hrvatske u 10. stolje\u0107u<\/p>\n\n\n\n<hr class=\"wp-block-separator\"\/>\n\n\n\n<p><em>Borislav Grgin<\/em><\/p>\n\n\n\n<p>U zajedni\u010dkom kraljevstvu<\/p>\n\n\n\n<hr class=\"wp-block-separator\"\/>\n\n\n\n<p><em>Nata\u0161a \u0160tefanec \u2013 Vjeran Kursar<\/em><\/p>\n\n\n\n<p>Vojna krajina i Ukrajina u ranom novom vijeku<\/p>\n\n\n\n<hr class=\"wp-block-separator\"\/>\n\n\n\n<p><em>Hrvoje Petri\u0107<\/em><\/p>\n\n\n\n<p>Fragmenti o ukrajinsko-hrvatskim gospodarskim dodirima od 18. stolje\u0107a do danas<\/p>\n\n\n\n<hr class=\"wp-block-separator\"\/>\n\n\n\n<p><em>Filip \u0160imetin \u0160egvi\u0107<\/em><\/p>\n\n\n\n<p>Galicija i stradanja hrvatskih vojnika u I. svjetskom ratu<\/p>\n\n\n\n<hr class=\"wp-block-separator\"\/>\n\n\n\n<p><em>Branimir Jankovi\u0107<\/em><\/p>\n\n\n\n<p>Ljudi, zapisi i predod\u017ebe u pokretu: kulturna povijest hrvatsko-ukrajinskih veza<\/p>\n\n\n\n<hr class=\"wp-block-separator\"\/>\n\n\n\n<p><em>Igor Marko Gligori\u0107<\/em><\/p>\n\n\n\n<p>Hrvatsko-ukrajinska jezi\u010dna, knji\u017eevna i kulturna suradnja danas<\/p>\n\n\n\n<hr class=\"wp-block-separator\"\/>\n\n\n\n<p><em>Damir Agi\u010di\u0107<\/em><\/p>\n\n\n\n<p>Studij ukrajinskoga jezika i knji\u017eevnosti na Filozofskom fakultetu u Zagrebu<\/p>\n\n\n\n<hr class=\"wp-block-separator\"\/>\n\n\n\n<p><em>Marijeta Rajkovi\u0107 Iveta<\/em><\/p>\n\n\n\n<p>Ukrajinska nacionalna manjina u Republici Hrvatskoj<\/p>\n\n\n\n<hr class=\"wp-block-separator\"\/>\n\n\n\n<p>Izlo\u017eba <em>Hrvatsko-ukrajinski odnosi i paralele<\/em><\/p>\n\n\n\n<hr class=\"wp-block-separator\"\/>\n\n\n\n<p>O izlo\u017ebi:<\/p>\n\n\n\n<p><a href=\"https:\/\/www.matica.hr\/hr\/717\/izlozba-hrvatsko-ukrajinski-odnosi-i-paralele-iz-vizure-filozofskog-fakulteta-u-zagrebu-33510\/\">https:\/\/www.matica.hr\/hr\/717\/izlozba-hrvatsko-ukrajinski-odnosi-i-paralele-iz-vizure-filozofskog-fakulteta-u-zagrebu-33510\/<\/a><\/p>\n\n\n\n<hr class=\"wp-block-separator\"\/>\n","protected":false},"excerpt":{"rendered":"","protected":false},"author":2,"featured_media":31112,"comment_status":"open","ping_status":"open","sticky":false,"template":"","format":"standard","meta":{"_acf_changed":false,"jetpack_post_was_ever_published":false,"_jetpack_newsletter_access":"","_jetpack_dont_email_post_to_subs":false,"_jetpack_newsletter_tier_id":0,"_jetpack_memberships_contains_paywalled_content":false,"_jetpack_memberships_contains_paid_content":false,"footnotes":"","jetpack_publicize_message":"","jetpack_publicize_feature_enabled":true,"jetpack_social_post_already_shared":true,"jetpack_social_options":{"image_generator_settings":{"template":"highway","default_image_id":0,"font":"","enabled":false},"version":2}},"categories":[10,8,3],"tags":[],"class_list":["post-31111","post","type-post","status-publish","format-standard","has-post-thumbnail","hentry","category-izlozbe","category-knjige","category-novosti"],"acf":{"facebook_opis":""},"jetpack_publicize_connections":[],"jetpack_featured_media_url":"https:\/\/i0.wp.com\/historiografija.hr\/wp-content\/uploads\/2022\/04\/Hrv-ukrajinski-odnosi.jpg?fit=1024%2C758&ssl=1","jetpack_sharing_enabled":true,"jetpack-related-posts":[],"_links":{"self":[{"href":"https:\/\/historiografija.hr\/index.php?rest_route=\/wp\/v2\/posts\/31111","targetHints":{"allow":["GET"]}}],"collection":[{"href":"https:\/\/historiografija.hr\/index.php?rest_route=\/wp\/v2\/posts"}],"about":[{"href":"https:\/\/historiografija.hr\/index.php?rest_route=\/wp\/v2\/types\/post"}],"author":[{"embeddable":true,"href":"https:\/\/historiografija.hr\/index.php?rest_route=\/wp\/v2\/users\/2"}],"replies":[{"embeddable":true,"href":"https:\/\/historiografija.hr\/index.php?rest_route=%2Fwp%2Fv2%2Fcomments&post=31111"}],"version-history":[{"count":3,"href":"https:\/\/historiografija.hr\/index.php?rest_route=\/wp\/v2\/posts\/31111\/revisions"}],"predecessor-version":[{"id":32274,"href":"https:\/\/historiografija.hr\/index.php?rest_route=\/wp\/v2\/posts\/31111\/revisions\/32274"}],"wp:featuredmedia":[{"embeddable":true,"href":"https:\/\/historiografija.hr\/index.php?rest_route=\/wp\/v2\/media\/31112"}],"wp:attachment":[{"href":"https:\/\/historiografija.hr\/index.php?rest_route=%2Fwp%2Fv2%2Fmedia&parent=31111"}],"wp:term":[{"taxonomy":"category","embeddable":true,"href":"https:\/\/historiografija.hr\/index.php?rest_route=%2Fwp%2Fv2%2Fcategories&post=31111"},{"taxonomy":"post_tag","embeddable":true,"href":"https:\/\/historiografija.hr\/index.php?rest_route=%2Fwp%2Fv2%2Ftags&post=31111"}],"curies":[{"name":"wp","href":"https:\/\/api.w.org\/{rel}","templated":true}]}}