{"id":31092,"date":"2022-04-29T18:47:17","date_gmt":"2022-04-29T18:47:17","guid":{"rendered":"http:\/\/historiografija.hr\/?p=31092"},"modified":"2022-04-29T18:47:17","modified_gmt":"2022-04-29T18:47:17","slug":"projekcija-dokumentarnog-filma-duhovi-zagreba-i-razgovor-s-redateljem","status":"publish","type":"post","link":"https:\/\/historiografija.hr\/?p=31092","title":{"rendered":"Projekcija dokumentarnog filma \u2018Duhovi Zagreba\u2019 i razgovor s redateljem"},"content":{"rendered":"\n<p>U ponedjeljak 2.5.2022. u 19h u Ulici Pavla Hatza 16 u Zagrebu gledamo \u2018Duhovi Zagreba\u2019, dokumentarni film Jadrana Bobana u kojem pre\u017eivjeli borci i ilegalci Narodnooslobodila\u010dkog pokreta u Zagrebu pri\u010daju svoje pri\u010de. Uz film, pripremit \u0107emo razgovor s redateljem i na\u0161im \u010dlanicama. Nadamo se \u017eivom razgovoru u kojem \u0107ete nau\u010diti ne\u0161to o pokretu otpora u Zagrebu i za\u0161to Zagreb zovemo Nepokorenim gradom.<\/p>\n\n\n\n<hr class=\"wp-block-separator\"\/>\n\n\n\n<p><strong>Pretkresovski CineMAZ: Duhovi Zagreba + diskusija s redateljem<\/strong><\/p>\n\n\n\n<p>Mre\u017ea antifa\u0161istkinja Zagreba<\/p>\n\n\n\n<p>Ovog ponedeljka, 2.5, \u010deka Vas posebni CineMAZ!<\/p>\n\n\n\n<p>U sklopu pretprograma Trnjanskih kresova prikazujemo dokumentarni film Duhovi Zagreba o antifa\u0161isti\u010dkom otporu u Zagrebu tokom okupacije za vrijeme Drugog svjetskog rata. Nakon filma odr\u017eat \u0107e se posebna diskusija u kojoj \u0107e prisustvovati redatelj filma Jadran Boban i povjesni\u010dar Sa\u0161a Vejzagi\u0107.<\/p>\n\n\n\n<p>Duhovi Zagreba prati pet pripadnika antifa\u0161isti\u010dkog pokreta dok se prisje\u0107aju kakav je bio \u017eivot u Zagrebu netom prije rata i tokom okupacije. Od Runjaninove ulice do Maksimira, film prikazuje poznate lokacije u Zagrebu iz jedne nove i zanimljive perspektive osobnih iskustva ovih devedesetogodi\u0161njaka, tada\u0161njih tinejd\u017eera i omladinaca. Gledanjem filma dobit \u0107emo vrijedan uvid u taj ponosan i va\u017ean dio na\u0161e povijesti o kojem se na\u017ealost sve manje pri\u010da jer se ne uklapa u suvremenu politiku Hrvatske.<br>Ali, unato\u010d slu\u017ebenom zata\u0161kivanju, \u010dinjenica ostaje da je Zagreb uvijek bio i bit \u0107e nepokoreni grad!<\/p>\n\n\n\n<p>Vidimo se u ponedjeljak, 2.5. u 19h u Ulici Pavla Hatza 16 na filmu Duhovi Zagreba i popratnom razgovoru, a nakon toga u subotu, 7.5, svi na nasip kod Mosta Slobode da zapalimo Trnjanske kresove!<\/p>\n\n\n\n<hr class=\"wp-block-separator\"\/>\n\n\n\n<p>Izvori:<\/p>\n\n\n\n<p><a href=\"https:\/\/www.facebook.com\/events\/1080241762834839\/\">https:\/\/www.facebook.com\/events\/1080241762834839\/<\/a><\/p>\n\n\n\n<figure class=\"wp-block-embed-wordpress wp-block-embed is-type-wp-embed is-provider-maz\"><div class=\"wp-block-embed__wrapper\">\n<blockquote class=\"wp-embedded-content\" data-secret=\"wLkOEdbE8a\"><a href=\"http:\/\/www.maz.hr\/2022\/04\/22\/program-trnjanski-kresovi-2022\/\">PROGRAM: TRNJANSKI KRESOVI 2022.<\/a><\/blockquote><iframe loading=\"lazy\" class=\"wp-embedded-content\" sandbox=\"allow-scripts\" security=\"restricted\" style=\"position: absolute; clip: rect(1px, 1px, 1px, 1px);\" title=\"&#8220;PROGRAM: TRNJANSKI KRESOVI 2022.&#8221; &#8212; MAZ\" src=\"http:\/\/www.maz.hr\/2022\/04\/22\/program-trnjanski-kresovi-2022\/embed\/#?secret=wLkOEdbE8a\" data-secret=\"wLkOEdbE8a\" width=\"600\" height=\"338\" frameborder=\"0\" marginwidth=\"0\" marginheight=\"0\" scrolling=\"no\"><\/iframe>\n<\/div><\/figure>\n\n\n\n<hr class=\"wp-block-separator\"\/>\n","protected":false},"excerpt":{"rendered":"","protected":false},"author":2,"featured_media":31094,"comment_status":"open","ping_status":"open","sticky":false,"template":"","format":"standard","meta":{"_acf_changed":false,"jetpack_post_was_ever_published":false,"_jetpack_newsletter_access":"","_jetpack_dont_email_post_to_subs":false,"_jetpack_newsletter_tier_id":0,"_jetpack_memberships_contains_paywalled_content":false,"_jetpack_memberships_contains_paid_content":false,"footnotes":"","jetpack_publicize_message":"","jetpack_publicize_feature_enabled":true,"jetpack_social_post_already_shared":true,"jetpack_social_options":{"image_generator_settings":{"template":"highway","default_image_id":0,"font":"","enabled":false},"version":2}},"categories":[13,3],"tags":[],"class_list":["post-31092","post","type-post","status-publish","format-standard","has-post-thumbnail","hentry","category-filmovi-i-serije","category-novosti"],"acf":{"facebook_opis":""},"jetpack_publicize_connections":[],"jetpack_featured_media_url":"https:\/\/i0.wp.com\/historiografija.hr\/wp-content\/uploads\/2022\/04\/Duhovi-ZG.jpg?fit=960%2C540&ssl=1","jetpack_sharing_enabled":true,"jetpack-related-posts":[],"_links":{"self":[{"href":"https:\/\/historiografija.hr\/index.php?rest_route=\/wp\/v2\/posts\/31092","targetHints":{"allow":["GET"]}}],"collection":[{"href":"https:\/\/historiografija.hr\/index.php?rest_route=\/wp\/v2\/posts"}],"about":[{"href":"https:\/\/historiografija.hr\/index.php?rest_route=\/wp\/v2\/types\/post"}],"author":[{"embeddable":true,"href":"https:\/\/historiografija.hr\/index.php?rest_route=\/wp\/v2\/users\/2"}],"replies":[{"embeddable":true,"href":"https:\/\/historiografija.hr\/index.php?rest_route=%2Fwp%2Fv2%2Fcomments&post=31092"}],"version-history":[{"count":1,"href":"https:\/\/historiografija.hr\/index.php?rest_route=\/wp\/v2\/posts\/31092\/revisions"}],"predecessor-version":[{"id":31095,"href":"https:\/\/historiografija.hr\/index.php?rest_route=\/wp\/v2\/posts\/31092\/revisions\/31095"}],"wp:featuredmedia":[{"embeddable":true,"href":"https:\/\/historiografija.hr\/index.php?rest_route=\/wp\/v2\/media\/31094"}],"wp:attachment":[{"href":"https:\/\/historiografija.hr\/index.php?rest_route=%2Fwp%2Fv2%2Fmedia&parent=31092"}],"wp:term":[{"taxonomy":"category","embeddable":true,"href":"https:\/\/historiografija.hr\/index.php?rest_route=%2Fwp%2Fv2%2Fcategories&post=31092"},{"taxonomy":"post_tag","embeddable":true,"href":"https:\/\/historiografija.hr\/index.php?rest_route=%2Fwp%2Fv2%2Ftags&post=31092"}],"curies":[{"name":"wp","href":"https:\/\/api.w.org\/{rel}","templated":true}]}}