{"id":31073,"date":"2022-04-28T21:40:28","date_gmt":"2022-04-28T21:40:28","guid":{"rendered":"http:\/\/historiografija.hr\/?p=31073"},"modified":"2022-04-28T21:42:56","modified_gmt":"2022-04-28T21:42:56","slug":"rasadnik-fyi-o-razgovoru-povijest-u-javnom-prostoru","status":"publish","type":"post","link":"https:\/\/historiografija.hr\/?p=31073","title":{"rendered":"Rasadnik.fyi: O razgovoru \u201cPovijest u javnom prostoru\u201d"},"content":{"rendered":"\n<p>David \u010carapina za Rasadnik.fyi pi\u0161e o razgovoru o javnoj povijesti koji je u organizaciji Gradske knji\u017enice Rijeka vodio Kristian Beni\u0107 s Branimirom Jankovi\u0107em i Markom Medvedom, a dostupan je i videozapis razgovora.<\/p>\n\n\n\n<hr class=\"wp-block-separator\"\/>\n\n\n\n<p><strong>Imperativ vremena: Branimir Jankovi\u0107 i Marko Medved o izazovima javne povijesti, poticajnom nezadovoljstvu te izgubljenom nedjeljnom apetitu<\/strong><\/p>\n\n\n\n<p>David \u010carapina<\/p>\n\n\n\n<p>26. travnja 2022.<\/p>\n\n\n\n<p>\u0160to se dogodi kada povijest zakora\u010di van bjelokosne kule? O policijskim kordonima, internetskim glasinama te drugim izazovima javne povijesti porazgovarali smo s Branimirom Jankovi\u0107em i Markom Medvedom.<\/p>\n\n\n\n<hr class=\"wp-block-separator\"\/>\n\n\n\n<p><strong><em>Cijeli \u010dlanak dostupan je na sljede\u0107im poveznicama:<\/em><\/strong><\/p>\n\n\n\n<figure class=\"wp-block-embed-wordpress wp-block-embed is-type-wp-embed is-provider-rasadnik\"><div class=\"wp-block-embed__wrapper\">\n<blockquote class=\"wp-embedded-content\" data-secret=\"ZmwhlMxKUT\"><a href=\"https:\/\/rasadnik.fyi\/price\/imperativ-vremena-branimir-jankovic-i-marko-medved-o-izazovima-javne-povijesti-poticajnom-nezadovoljstvu-te-izgubljenom-nedjeljnom-apetitu\/\">Imperativ vremena: Branimir Jankovi\u0107 i Marko Medved o izazovima javne povijesti, poticajnom nezadovoljstvu te izgubljenom nedjeljnom apetitu<\/a><\/blockquote><iframe loading=\"lazy\" class=\"wp-embedded-content\" sandbox=\"allow-scripts\" security=\"restricted\" style=\"position: absolute; clip: rect(1px, 1px, 1px, 1px);\" title=\"&#8220;Imperativ vremena: Branimir Jankovi\u0107 i Marko Medved o izazovima javne povijesti, poticajnom nezadovoljstvu te izgubljenom nedjeljnom apetitu&#8221; &#8212; Rasadnik\" src=\"https:\/\/rasadnik.fyi\/price\/imperativ-vremena-branimir-jankovic-i-marko-medved-o-izazovima-javne-povijesti-poticajnom-nezadovoljstvu-te-izgubljenom-nedjeljnom-apetitu\/embed\/#?secret=CBh3cG0Jed#?secret=ZmwhlMxKUT\" data-secret=\"ZmwhlMxKUT\" width=\"600\" height=\"338\" frameborder=\"0\" marginwidth=\"0\" marginheight=\"0\" scrolling=\"no\"><\/iframe>\n<\/div><\/figure>\n\n\n\n<p><a href=\"https:\/\/gkr.hr\/Magazin\/Teme\/Iz-Rasadnika.fyi-Imperativ-vremena-Branimir-Jankovic-i-Marko-Medved-o-izazovima-javne-povijesti-poticajnom-nezadovoljstvu-te-izgubljenom-nedjeljnom-apetitu\">https:\/\/gkr.hr\/Magazin\/Teme\/Iz-Rasadnika.fyi-Imperativ-vremena-Branimir-Jankovic-i-Marko-Medved-o-izazovima-javne-povijesti-poticajnom-nezadovoljstvu-te-izgubljenom-nedjeljnom-apetitu<\/a><\/p>\n\n\n\n<hr class=\"wp-block-separator\"\/>\n\n\n\n<p><strong>Prethodna obavijest:<\/strong><\/p>\n\n\n\n<figure class=\"wp-block-embed-wordpress wp-block-embed is-type-wp-embed is-provider-historiografija-hr\"><div class=\"wp-block-embed__wrapper\">\n<blockquote class=\"wp-embedded-content\" data-secret=\"mZ7XRJLsLr\"><a href=\"https:\/\/historiografija.hr\/?p=30956\">Razgovor o temi koja nas ti\u0161ti: povijest u javnom prostoru<\/a><\/blockquote><iframe loading=\"lazy\" class=\"wp-embedded-content\" sandbox=\"allow-scripts\" security=\"restricted\" style=\"position: absolute; clip: rect(1px, 1px, 1px, 1px);\" title=\"&#8220;Razgovor o temi koja nas ti\u0161ti: povijest u javnom prostoru&#8221; &#8212; Historiografija.hr\" src=\"https:\/\/historiografija.hr\/?p=30956&#038;embed=true#?secret=mZ7XRJLsLr\" data-secret=\"mZ7XRJLsLr\" width=\"600\" height=\"338\" frameborder=\"0\" marginwidth=\"0\" marginheight=\"0\" scrolling=\"no\"><\/iframe>\n<\/div><\/figure>\n\n\n\n<hr class=\"wp-block-separator\"\/>\n\n\n\n<p><\/p>\n","protected":false},"excerpt":{"rendered":"","protected":false},"author":2,"featured_media":31074,"comment_status":"open","ping_status":"open","sticky":false,"template":"","format":"standard","meta":{"_acf_changed":false,"_jetpack_newsletter_access":"","_jetpack_dont_email_post_to_subs":false,"_jetpack_newsletter_tier_id":0,"_jetpack_memberships_contains_paywalled_content":false,"_jetpack_memberships_contains_paid_content":false,"footnotes":"","jetpack_publicize_message":"","jetpack_publicize_feature_enabled":true,"jetpack_social_post_already_shared":true,"jetpack_social_options":{"image_generator_settings":{"template":"highway","default_image_id":0,"font":"","enabled":false},"version":2},"jetpack_post_was_ever_published":false},"categories":[3],"tags":[],"class_list":["post-31073","post","type-post","status-publish","format-standard","has-post-thumbnail","hentry","category-novosti"],"acf":{"facebook_opis":""},"jetpack_publicize_connections":[],"jetpack_featured_media_url":"https:\/\/i0.wp.com\/historiografija.hr\/wp-content\/uploads\/2022\/04\/plane.jpg?fit=1280%2C853&ssl=1","jetpack_sharing_enabled":true,"jetpack-related-posts":[{"id":5696,"url":"https:\/\/historiografija.hr\/?p=5696","url_meta":{"origin":31073,"position":0},"title":"Branimir Jankovi\u0107 \u2013 kolumna \u201cJavna povijest\u201d \u2013 Jesu li povjesni\u010dari u Hrvatskoj celebrity?","author":"Branimir Jankovi\u0107","date":"24. kolovoza 2017.","format":false,"excerpt":"Pitanje iz naslova vrijedi postaviti za bolje razumijevanje lokalnih specifi\u010dnosti kada ih su\u010delimo s odre\u0111enim globalnim procesima. Naime, etablirani specijalist javne povijesti Jerome de Groot u knjizi Consuming History: Historians and Heritage in Contemporary Popular Culture (2008; usp. osvrt S. Treskanice, Historijski zbornik, 2, 2013) \u2013 u kojoj identificira mnogobrojne\u2026","rel":"","context":"U &quot;Prikazi i osvrti&quot;","block_context":{"text":"Prikazi i osvrti","link":"https:\/\/historiografija.hr\/?cat=4"},"img":{"alt_text":"","src":"","width":0,"height":0},"classes":[]},{"id":52502,"url":"https:\/\/historiografija.hr\/?p=52502","url_meta":{"origin":31073,"position":1},"title":"Novi znanstveni projekt Hrvatskog instituta za povijest: \u201c\u017drtve ratova i dr\u017eavnog\/politi\u010dkog nasilja u hrvatskoj povijesti 20. stolje\u0107a\u201d","author":"Branimir Jankovi\u0107","date":"17. travnja 2026.","format":false,"excerpt":"Na redovitoj sjednici Vlade RH, 16. travnja 2026., donijet je Zaklju\u010dak kojim se pokre\u0107e znanstveni projekt \u201c\u017drtve ratova i dr\u017eavnog\/politi\u010dkog nasilja u hrvatskoj povijesti 20. stolje\u0107a\u201d. Projekt \u0107e provoditi i koordinirati Hrvatski institut za povijest u razdoblju trajanja projekta od pet godina. Zakljucak Vlade RH Iz teksta projektnog prijedloga: Problematika\u2026","rel":"","context":"U &quot;Novosti&quot;","block_context":{"text":"Novosti","link":"https:\/\/historiografija.hr\/?cat=3"},"img":{"alt_text":"","src":"https:\/\/i0.wp.com\/historiografija.hr\/wp-content\/uploads\/2026\/04\/Vlada-RH.jpg?fit=1200%2C557&ssl=1&resize=350%2C200","width":350,"height":200,"srcset":"https:\/\/i0.wp.com\/historiografija.hr\/wp-content\/uploads\/2026\/04\/Vlada-RH.jpg?fit=1200%2C557&ssl=1&resize=350%2C200 1x, https:\/\/i0.wp.com\/historiografija.hr\/wp-content\/uploads\/2026\/04\/Vlada-RH.jpg?fit=1200%2C557&ssl=1&resize=525%2C300 1.5x, https:\/\/i0.wp.com\/historiografija.hr\/wp-content\/uploads\/2026\/04\/Vlada-RH.jpg?fit=1200%2C557&ssl=1&resize=700%2C400 2x, https:\/\/i0.wp.com\/historiografija.hr\/wp-content\/uploads\/2026\/04\/Vlada-RH.jpg?fit=1200%2C557&ssl=1&resize=1050%2C600 3x"},"classes":[]},{"id":53815,"url":"https:\/\/historiografija.hr\/?p=53815","url_meta":{"origin":31073,"position":2},"title":"Odr\u017eana II. sociohistorijska radionica na temu \u201e\u010cemu teorija?\u201c u Osijeku","author":"Branimir Jankovi\u0107","date":"28. svibnja 2026.","format":false,"excerpt":"U organizaciji Filozofskog fakulteta Sveu\u010dili\u0161ta Josipa Jurja Strossmayera u Osijeku i Doktorskog studija Moderne i suvremene hrvatske povijesti u europskom i svjetskom kontekstu Filozofskog fakulteta Sveu\u010dili\u0161ta u Zagrebu 23. svibnja 2026. godine odr\u017eana je druga Sociohistorijska radionica pod naslovom \u201e\u010cemu teorija?\u201c. Ovogodi\u0161nja radionica otvorila je pitanje u kojoj je mjeri\u2026","rel":"","context":"U &quot;Novosti&quot;","block_context":{"text":"Novosti","link":"https:\/\/historiografija.hr\/?cat=3"},"img":{"alt_text":"","src":"https:\/\/i0.wp.com\/historiografija.hr\/wp-content\/uploads\/2026\/05\/Radionica-FFOS.jpg?fit=1024%2C683&ssl=1&resize=350%2C200","width":350,"height":200,"srcset":"https:\/\/i0.wp.com\/historiografija.hr\/wp-content\/uploads\/2026\/05\/Radionica-FFOS.jpg?fit=1024%2C683&ssl=1&resize=350%2C200 1x, https:\/\/i0.wp.com\/historiografija.hr\/wp-content\/uploads\/2026\/05\/Radionica-FFOS.jpg?fit=1024%2C683&ssl=1&resize=525%2C300 1.5x, https:\/\/i0.wp.com\/historiografija.hr\/wp-content\/uploads\/2026\/05\/Radionica-FFOS.jpg?fit=1024%2C683&ssl=1&resize=700%2C400 2x"},"classes":[]},{"id":54434,"url":"https:\/\/historiografija.hr\/?p=54434","url_meta":{"origin":31073,"position":3},"title":"Razgovor povodom obilje\u017eavanja 35 godina Antiratne kampanje","author":"Branimir Jankovi\u0107","date":"3. srpnja 2026.","format":false,"excerpt":"Povodom obilje\u017eavanja 35 godina Antiratne kampanje pozivamo vas na javni razgovor pod nazivom: Koliko nam iskustva Antiratne kampanje mogu pomo\u0107i u dana\u0161njim mirovnim naporima? Razgovor \u0107e biti prilika za prisje\u0107anje na djelovanje Antiratne kampanje, ali i za promi\u0161ljanje o tome kako iskustva mirovnog aktivizma, solidarnosti i gra\u0111anskog anga\u017emana iz devedesetih\u2026","rel":"","context":"U &quot;Novosti&quot;","block_context":{"text":"Novosti","link":"https:\/\/historiografija.hr\/?cat=3"},"img":{"alt_text":"","src":"https:\/\/i0.wp.com\/historiografija.hr\/wp-content\/uploads\/2026\/07\/ARK-35.webp?fit=1170%2C662&ssl=1&resize=350%2C200","width":350,"height":200,"srcset":"https:\/\/i0.wp.com\/historiografija.hr\/wp-content\/uploads\/2026\/07\/ARK-35.webp?fit=1170%2C662&ssl=1&resize=350%2C200 1x, https:\/\/i0.wp.com\/historiografija.hr\/wp-content\/uploads\/2026\/07\/ARK-35.webp?fit=1170%2C662&ssl=1&resize=525%2C300 1.5x, https:\/\/i0.wp.com\/historiografija.hr\/wp-content\/uploads\/2026\/07\/ARK-35.webp?fit=1170%2C662&ssl=1&resize=700%2C400 2x, https:\/\/i0.wp.com\/historiografija.hr\/wp-content\/uploads\/2026\/07\/ARK-35.webp?fit=1170%2C662&ssl=1&resize=1050%2C600 3x"},"classes":[]},{"id":53742,"url":"https:\/\/historiografija.hr\/?p=53742","url_meta":{"origin":31073,"position":4},"title":"Javna predavanja &#8220;Kulturalna povijest kolektivnog stanovanja i komercijalni urbanizam&#8221;","author":"Branimir Jankovi\u0107","date":"26. svibnja 2026.","format":false,"excerpt":"U okviru ERC projekta Housing.Yu, Lea Horvat i Ivana Mihaela \u017dimbrek odr\u017eat \u0107e javna predavanja o kulturalnoj povijesti kolektivnog stanovanja i komercijalnom urbanizmu u petak, 29. svibnja 2026., u 13:00 sati na Arhitektonskom fakultetu u Zagrebu (Ka\u010di\u0107eva 26, 2. kat, soba 221). Lea HorvatKako nam kulturalna povijest poma\u017ee razumjeti kolektivno\u2026","rel":"","context":"U &quot;Novosti&quot;","block_context":{"text":"Novosti","link":"https:\/\/historiografija.hr\/?cat=3"},"img":{"alt_text":"","src":"https:\/\/i0.wp.com\/historiografija.hr\/wp-content\/uploads\/2026\/05\/erc-hyu-predavnje-ivana-zimbrek-1779202528.jpg?fit=900%2C563&ssl=1&resize=350%2C200","width":350,"height":200,"srcset":"https:\/\/i0.wp.com\/historiografija.hr\/wp-content\/uploads\/2026\/05\/erc-hyu-predavnje-ivana-zimbrek-1779202528.jpg?fit=900%2C563&ssl=1&resize=350%2C200 1x, https:\/\/i0.wp.com\/historiografija.hr\/wp-content\/uploads\/2026\/05\/erc-hyu-predavnje-ivana-zimbrek-1779202528.jpg?fit=900%2C563&ssl=1&resize=525%2C300 1.5x, https:\/\/i0.wp.com\/historiografija.hr\/wp-content\/uploads\/2026\/05\/erc-hyu-predavnje-ivana-zimbrek-1779202528.jpg?fit=900%2C563&ssl=1&resize=700%2C400 2x"},"classes":[]},{"id":54656,"url":"https:\/\/historiografija.hr\/?p=54656","url_meta":{"origin":31073,"position":5},"title":"Objavljen novi broj \u010dasopisa &#8220;Pro tempore&#8221;","author":"Filip \u0160imunjak","date":"20. srpnja 2026.","format":false,"excerpt":"Na Portalu hrvatskih znanstvenih i stru\u010dnih \u010dasopisa \u2013 Hr\u010dak objavljen je obljetni\u010dki 20. broj \u010dasopisa studenata povijesti Pro tempore za 2025. godinu (dostupno na poveznici: https:\/\/hrcak.srce.hr\/broj\/27045). Novi broj obra\u0111uje teme mitova i narativa te obuhva\u0107a sva povijesna razdoblja \u2013 od stare do suvremene povijesti. Povodom 20 godina rada na \u010casopisu,\u2026","rel":"","context":"U &quot;\u010casopisi&quot;","block_context":{"text":"\u010casopisi","link":"https:\/\/historiografija.hr\/?cat=21"},"img":{"alt_text":"","src":"https:\/\/i0.wp.com\/historiografija.hr\/wp-content\/uploads\/2026\/07\/Pro-tempore-20-scaled.webp?fit=850%2C1200&ssl=1&resize=350%2C200","width":350,"height":200,"srcset":"https:\/\/i0.wp.com\/historiografija.hr\/wp-content\/uploads\/2026\/07\/Pro-tempore-20-scaled.webp?fit=850%2C1200&ssl=1&resize=350%2C200 1x, https:\/\/i0.wp.com\/historiografija.hr\/wp-content\/uploads\/2026\/07\/Pro-tempore-20-scaled.webp?fit=850%2C1200&ssl=1&resize=525%2C300 1.5x, https:\/\/i0.wp.com\/historiografija.hr\/wp-content\/uploads\/2026\/07\/Pro-tempore-20-scaled.webp?fit=850%2C1200&ssl=1&resize=700%2C400 2x"},"classes":[]}],"_links":{"self":[{"href":"https:\/\/historiografija.hr\/index.php?rest_route=\/wp\/v2\/posts\/31073","targetHints":{"allow":["GET"]}}],"collection":[{"href":"https:\/\/historiografija.hr\/index.php?rest_route=\/wp\/v2\/posts"}],"about":[{"href":"https:\/\/historiografija.hr\/index.php?rest_route=\/wp\/v2\/types\/post"}],"author":[{"embeddable":true,"href":"https:\/\/historiografija.hr\/index.php?rest_route=\/wp\/v2\/users\/2"}],"replies":[{"embeddable":true,"href":"https:\/\/historiografija.hr\/index.php?rest_route=%2Fwp%2Fv2%2Fcomments&post=31073"}],"version-history":[{"count":3,"href":"https:\/\/historiografija.hr\/index.php?rest_route=\/wp\/v2\/posts\/31073\/revisions"}],"predecessor-version":[{"id":31077,"href":"https:\/\/historiografija.hr\/index.php?rest_route=\/wp\/v2\/posts\/31073\/revisions\/31077"}],"wp:featuredmedia":[{"embeddable":true,"href":"https:\/\/historiografija.hr\/index.php?rest_route=\/wp\/v2\/media\/31074"}],"wp:attachment":[{"href":"https:\/\/historiografija.hr\/index.php?rest_route=%2Fwp%2Fv2%2Fmedia&parent=31073"}],"wp:term":[{"taxonomy":"category","embeddable":true,"href":"https:\/\/historiografija.hr\/index.php?rest_route=%2Fwp%2Fv2%2Fcategories&post=31073"},{"taxonomy":"post_tag","embeddable":true,"href":"https:\/\/historiografija.hr\/index.php?rest_route=%2Fwp%2Fv2%2Ftags&post=31073"}],"curies":[{"name":"wp","href":"https:\/\/api.w.org\/{rel}","templated":true}]}}