{"id":31044,"date":"2022-04-26T22:22:38","date_gmt":"2022-04-26T22:22:38","guid":{"rendered":"http:\/\/historiografija.hr\/?p=31044"},"modified":"2022-04-26T22:22:38","modified_gmt":"2022-04-26T22:22:38","slug":"otvorenje-izlozbe-veze-legami-istrani-nakon-2-svjetskog-rata-u-pazinu","status":"publish","type":"post","link":"https:\/\/historiografija.hr\/?p=31044","title":{"rendered":"Otvorenje izlo\u017ebe \u201cVeze \u2013 Legami \u2013 Istrani nakon 2. svjetskog rata\u201d u Pazinu"},"content":{"rendered":"\n<p>U petak, 29. travnja 2022., s po\u010detkom u 18 sati u Etnografskom muzeju Istre \u2013 Museo etnografico dell\u2019Istria odr\u017eat \u0107e se otvorenje izlo\u017ebe \u201cVeze \u2013 Legami \u2013 Istrani nakon 2. svjetskog rata\u201d. Organizator izlo\u017ebe u okviru projekta \u201cIdentity on the line \u2013 Ugro\u017eeni identitet\u201d je Etnografski muzej Istre \u2013 Museo etnografico dell\u2019Istria.<\/p>\n\n\n\n<p><a href=\"https:\/\/ipd-ssi.hr\/wp-content\/uploads\/2022\/04\/Pozivnica-Invito-3.pdf\">Pozivnica \u2013 Invito<\/a><\/p>\n\n\n\n<hr class=\"wp-block-separator\"\/>\n\n\n\n<p>Izvor:<\/p>\n\n\n\n<figure class=\"wp-block-embed-wordpress wp-block-embed is-type-wp-embed is-provider-istarsko-povijesno-drustvo-societa-storica-istriana\"><div class=\"wp-block-embed__wrapper\">\n<blockquote class=\"wp-embedded-content\" data-secret=\"BSSdvby1Gn\"><a href=\"https:\/\/ipd-ssi.hr\/2022\/04\/25\/otvorenje-izlozbe-veze-legami-istrani-nakon-2-svjetskog-rata-u-pazinu\/\">Otvorenje izlo\u017ebe &#8220;Veze &#8211; Legami &#8211; Istrani nakon 2. svjetskog rata&#8221; u Pazinu<\/a><\/blockquote><iframe loading=\"lazy\" class=\"wp-embedded-content\" sandbox=\"allow-scripts\" security=\"restricted\" style=\"position: absolute; clip: rect(1px, 1px, 1px, 1px);\" title=\"&#8220;Otvorenje izlo\u017ebe &#8220;Veze &#8211; Legami &#8211; Istrani nakon 2. svjetskog rata&#8221; u Pazinu&#8221; &#8212; Istarsko povijesno dru\u0161tvo - Societ\u00e0 Storica Istriana\" src=\"https:\/\/ipd-ssi.hr\/2022\/04\/25\/otvorenje-izlozbe-veze-legami-istrani-nakon-2-svjetskog-rata-u-pazinu\/embed\/#?secret=SuF8j08beK#?secret=BSSdvby1Gn\" data-secret=\"BSSdvby1Gn\" width=\"600\" height=\"338\" frameborder=\"0\" marginwidth=\"0\" marginheight=\"0\" scrolling=\"no\"><\/iframe>\n<\/div><\/figure>\n\n\n\n<hr class=\"wp-block-separator\"\/>\n\n\n\n<p><\/p>\n","protected":false},"excerpt":{"rendered":"","protected":false},"author":2,"featured_media":31045,"comment_status":"open","ping_status":"open","sticky":false,"template":"","format":"standard","meta":{"_acf_changed":false,"jetpack_post_was_ever_published":false,"_jetpack_newsletter_access":"","_jetpack_dont_email_post_to_subs":false,"_jetpack_newsletter_tier_id":0,"_jetpack_memberships_contains_paywalled_content":false,"_jetpack_memberships_contains_paid_content":false,"footnotes":"","jetpack_publicize_message":"","jetpack_publicize_feature_enabled":true,"jetpack_social_post_already_shared":true,"jetpack_social_options":{"image_generator_settings":{"template":"highway","default_image_id":0,"font":"","enabled":false},"version":2}},"categories":[10,3],"tags":[],"class_list":["post-31044","post","type-post","status-publish","format-standard","has-post-thumbnail","hentry","category-izlozbe","category-novosti"],"acf":{"facebook_opis":""},"jetpack_publicize_connections":[],"jetpack_featured_media_url":"https:\/\/i0.wp.com\/historiografija.hr\/wp-content\/uploads\/2022\/04\/Veze.jpg?fit=903%2C791&ssl=1","jetpack_sharing_enabled":true,"jetpack-related-posts":[],"_links":{"self":[{"href":"https:\/\/historiografija.hr\/index.php?rest_route=\/wp\/v2\/posts\/31044","targetHints":{"allow":["GET"]}}],"collection":[{"href":"https:\/\/historiografija.hr\/index.php?rest_route=\/wp\/v2\/posts"}],"about":[{"href":"https:\/\/historiografija.hr\/index.php?rest_route=\/wp\/v2\/types\/post"}],"author":[{"embeddable":true,"href":"https:\/\/historiografija.hr\/index.php?rest_route=\/wp\/v2\/users\/2"}],"replies":[{"embeddable":true,"href":"https:\/\/historiografija.hr\/index.php?rest_route=%2Fwp%2Fv2%2Fcomments&post=31044"}],"version-history":[{"count":1,"href":"https:\/\/historiografija.hr\/index.php?rest_route=\/wp\/v2\/posts\/31044\/revisions"}],"predecessor-version":[{"id":31046,"href":"https:\/\/historiografija.hr\/index.php?rest_route=\/wp\/v2\/posts\/31044\/revisions\/31046"}],"wp:featuredmedia":[{"embeddable":true,"href":"https:\/\/historiografija.hr\/index.php?rest_route=\/wp\/v2\/media\/31045"}],"wp:attachment":[{"href":"https:\/\/historiografija.hr\/index.php?rest_route=%2Fwp%2Fv2%2Fmedia&parent=31044"}],"wp:term":[{"taxonomy":"category","embeddable":true,"href":"https:\/\/historiografija.hr\/index.php?rest_route=%2Fwp%2Fv2%2Fcategories&post=31044"},{"taxonomy":"post_tag","embeddable":true,"href":"https:\/\/historiografija.hr\/index.php?rest_route=%2Fwp%2Fv2%2Ftags&post=31044"}],"curies":[{"name":"wp","href":"https:\/\/api.w.org\/{rel}","templated":true}]}}