{"id":31030,"date":"2022-04-25T13:15:01","date_gmt":"2022-04-25T13:15:01","guid":{"rendered":"http:\/\/historiografija.hr\/?p=31030"},"modified":"2022-04-25T13:15:01","modified_gmt":"2022-04-25T13:15:01","slug":"cfa-when-history-meets-theory","status":"publish","type":"post","link":"https:\/\/historiografija.hr\/?p=31030","title":{"rendered":"CfA: When History meets Theory&#8230;"},"content":{"rendered":"\n<p>The 1st Lake Starnberg Summer Academy invites applications from advanced Master students (in the process of writing their master thesis), PhD students and Postdocs to discuss how historians make use of theory in their emerging work.<\/p>\n\n\n\n<p><strong>When History meets Theory&#8230;<\/strong><\/p>\n\n\n\n<p>Much has been said about the cultural turns and how they have changed how we think and write about the past. Yet, empirical historical monographs all too often lack a concise theoretical framework that organizes an analytical perspective on their research topics and themes, guides their work with the sources, structures their historical reflexions, and informs their writing process. Thus, there frequently is a disconnect between the theoretical claims of a historical monograph and how it actually pursues its research.<\/p>\n\n\n\n<p>The 1st Lake Starnberg Summer Academy takes this discrepancy as analytical point of departure to discuss how historians make use of theory in their emerging work.<\/p>\n\n\n\n<p>The 1st Lake Starnberg Summer Academy invites applications from advanced Master students (in the process of writing their master thesis), PhD students and Postdocs whose writing is informed and guided by (e.g.) Stephen Greenblatt\u2019s New Historicism, Mary Louise Pratt\u2019s Contact Zone, Homi Bhabha\u2019s Third Space, Hayden White\u2019s critique of historical master narratives, Michel Foucault\u2019s Discourse Analysis, or the pictorial, spatial, reflexive, postcolonial or performative turns. Which theories do you use for your work, how do you use them, and how do you translate them into a methodology guiding your research and writing? How have you framed your research topic against the background of critical theory, cultural and social studies concepts, theories and methods, how do they inform your choice of sources, source criticism, your empirical analysis, your narrative, your results \u2013 and may be also new concepts and theories coming out of your historical research?<\/p>\n\n\n\n<p>The Summer Academy provides the selected candidates with an opportunity to present and discuss how they link theory and empirical research, to engage in discussions with internationally renowned tutors and fellow participants. The Lake Starnberg Summer Academy will also feature keynote speakers who will address this year\u2019s theme.<\/p>\n\n\n\n<p>Selection committee:<\/p>\n\n\n\n<p>Prof. Dr. Volker Depkat (American Studies, Regensburg)<br>Prof. Dr. Susanne Lachenicht (Early Modern History, Universit\u00e4t Bayreuth)<br>Prof. Dr. Achim Landwehr (Early Modern History, D\u00fcsseldorf)<br>Prof. Dr. Gesa Mackenthun (American Studies, Rostock)<\/p>\n\n\n\n<p>Please send a CV and a short abstract of your research topic by 30 May 2022 to susanne.lachenicht@uni-bayreuth.de.<\/p>\n\n\n\n<hr class=\"wp-block-separator\"\/>\n\n\n\n<p>When History meets Theory&#8230;. In: H-Soz-Kult, 20.04.2022, <a href=\"http:\/\/www.hsozkult.de\/event\/id\/event-117359\">&lt;www.hsozkult.de\/event\/id\/event-117359><\/a>.<\/p>\n\n\n\n<hr class=\"wp-block-separator\"\/>\n","protected":false},"excerpt":{"rendered":"","protected":false},"author":2,"featured_media":6331,"comment_status":"open","ping_status":"open","sticky":false,"template":"","format":"standard","meta":{"_acf_changed":false,"_jetpack_newsletter_access":"","_jetpack_dont_email_post_to_subs":false,"_jetpack_newsletter_tier_id":0,"_jetpack_memberships_contains_paywalled_content":false,"_jetpack_memberships_contains_paid_content":false,"footnotes":"","jetpack_publicize_message":"","jetpack_publicize_feature_enabled":true,"jetpack_social_post_already_shared":true,"jetpack_social_options":{"image_generator_settings":{"template":"highway","default_image_id":0,"font":"","enabled":false},"version":2},"jetpack_post_was_ever_published":false},"categories":[3,9],"tags":[],"class_list":["post-31030","post","type-post","status-publish","format-standard","has-post-thumbnail","hentry","category-novosti","category-skupovi"],"acf":{"facebook_opis":""},"jetpack_publicize_connections":[],"jetpack_featured_media_url":"https:\/\/i0.wp.com\/historiografija.hr\/wp-content\/uploads\/2017\/10\/hsozkult.png?fit=1006%2C241&ssl=1","jetpack_sharing_enabled":true,"jetpack-related-posts":[{"id":52664,"url":"https:\/\/historiografija.hr\/?p=52664","url_meta":{"origin":31030,"position":0},"title":"CfP: CONFERENCE OF THE HISTORY OF CONCEPTS GROUP, HELSINKI, 19TH\u201321ST AUGUST 2026 (DEADLINE: 30TH APRIL 2026)","author":"Branimir Jankovi\u0107","date":"24. travnja 2026.","format":false,"excerpt":"The annual conference of the History of Concepts Group is held at the University of Helsinki, 19-21 August 2026. Conference of the History of Concepts Group Conceptual history studies the use of concepts and tries to understand how historical actors have linguistically articulated views of the world. Studying concepts from\u2026","rel":"","context":"U &quot;Novosti&quot;","block_context":{"text":"Novosti","link":"https:\/\/historiografija.hr\/?cat=3"},"img":{"alt_text":"","src":"https:\/\/i0.wp.com\/historiografija.hr\/wp-content\/uploads\/2017\/10\/hsozkult.png?fit=1006%2C241&ssl=1&resize=350%2C200","width":350,"height":200,"srcset":"https:\/\/i0.wp.com\/historiografija.hr\/wp-content\/uploads\/2017\/10\/hsozkult.png?fit=1006%2C241&ssl=1&resize=350%2C200 1x, https:\/\/i0.wp.com\/historiografija.hr\/wp-content\/uploads\/2017\/10\/hsozkult.png?fit=1006%2C241&ssl=1&resize=525%2C300 1.5x, https:\/\/i0.wp.com\/historiografija.hr\/wp-content\/uploads\/2017\/10\/hsozkult.png?fit=1006%2C241&ssl=1&resize=700%2C400 2x"},"classes":[]},{"id":55059,"url":"https:\/\/historiografija.hr\/?p=55059","url_meta":{"origin":31030,"position":1},"title":"Antoon De Baets, &#8220;Censorship of History&#8221;","author":"Branimir Jankovi\u0107","date":"24. kolovoza 2026.","format":false,"excerpt":"Censorship is the dark side of historical writing. Because much censorship is shrouded in secrecy, the subject tends to stay outside mainstream histories of historical writing. Consequently, many such histories offer unduly optimistic accounts of historical writing. They assume that historians produced their works in a political vacuum. This view\u2026","rel":"","context":"U &quot;Knjige&quot;","block_context":{"text":"Knjige","link":"https:\/\/historiografija.hr\/?cat=8"},"img":{"alt_text":"","src":"https:\/\/i0.wp.com\/historiografija.hr\/wp-content\/uploads\/2026\/08\/censorship-of-history.jpg?fit=1200%2C1043&ssl=1&resize=350%2C200","width":350,"height":200,"srcset":"https:\/\/i0.wp.com\/historiografija.hr\/wp-content\/uploads\/2026\/08\/censorship-of-history.jpg?fit=1200%2C1043&ssl=1&resize=350%2C200 1x, https:\/\/i0.wp.com\/historiografija.hr\/wp-content\/uploads\/2026\/08\/censorship-of-history.jpg?fit=1200%2C1043&ssl=1&resize=525%2C300 1.5x, https:\/\/i0.wp.com\/historiografija.hr\/wp-content\/uploads\/2026\/08\/censorship-of-history.jpg?fit=1200%2C1043&ssl=1&resize=700%2C400 2x, https:\/\/i0.wp.com\/historiografija.hr\/wp-content\/uploads\/2026\/08\/censorship-of-history.jpg?fit=1200%2C1043&ssl=1&resize=1050%2C600 3x"},"classes":[]},{"id":52641,"url":"https:\/\/historiografija.hr\/?p=52641","url_meta":{"origin":31030,"position":2},"title":"CfP: WHO OWNS THE PAST? VERNACULAR MEMORY, STATE MEMORY, AND THE POLITICS OF OWNERSHIP","author":"Branimir Jankovi\u0107","date":"24. travnja 2026.","format":false,"excerpt":"VIENNA, 31ST AUGUST\u20133RD SEPTEMBER 2026 (DEADLINE: 24TH APRIL 2026) The Center for Austrian Studies at the European Forum at the Hebrew University and the Austrian Academy of Sciences\/Institute of Culture Studies invite early postdocs, PhD candidates, and advanced Master\u2019s students from the Hebrew University of Jerusalem and universities and academic\u2026","rel":"","context":"U &quot;Novosti&quot;","block_context":{"text":"Novosti","link":"https:\/\/historiografija.hr\/?cat=3"},"img":{"alt_text":"","src":"https:\/\/i0.wp.com\/historiografija.hr\/wp-content\/uploads\/2017\/10\/hsozkult.png?fit=1006%2C241&ssl=1&resize=350%2C200","width":350,"height":200,"srcset":"https:\/\/i0.wp.com\/historiografija.hr\/wp-content\/uploads\/2017\/10\/hsozkult.png?fit=1006%2C241&ssl=1&resize=350%2C200 1x, https:\/\/i0.wp.com\/historiografija.hr\/wp-content\/uploads\/2017\/10\/hsozkult.png?fit=1006%2C241&ssl=1&resize=525%2C300 1.5x, https:\/\/i0.wp.com\/historiografija.hr\/wp-content\/uploads\/2017\/10\/hsozkult.png?fit=1006%2C241&ssl=1&resize=700%2C400 2x"},"classes":[]},{"id":54819,"url":"https:\/\/historiografija.hr\/?p=54819","url_meta":{"origin":31030,"position":3},"title":"CfP: Charter 77 at 50: Transnational Human Rights, Social Imagination, and Civic Resistance in the (Post-)Global Age","author":"Branimir Jankovi\u0107","date":"27. srpnja 2026.","format":false,"excerpt":"The Institute of Contemporary History and the Institute of Philosophy of the Czech Academy of Sciences invite proposals for a two-day international conference bringing together historical scholarship and contemporary reflections on civic activism and democratic resistance. Charter 77 at 50: Transnational Human Rights, Social Imagination, and Civic Resistance in the\u2026","rel":"","context":"U &quot;Novosti&quot;","block_context":{"text":"Novosti","link":"https:\/\/historiografija.hr\/?cat=3"},"img":{"alt_text":"","src":"https:\/\/i0.wp.com\/historiografija.hr\/wp-content\/uploads\/2017\/10\/hsozkult.png?fit=1006%2C241&ssl=1&resize=350%2C200","width":350,"height":200,"srcset":"https:\/\/i0.wp.com\/historiografija.hr\/wp-content\/uploads\/2017\/10\/hsozkult.png?fit=1006%2C241&ssl=1&resize=350%2C200 1x, https:\/\/i0.wp.com\/historiografija.hr\/wp-content\/uploads\/2017\/10\/hsozkult.png?fit=1006%2C241&ssl=1&resize=525%2C300 1.5x, https:\/\/i0.wp.com\/historiografija.hr\/wp-content\/uploads\/2017\/10\/hsozkult.png?fit=1006%2C241&ssl=1&resize=700%2C400 2x"},"classes":[]},{"id":54757,"url":"https:\/\/historiografija.hr\/?p=54757","url_meta":{"origin":31030,"position":4},"title":"Exploring Monarchy in Medieval Europe, 1000\u20131500","author":"Branimir Jankovi\u0107","date":"23. srpnja 2026.","format":false,"excerpt":"By Elena Woodacre, Lucinda H.S. Dean, Simon Lambe, Patrik Pastrnak Through wide-ranging thematic chapters, this book offers students a comprehensive introduction to the theory and practice of monarchy across Europe in the Middle Ages. The volume is separated into four themes: Concepts of Rulership, Exercising Authority, Dynasty and Succession, and\u2026","rel":"","context":"U &quot;Knjige&quot;","block_context":{"text":"Knjige","link":"https:\/\/historiografija.hr\/?cat=8"},"img":{"alt_text":"","src":"https:\/\/i0.wp.com\/historiografija.hr\/wp-content\/uploads\/2026\/07\/Monarchy.jpg?fit=350%2C525&ssl=1&resize=350%2C200","width":350,"height":200},"classes":[]},{"id":52516,"url":"https:\/\/historiografija.hr\/?p=52516","url_meta":{"origin":31030,"position":5},"title":"Marko Grde\u0161i\u0107, Mislav \u017ditko, \u201eSocialist Economics in Yugoslavia: A Critical History\u201c","author":"Branimir Jankovi\u0107","date":"17. travnja 2026.","format":false,"excerpt":"This book presents a critical history of Yugoslav socialist economics, from its inception in the late 1940s to its dissolution in the late 1980s. After the dramatic break with the Soviet Union in 1948, Yugoslavia found itself in urgent need of a third way: A socialist trajectory which would not\u2026","rel":"","context":"U &quot;Knjige&quot;","block_context":{"text":"Knjige","link":"https:\/\/historiografija.hr\/?cat=8"},"img":{"alt_text":"","src":"https:\/\/i0.wp.com\/historiografija.hr\/wp-content\/uploads\/2026\/04\/Zitko_Grdesic.jpg?fit=350%2C535&ssl=1&resize=350%2C200","width":350,"height":200},"classes":[]}],"_links":{"self":[{"href":"https:\/\/historiografija.hr\/index.php?rest_route=\/wp\/v2\/posts\/31030","targetHints":{"allow":["GET"]}}],"collection":[{"href":"https:\/\/historiografija.hr\/index.php?rest_route=\/wp\/v2\/posts"}],"about":[{"href":"https:\/\/historiografija.hr\/index.php?rest_route=\/wp\/v2\/types\/post"}],"author":[{"embeddable":true,"href":"https:\/\/historiografija.hr\/index.php?rest_route=\/wp\/v2\/users\/2"}],"replies":[{"embeddable":true,"href":"https:\/\/historiografija.hr\/index.php?rest_route=%2Fwp%2Fv2%2Fcomments&post=31030"}],"version-history":[{"count":1,"href":"https:\/\/historiografija.hr\/index.php?rest_route=\/wp\/v2\/posts\/31030\/revisions"}],"predecessor-version":[{"id":31031,"href":"https:\/\/historiografija.hr\/index.php?rest_route=\/wp\/v2\/posts\/31030\/revisions\/31031"}],"wp:featuredmedia":[{"embeddable":true,"href":"https:\/\/historiografija.hr\/index.php?rest_route=\/wp\/v2\/media\/6331"}],"wp:attachment":[{"href":"https:\/\/historiografija.hr\/index.php?rest_route=%2Fwp%2Fv2%2Fmedia&parent=31030"}],"wp:term":[{"taxonomy":"category","embeddable":true,"href":"https:\/\/historiografija.hr\/index.php?rest_route=%2Fwp%2Fv2%2Fcategories&post=31030"},{"taxonomy":"post_tag","embeddable":true,"href":"https:\/\/historiografija.hr\/index.php?rest_route=%2Fwp%2Fv2%2Ftags&post=31030"}],"curies":[{"name":"wp","href":"https:\/\/api.w.org\/{rel}","templated":true}]}}