{"id":30987,"date":"2022-04-22T15:05:19","date_gmt":"2022-04-22T15:05:19","guid":{"rendered":"http:\/\/historiografija.hr\/?p=30987"},"modified":"2022-04-22T15:05:19","modified_gmt":"2022-04-22T15:05:19","slug":"cfp-industrious-nations-reconsidering-nationality-and-economy-in-the-soviet-union","status":"publish","type":"post","link":"https:\/\/historiografija.hr\/?p=30987","title":{"rendered":"CFP: Industrious Nations: Reconsidering Nationality and Economy in the Soviet Union"},"content":{"rendered":"\n<p><strong>Workshop in Princeton, New Jersey<br>October 28-29, 2022<\/strong><\/p>\n\n\n\n<p>Co-sponsored by Princeton University\u2019s Department of History and Columbia University\u2019s Harriman Institute<\/p>\n\n\n\n<p>Russia\u2019s attack on Ukraine illustrates the continued importance of understanding the historical formation of national narratives in post-Soviet spaces. Marking the centennial of the Soviet Union\u2019s founding in 1922, this two-day workshop will explore the relationship between national identity and the economy in the Soviet Union. Although the pursuit of economic equality among all national groups was an explicit goal of Soviet economic policy, the interplay of nationality and economic issues has received little scholarly attention. Historians writing on nationality in the Soviet Union have long focused on the politics of language and culture. At the same time, scholars researching the Soviet economy have often tacitly assumed a uniform, technocratic, de-nationalized society, revealing an imagined binary of Soviet vs. national. In a similar vein, studies of the Soviet working class have long centered on ethnic Russians, paying little attention to other national groups.<\/p>\n\n\n\n<p>This workshop attempts to bridge this analytical gap by bringing together a group of scholars whose work engages with both fields. We welcome contributions that are based on original research and address issues such as the following questions:<\/p>\n\n\n\n<ul class=\"wp-block-list\"><li>How were local particularities translated into economic agendas and planning in the Soviet Union?<\/li><li>How did the federal structure of the Soviet Union shape the functioning and performance of the command economy?<\/li><li>What role did national considerations play in economic arguments?<\/li><li>How did industrialization, urbanization, and economic transformation more broadly Sovietize \u2013 or fail to Sovietize \u2013 non-Russian populations?&nbsp;<\/li><li>In what ways did local economic production inform national narratives and identities?<\/li><li>How did relations of production contribute to the emergence of national interest groups?<\/li><li>How did labor migration change the composition of local communities and the perception of nationality?<\/li><\/ul>\n\n\n\n<p>Abstracts of up to 300 words should be submitted along with a CV to <a href=\"mailto:nationalityandeconomysu@gmail.com\">nationalityandeconomysu@gmail.com<\/a> by <strong>May 22, 2022<\/strong>. Invitations to participate in the workshop will be sent out by mid-June. Participants are requested to submit papers of approximately 6,000 words (excl. footnotes) by October 7. These submissions will be circulated among confirmed attendees and will form the basis of discussion. Professor Artemy Kalinovsky will address the workshop in a keynote lecture. In addition, a roundtable discussion will respond to the panels and conclude the workshop.<\/p>\n\n\n\n<p>The organizers hope to provide funding for travel to and from Princeton, accommodation for the duration of the workshop (three nights), and meals, but participants are encouraged to seek financial support from their home institutions towards the cost of their attendance. For more information, please contact Sohee Ryuk (<a href=\"mailto:sr3451@columbia.edu\">sr3451@columbia.edu<\/a>), Sam Coggeshall (<a href=\"mailto:sfc2117@columbia.edu\">sfc2117@columbia.edu<\/a>), or Jonathan Raspe (<a href=\"mailto:jraspe@princeton.edu\">jraspe@princeton.edu<\/a>).<\/p>\n\n\n\n<p>Contact Info:&nbsp;<\/p>\n\n\n\n<p>Sohee Ryuk (<a href=\"mailto:sr3451@columbia.edu\">sr3451@columbia.edu<\/a>), Sam Coggeshall (<a href=\"mailto:sfc2117@columbia.edu\">sfc2117@columbia.edu<\/a>), Jonathan Raspe (<a href=\"mailto:jraspe@princeton.edu\">jraspe@princeton.edu<\/a>).<\/p>\n\n\n\n<p>Contact Email:&nbsp;<\/p>\n\n\n\n<p><a href=\"mailto:jraspe@princeton.edu\">jraspe@princeton.edu<\/a><\/p>\n\n\n\n<hr class=\"wp-block-separator\"\/>\n\n\n\n<p><a href=\"https:\/\/networks.h-net.org\/node\/73374\/announcements\/10144773\/cfp-industrious-nations-reconsidering-nationality-and-economy\">https:\/\/networks.h-net.org\/node\/73374\/announcements\/10144773\/cfp-industrious-nations-reconsidering-nationality-and-economy<\/a><\/p>\n\n\n\n<hr class=\"wp-block-separator\"\/>\n","protected":false},"excerpt":{"rendered":"","protected":false},"author":2,"featured_media":12932,"comment_status":"open","ping_status":"open","sticky":false,"template":"","format":"standard","meta":{"_acf_changed":false,"_jetpack_newsletter_access":"","_jetpack_dont_email_post_to_subs":false,"_jetpack_newsletter_tier_id":0,"_jetpack_memberships_contains_paywalled_content":false,"_jetpack_memberships_contains_paid_content":false,"footnotes":"","jetpack_publicize_message":"","jetpack_publicize_feature_enabled":true,"jetpack_social_post_already_shared":true,"jetpack_social_options":{"image_generator_settings":{"template":"highway","default_image_id":0,"font":"","enabled":false},"version":2},"jetpack_post_was_ever_published":false},"categories":[3,9],"tags":[],"class_list":["post-30987","post","type-post","status-publish","format-standard","has-post-thumbnail","hentry","category-novosti","category-skupovi"],"acf":{"facebook_opis":""},"jetpack_publicize_connections":[],"jetpack_featured_media_url":"https:\/\/i0.wp.com\/historiografija.hr\/wp-content\/uploads\/2018\/12\/header-hnet.png?fit=583%2C143&ssl=1","jetpack_sharing_enabled":true,"jetpack-related-posts":[{"id":55072,"url":"https:\/\/historiografija.hr\/?p=55072","url_meta":{"origin":30987,"position":0},"title":"Victoria Khiterer, \u201eBitter War of Memory: The Babyn Yar Massacre, Aftermath, and Commemoration\u201c","author":"Branimir Jankovi\u0107","date":"25. kolovoza 2026.","format":false,"excerpt":"Bitter War of Memory: The Babyn Yar Massacre, Aftermath, and Commemoration\u00a0discusses the Holocaust in Kyiv and the efforts to memorialize the Babyn Yar massacre. Babyn Yar is one of the largest Holocaust sites in the Soviet Union and modern Ukraine, where the Nazis and their collaborators killed virtually all the\u2026","rel":"","context":"U &quot;Knjige&quot;","block_context":{"text":"Knjige","link":"https:\/\/historiografija.hr\/?cat=8"},"img":{"alt_text":"","src":"https:\/\/i0.wp.com\/historiografija.hr\/wp-content\/uploads\/2026\/08\/Bitter-War-of-Memory-2.jpg?fit=596%2C466&ssl=1&resize=350%2C200","width":350,"height":200,"srcset":"https:\/\/i0.wp.com\/historiografija.hr\/wp-content\/uploads\/2026\/08\/Bitter-War-of-Memory-2.jpg?fit=596%2C466&ssl=1&resize=350%2C200 1x, https:\/\/i0.wp.com\/historiografija.hr\/wp-content\/uploads\/2026\/08\/Bitter-War-of-Memory-2.jpg?fit=596%2C466&ssl=1&resize=525%2C300 1.5x"},"classes":[]},{"id":52516,"url":"https:\/\/historiografija.hr\/?p=52516","url_meta":{"origin":30987,"position":1},"title":"Marko Grde\u0161i\u0107, Mislav \u017ditko, \u201eSocialist Economics in Yugoslavia: A Critical History\u201c","author":"Branimir Jankovi\u0107","date":"17. travnja 2026.","format":false,"excerpt":"This book presents a critical history of Yugoslav socialist economics, from its inception in the late 1940s to its dissolution in the late 1980s. After the dramatic break with the Soviet Union in 1948, Yugoslavia found itself in urgent need of a third way: A socialist trajectory which would not\u2026","rel":"","context":"U &quot;Knjige&quot;","block_context":{"text":"Knjige","link":"https:\/\/historiografija.hr\/?cat=8"},"img":{"alt_text":"","src":"https:\/\/i0.wp.com\/historiografija.hr\/wp-content\/uploads\/2026\/04\/Zitko_Grdesic.jpg?fit=350%2C535&ssl=1&resize=350%2C200","width":350,"height":200},"classes":[]},{"id":54487,"url":"https:\/\/historiografija.hr\/?p=54487","url_meta":{"origin":30987,"position":2},"title":"Workshop &#8220;Experts in Transition: Political Epistemologies of 1980s\u20132000s East Central Europe&#8221;","author":"Branimir Jankovi\u0107","date":"7. srpnja 2026.","format":false,"excerpt":"On July 9\u201310, 2026, the Institute of Contemporary History in Ljubljana will host the international workshop: Experts in Transition: Political Epistemologies of 1980s\u20132000s East Central Europe The workshop is open to the public and to interested scholars. If you are planning to participate, please write to Adela H\u00eencu \u2013 adela.hincu@inz.si\u2026","rel":"","context":"U &quot;Novosti&quot;","block_context":{"text":"Novosti","link":"https:\/\/historiografija.hr\/?cat=3"},"img":{"alt_text":"","src":"https:\/\/i0.wp.com\/historiografija.hr\/wp-content\/uploads\/2026\/07\/01-INZ-logo-21-RGB-SLO_RGB.png?fit=685%2C291&ssl=1&resize=350%2C200","width":350,"height":200,"srcset":"https:\/\/i0.wp.com\/historiografija.hr\/wp-content\/uploads\/2026\/07\/01-INZ-logo-21-RGB-SLO_RGB.png?fit=685%2C291&ssl=1&resize=350%2C200 1x, https:\/\/i0.wp.com\/historiografija.hr\/wp-content\/uploads\/2026\/07\/01-INZ-logo-21-RGB-SLO_RGB.png?fit=685%2C291&ssl=1&resize=525%2C300 1.5x"},"classes":[]},{"id":54174,"url":"https:\/\/historiografija.hr\/?p=54174","url_meta":{"origin":30987,"position":3},"title":"Yanni Kotsonis, &#8220;The Greek Revolution and the Violent Birth of Nationalism&#8221;","author":"Branimir Jankovi\u0107","date":"18. lipnja 2026.","format":false,"excerpt":"A sweeping global history of the birth of modern Greece In 1821, a diverse territory in the southern Balkans on the fringe of the Ottoman Empire was thrust into a decade of astounding mass violence. The Greek Revolution and the Violent Birth of Nationalism traces how something new emerged from\u2026","rel":"","context":"U &quot;Knjige&quot;","block_context":{"text":"Knjige","link":"https:\/\/historiografija.hr\/?cat=8"},"img":{"alt_text":"","src":"https:\/\/historiografija.hr\/wp-content\/uploads\/2026\/06\/Kotsonis.avif","width":350,"height":200},"classes":[]},{"id":55062,"url":"https:\/\/historiografija.hr\/?p=55062","url_meta":{"origin":30987,"position":4},"title":"CfP: The Making of Solidarity: A\u00a0Conference on Eastern and Central European Dissidents, 1945-1991","author":"Branimir Jankovi\u0107","date":"24. kolovoza 2026.","format":false,"excerpt":"This open call invites proposals for an interdisciplinary conference on Eastern and Central European dissidence, solidarity, and anti-imperial thought. The Making of Solidarity: A\u00a0Conference on Eastern and Central European Dissidents, 1945-1991 16.-17. November 2026 A close reading of Ivan Dziuba\u2019s classic\u00a01965 essay Internationalism or Russification? offers a\u00a0useful lens through which\u2026","rel":"","context":"U &quot;Novosti&quot;","block_context":{"text":"Novosti","link":"https:\/\/historiografija.hr\/?cat=3"},"img":{"alt_text":"","src":"https:\/\/i0.wp.com\/historiografija.hr\/wp-content\/uploads\/2026\/08\/The-Making-of-Solidarity.png?fit=883%2C662&ssl=1&resize=350%2C200","width":350,"height":200,"srcset":"https:\/\/i0.wp.com\/historiografija.hr\/wp-content\/uploads\/2026\/08\/The-Making-of-Solidarity.png?fit=883%2C662&ssl=1&resize=350%2C200 1x, https:\/\/i0.wp.com\/historiografija.hr\/wp-content\/uploads\/2026\/08\/The-Making-of-Solidarity.png?fit=883%2C662&ssl=1&resize=525%2C300 1.5x, https:\/\/i0.wp.com\/historiografija.hr\/wp-content\/uploads\/2026\/08\/The-Making-of-Solidarity.png?fit=883%2C662&ssl=1&resize=700%2C400 2x"},"classes":[]},{"id":54537,"url":"https:\/\/historiografija.hr\/?p=54537","url_meta":{"origin":30987,"position":5},"title":"Call for Applications: Visegrad Scholarship at OSA 2026\/2027","author":"Branimir Jankovi\u0107","date":"9. srpnja 2026.","format":false,"excerpt":"The\u00a0Visegrad Scholarship at Blinken OSA Archivum\u00a0(Budapest, Hungary)\u00a0supports 8-week research stays (shorter stays pro-rated) for scholars and socially engaged artists working with the Archivum\u2019s Cold War and post-Cold War collections. Each grant is\u00a03.000,00\u20ac, intended to cover travel, accommodation and living costs. Next application deadline: July 25, 2026\u00a0(for the 2026\/2027 academic year).\u2026","rel":"","context":"U &quot;Novosti&quot;","block_context":{"text":"Novosti","link":"https:\/\/historiografija.hr\/?cat=3"},"img":{"alt_text":"","src":"https:\/\/i0.wp.com\/historiografija.hr\/wp-content\/uploads\/2026\/07\/Blinken-OSA-Archivum-Visegrad-Scholarship-at-OSA.png?fit=1200%2C624&ssl=1&resize=350%2C200","width":350,"height":200,"srcset":"https:\/\/i0.wp.com\/historiografija.hr\/wp-content\/uploads\/2026\/07\/Blinken-OSA-Archivum-Visegrad-Scholarship-at-OSA.png?fit=1200%2C624&ssl=1&resize=350%2C200 1x, https:\/\/i0.wp.com\/historiografija.hr\/wp-content\/uploads\/2026\/07\/Blinken-OSA-Archivum-Visegrad-Scholarship-at-OSA.png?fit=1200%2C624&ssl=1&resize=525%2C300 1.5x, https:\/\/i0.wp.com\/historiografija.hr\/wp-content\/uploads\/2026\/07\/Blinken-OSA-Archivum-Visegrad-Scholarship-at-OSA.png?fit=1200%2C624&ssl=1&resize=700%2C400 2x, https:\/\/i0.wp.com\/historiografija.hr\/wp-content\/uploads\/2026\/07\/Blinken-OSA-Archivum-Visegrad-Scholarship-at-OSA.png?fit=1200%2C624&ssl=1&resize=1050%2C600 3x"},"classes":[]}],"_links":{"self":[{"href":"https:\/\/historiografija.hr\/index.php?rest_route=\/wp\/v2\/posts\/30987","targetHints":{"allow":["GET"]}}],"collection":[{"href":"https:\/\/historiografija.hr\/index.php?rest_route=\/wp\/v2\/posts"}],"about":[{"href":"https:\/\/historiografija.hr\/index.php?rest_route=\/wp\/v2\/types\/post"}],"author":[{"embeddable":true,"href":"https:\/\/historiografija.hr\/index.php?rest_route=\/wp\/v2\/users\/2"}],"replies":[{"embeddable":true,"href":"https:\/\/historiografija.hr\/index.php?rest_route=%2Fwp%2Fv2%2Fcomments&post=30987"}],"version-history":[{"count":1,"href":"https:\/\/historiografija.hr\/index.php?rest_route=\/wp\/v2\/posts\/30987\/revisions"}],"predecessor-version":[{"id":30988,"href":"https:\/\/historiografija.hr\/index.php?rest_route=\/wp\/v2\/posts\/30987\/revisions\/30988"}],"wp:featuredmedia":[{"embeddable":true,"href":"https:\/\/historiografija.hr\/index.php?rest_route=\/wp\/v2\/media\/12932"}],"wp:attachment":[{"href":"https:\/\/historiografija.hr\/index.php?rest_route=%2Fwp%2Fv2%2Fmedia&parent=30987"}],"wp:term":[{"taxonomy":"category","embeddable":true,"href":"https:\/\/historiografija.hr\/index.php?rest_route=%2Fwp%2Fv2%2Fcategories&post=30987"},{"taxonomy":"post_tag","embeddable":true,"href":"https:\/\/historiografija.hr\/index.php?rest_route=%2Fwp%2Fv2%2Ftags&post=30987"}],"curies":[{"name":"wp","href":"https:\/\/api.w.org\/{rel}","templated":true}]}}