{"id":3098,"date":"2017-03-03T15:38:14","date_gmt":"2017-03-03T15:38:14","guid":{"rendered":"http:\/\/historiografija.hr\/?p=3098"},"modified":"2017-03-16T09:24:46","modified_gmt":"2017-03-16T09:24:46","slug":"osnovano-vijece-za-suocavanje-s-posljedicama-vladavine-nedemokratskih-rezima","status":"publish","type":"post","link":"https:\/\/historiografija.hr\/?p=3098","title":{"rendered":"Osnovano Vije\u0107e za suo\u010davanje s posljedicama vladavine nedemokratskih re\u017eima"},"content":{"rendered":"<p>&nbsp;<\/p>\n<p>Vlada Republike Hrvatske na sjednici 2. o\u017eujka 2017. donijela je odluku o osnivanju Vije\u0107a za suo\u010davanje s posljedicama vladavine nedemokratskih re\u017eima.<\/p>\n<p>&nbsp;<\/p>\n<p>&nbsp;<\/p>\n<p>Vlada Republike Hrvatske je na sjednici odr\u017eanoj 2. o\u017eujka 2017. donijela<\/p>\n<p>&nbsp;<\/p>\n<p><strong>ODLUKU<\/strong><\/p>\n<p>&nbsp;<\/p>\n<p>o osnivanju Vije\u0107a za suo\u010davanje s posljedicama vladavine nedemokratskih re\u017eima<\/p>\n<p>&nbsp;<\/p>\n<p>I.<\/p>\n<p>Polaze\u0107i\u00a0 od\u00a0 Izvori\u0161nih\u00a0 osnova i Temeljnih\u00a0 odredbi\u00a0 Ustava\u00a0 Republike\u00a0 Hrvatske\u00a0 te\u00a0 od Rezolucije\u00a0 Europskog\u00a0 parlamenta\u00a0 o\u00a0 europskoj\u00a0 savjesti\u00a0 i\u00a0 totalitarizmu,\u00a0 ovom se Odlukom osniva Vije\u0107e za suo\u010davanje s posljedicama\u00a0 vladavine nedemokratskih re\u017eima te se odre\u0111uju njegove zada\u0107e i druga povezana pitanja.<\/p>\n<p>&nbsp;<\/p>\n<p>II.<\/p>\n<p>Zada\u0107e Vije\u0107a su izrada:<\/p>\n<p>&#8211; sveobuhvatnih preporuka usmjerenih na suo\u010davanje s pro\u0161lo\u0161\u0107u;<\/p>\n<p>-preporuka pravnog\u00a0 reguliranja uporabe\u00a0 i\u00a0 isticanja\u00a0 obilje\u017eja,\u00a0 znamenja\u00a0 i\u00a0 simbola nedemokratskih re\u017eima.<\/p>\n<p>&nbsp;<\/p>\n<p>III.<\/p>\n<p>Preporuke\u00a0 iz\u00a0 to\u010dke\u00a0 II.\u00a0 podstavak\u00a0 1. obuhvatit\u00a0 \u0107e,\u00a0 izme\u0111u\u00a0 ostalih, prijedloge\u00a0 za\u00a0 o\u010duvanje sje\u0107anja,\u00a0 znanstveno\u00a0 istra\u017eivanje,\u00a0 dokumentiranje, politiku\u00a0\u00a0 imenovanja\u00a0\u00a0 ulica\u00a0 i \u00a0trgova, omogu\u0107avanje pristupa\u00a0 javnosti\u00a0 podacima,\u00a0 distribuciju\u00a0 znanja\u00a0 te na\u010din obrazovanja djece\u00a0 i mladih u vezi s kr\u0161enjima ljudskih prava i temeljnih sloboda za vrijeme vlasti nedemokratskih re\u017eima.<\/p>\n<p>&nbsp;<\/p>\n<p>IV.<\/p>\n<p>Preporukepravnog\u00a0 reguliranja iz to\u010dke II. podstavak 2. temeljit \u0107e se na prethodnoj\u00a0 analizi pozitivnih propisa Republike Hrvatske i analizi komparativne prakse dr\u017eava \u010dlanica Europske unije u tom podru\u010dju.<\/p>\n<p>&nbsp;<\/p>\n<p>V.<\/p>\n<p>Vije\u0107e \u0107e dokumente\u00a0 iz ove Odluke dostaviti Vladi do 1. o\u017eujka 2018.<\/p>\n<p>&nbsp;<\/p>\n<p>VI.<\/p>\n<p>Prijedlozi Vije\u0107a bit \u0107e utemeljeni na znanstveno valoriziranim povijesnim \u010dinjenicama.<\/p>\n<p>&nbsp;<\/p>\n<p>Ne relativiziraju\u0107i kr\u0161enja ljudskih prava, Vije\u0107e \u0107e uva\u017eiti razlike koje su postojale izme\u0111u pojedinih oblika nedemokratskih re\u017eima.<\/p>\n<p>&nbsp;<\/p>\n<p>Vije\u0107e \u0107e nastojati posti\u0107i suglasje u dono\u0161enju svojih odluka.<\/p>\n<p>&nbsp;<\/p>\n<p>VII.<\/p>\n<p>\u010clanovi Vije\u0107a su:<\/p>\n<p>&nbsp;<\/p>\n<p>dr.sc.\u00a0 Zvonko Kusi\u0107, akademik, predsjednik Hrvatske akademije znanosti i umjetnosti,<\/p>\n<p>predsjednik Vije\u0107a;<\/p>\n<p>&nbsp;<\/p>\n<p>prof.dr.sc. Stjepan Damjanovi\u0107, akademik, predsjednik Matice hrvatske;<\/p>\n<p>&nbsp;<\/p>\n<p>dr.sc. Antun Vuji\u0107, glavni ravnatelj Leksikografskog zavoda Miroslav Krle\u017ea;<\/p>\n<p>&nbsp;<\/p>\n<p>dr.sc. Ivica Lu\u010di\u0107, vi\u0161i znanstveni suradnik u Hrvatskom institutu za povijest;<\/p>\n<p>&nbsp;<\/p>\n<p>dr.sc. Ante Nazor, ravnatelj Hrvatskog memorijalno-dokumentacijskog centra Domovinskog rata;<\/p>\n<p>&nbsp;<\/p>\n<p>Nata\u0161a Jovi\u010di\u0107, biv\u0161a ravnateljica Javne ustanove Spomen podru\u010dje Jasenovac;<\/p>\n<p>&nbsp;<\/p>\n<p>prof. dr.sc. Ivo Goldstein, redoviti profesor na Filozofskom fakultetu Sveu\u010dili\u0161ta u Zagrebu;<\/p>\n<p>&nbsp;<\/p>\n<p>prof. dr. sc.\u00a0 \u017deljko Tanji\u0107, rektor Hrvatskog katoli\u010dkog sveu\u010dili\u0161ta;<\/p>\n<p>&nbsp;<\/p>\n<p>prof.dr.sc. Aleksandar Jakir, dekan Filozofskog fakulteta Sveu\u010dili\u0161ta u Splitu;<\/p>\n<p>&nbsp;<\/p>\n<p>izv. prof. dr.sc. Budislav Vukas, izvanredni profesor na Pravnom fakultetu Sveu\u010dili\u0161ta u Rijeci;<\/p>\n<p>&nbsp;<\/p>\n<p>izv.prof.dr.sc. Mario Vinkovi\u0107, izvanredni profesor na Pravnom fakultetu Sveu\u010dili\u0161ta J.J. Strossmayera u Osijeku;<\/p>\n<p>&nbsp;<\/p>\n<p>prof.dr.sc. Nevio \u0160eti\u0107, redoviti profesor na Filozofskom fakultetu Sveu\u010dili\u0161ta Jurja Dobrile u Puli;<\/p>\n<p>&nbsp;<\/p>\n<p>prof. dr. sc. Mladen An\u010di\u0107, redoviti profesor na Odjelu za povijest Sveu\u010dili\u0161ta u Zadru;<\/p>\n<p>&nbsp;<\/p>\n<p>prof.dr.sc. Jasna Omejec, redoviti profesor na Pravnom fakultetu Sveu\u010dili\u0161ta u Zagrebu;<\/p>\n<p>&nbsp;<\/p>\n<p>doc. dr. sc. Marta Dragi\u010devi\u0107 Prtenja\u010da, docent na Pravnom fakultetu Sveu\u010dili\u0161ta u Zagrebu;<\/p>\n<p>&nbsp;<\/p>\n<p>doc. dr. sc. Vanja-Ivan Savi\u0107, docent na Pravnom fakultetu Sveu\u010dili\u0161ta u Zagrebu;<\/p>\n<p>&nbsp;<\/p>\n<p>prof.dr.sc. Nenad Zako\u0161ek, redoviti profesor na Fakultetu politi\u010dkih znanosti Sveu\u010dili\u0161ta u Zagrebu;<\/p>\n<p>&nbsp;<\/p>\n<p>prof.dr.sc. Tihomir\u00a0 Cipek, redoviti profesor na Fakultetu politi\u010dkih znanosti Sveu\u010dili\u0161ta u Zagrebu;<\/p>\n<p>&nbsp;<\/p>\n<p>Uz stalne \u010dlanove, predsjednik Vije\u0107a mo\u017ee na sjednice po potrebi pozivati i druge osobe.<\/p>\n<p>&nbsp;<\/p>\n<p>Vije\u0107e \u0107e razmotriti i pisane doprinose njegovom radu upu\u0107ene od\u00a0 akademske\u00a0 zajednice, nevladinih organizacija, te ostalih pravnih i fizi\u010dkih osoba.<\/p>\n<p>&nbsp;<\/p>\n<p>&#8212;<\/p>\n<p>&nbsp;<\/p>\n<p>ODLUKA i OBRAZLO\u017dENJE:<\/p>\n<p>&nbsp;<\/p>\n<p><a href=\"http:\/\/hr.n1info.com\/Binary\/90\/Odluka-o-osnivanju-Vijece-za-suocavanje-s-posljedicama-vladavine-nedemokratskih-rezima.pdf\">http:\/\/hr.n1info.com\/Binary\/90\/Odluka-o-osnivanju-Vijece-za-suocavanje-s-posljedicama-vladavine-nedemokratskih-rezima.pdf<\/a><\/p>\n<p>&nbsp;<\/p>\n<p>&#8212;<\/p>\n<p>&nbsp;<\/p>\n<p>VIJESTI, KOMENTARI, REAKCIJE:<\/p>\n<p>&nbsp;<\/p>\n<p><a href=\"http:\/\/hr.n1info.com\/a182418\/Vijesti\/Vlada-osnovala-Vijece-za-suocavanje-s-posljedicama-vladavine-nedemokratskih-rezima.html\">http:\/\/hr.n1info.com\/a182418\/Vijesti\/Vlada-osnovala-Vijece-za-suocavanje-s-posljedicama-vladavine-nedemokratskih-rezima.html<\/a><\/p>\n<p>&nbsp;<\/p>\n<p><a href=\"http:\/\/vijesti.hrt.hr\/376911\/vlada-osnivanje-povjerenstva-za-suocavanje-s-prosloscu\">http:\/\/vijesti.hrt.hr\/376911\/vlada-osnivanje-povjerenstva-za-suocavanje-s-prosloscu<\/a><\/p>\n<p>&nbsp;<\/p>\n<p><a href=\"http:\/\/www.vecernji.hr\/hrvatska\/plenkoviceva-komisija-odlucit-ce-i-treba-li-tita-ukloniti-s-ulica-i-trgova-1153423\">http:\/\/www.vecernji.hr\/hrvatska\/plenkoviceva-komisija-odlucit-ce-i-treba-li-tita-ukloniti-s-ulica-i-trgova-1153423<\/a><\/p>\n<p>&nbsp;<\/p>\n<p><a href=\"http:\/\/balkans.aljazeera.net\/vijesti\/hrvatska-osnovano-vijece-za-suocavanje-s-prosloscu\">http:\/\/balkans.aljazeera.net\/vijesti\/hrvatska-osnovano-vijece-za-suocavanje-s-prosloscu<\/a><\/p>\n<p>&nbsp;<\/p>\n<p><a href=\"http:\/\/hr.n1info.com\/a182519\/Vijesti\/Zvonko-Kusic-na-N1.html\">http:\/\/hr.n1info.com\/a182519\/Vijesti\/Zvonko-Kusic-na-N1.html<\/a><\/p>\n<p>&nbsp;<\/p>\n<p><a href=\"http:\/\/vijesti.hrt.hr\/377021\/nazor-ne-rijesimo-li-kontroverze-iz-proslosti-nema-nam-buducnosti\">http:\/\/vijesti.hrt.hr\/377021\/nazor-ne-rijesimo-li-kontroverze-iz-proslosti-nema-nam-buducnosti<\/a><\/p>\n<p>&nbsp;<\/p>\n<p><a href=\"http:\/\/hr.n1info.com\/a182567\/Vijesti\/Ante-Nazor-o-suocavanju-s-prosloscu-i-Titu.html\">http:\/\/hr.n1info.com\/a182567\/Vijesti\/Ante-Nazor-o-suocavanju-s-prosloscu-i-Titu.html<\/a><\/p>\n<p>&nbsp;<\/p>\n<p><a href=\"http:\/\/hr.n1info.com\/a182260\/Vijesti\/Klasic-objasnio-zasto-je-odbio-Povjerenstvo-za-proslost.html\">http:\/\/hr.n1info.com\/a182260\/Vijesti\/Klasic-objasnio-zasto-je-odbio-Povjerenstvo-za-proslost.html<\/a><\/p>\n<p>&nbsp;<\/p>\n<p><a href=\"http:\/\/vijesti.hrt.hr\/377085\/setic-ne-razumijem-cemu-skepticnost-drustva-se-raaju-za-sve-a-ne-samo-za-neke\">http:\/\/vijesti.hrt.hr\/377085\/setic-ne-razumijem-cemu-skepticnost-drustva-se-raaju-za-sve-a-ne-samo-za-neke<\/a><\/p>\n<p>&nbsp;<\/p>\n<p><a href=\"https:\/\/www.documenta.hr\/hr\/vije%C4%87e-za-odga%C4%91anje-suo%C4%8Davanja-s-pro%C5%A1lo%C5%A1%C4%87u.html\">https:\/\/www.documenta.hr\/hr\/vije%C4%87e-za-odga%C4%91anje-suo%C4%8Davanja-s-pro%C5%A1lo%C5%A1%C4%87u.html<\/a><\/p>\n<p>&nbsp;<\/p>\n<p><a href=\"http:\/\/yihr.hr\/hr\/otvoreno-pismo-premijeru-andreju-plenkovicu-povodom-osnivanja-vijeca-za-suocavanje-s-posljedicama-vladavine-nedemokratskih-rezima\/\">http:\/\/yihr.hr\/hr\/otvoreno-pismo-premijeru-andreju-plenkovicu-povodom-osnivanja-vijeca-za-suocavanje-s-posljedicama-vladavine-nedemokratskih-rezima\/<\/a><\/p>\n<p>&nbsp;<\/p>\n<p><a href=\"http:\/\/www.bilten.org\/?p=17203\">http:\/\/www.bilten.org\/?p=17203<\/a><\/p>\n<p>&nbsp;<\/p>\n<p><a href=\"http:\/\/direktno.hr\/direkt\/jurcevic-kritizira-sastav-vijeca-za-proslost-nije-strucno-sluzit-ce-politici-78036\/\">http:\/\/direktno.hr\/direkt\/jurcevic-kritizira-sastav-vijeca-za-proslost-nije-strucno-sluzit-ce-politici-78036\/<\/a><\/p>\n<p>&nbsp;<\/p>\n<p><a href=\"http:\/\/www.forum.tm\/vijesti\/vlada-spremna-na-suocavanje-s-prosloscu-ploca-u-jasenovcu-sa-za-dom-spremni-i-dalje-spokojno\">http:\/\/www.forum.tm\/vijesti\/vlada-spremna-na-suocavanje-s-prosloscu-ploca-u-jasenovcu-sa-za-dom-spremni-i-dalje-spokojno<\/a><\/p>\n<p>&nbsp;<\/p>\n<p><a href=\"http:\/\/www.jutarnji.hr\/komentari\/komentar-jutarnjeg-je-li-povjerenstvo-za-suocavanje-s-prosloscu-osnovano-kako-bi-propisivalo-podobnu-povijest\/5711075\/\">http:\/\/www.jutarnji.hr\/komentari\/komentar-jutarnjeg-je-li-povjerenstvo-za-suocavanje-s-prosloscu-osnovano-kako-bi-propisivalo-podobnu-povijest\/5711075\/<\/a><\/p>\n<p>&nbsp;<\/p>\n<p><a href=\"https:\/\/www.tportal.hr\/vijesti\/clanak\/otkrivamo-detalje-oko-vijeca-za-povijest-ovo-su-tri-stvari-oko-kojih-se-vec-sada-svi-slazu-20170303\">https:\/\/www.tportal.hr\/vijesti\/clanak\/otkrivamo-detalje-oko-vijeca-za-povijest-ovo-su-tri-stvari-oko-kojih-se-vec-sada-svi-slazu-20170303<\/a><\/p>\n<p>&nbsp;<\/p>\n<p><a href=\"http:\/\/www.novilist.hr\/Komentari\/Blogovi\/Drugo-misljenje-Zdenka-Duke\/Tito-i-Suker\">http:\/\/www.novilist.hr\/Komentari\/Blogovi\/Drugo-misljenje-Zdenka-Duke\/Tito-i-Suker<\/a><\/p>\n<p>&nbsp;<\/p>\n<p><a href=\"http:\/\/www.novilist.hr\/Komentari\/Kolumne\/Ladovina-Ladislava-Tomicica\/Plenkovicev-totalni-svjetonazorski-rat\">http:\/\/www.novilist.hr\/Komentari\/Kolumne\/Ladovina-Ladislava-Tomicica\/Plenkovicev-totalni-svjetonazorski-rat<\/a><\/p>\n<p>&nbsp;<\/p>\n<p><a href=\"http:\/\/www.jutarnji.hr\/komentari\/jelena-lovric-zasto-se-premijer-plenkovic-odlucio-na-bijeg-u-proslost-zna-se-sto-je-bio-partizanski-pokret-sto-ndh-a-sto-jugoslavija\/5715723\/\">http:\/\/www.jutarnji.hr\/komentari\/jelena-lovric-zasto-se-premijer-plenkovic-odlucio-na-bijeg-u-proslost-zna-se-sto-je-bio-partizanski-pokret-sto-ndh-a-sto-jugoslavija\/5715723\/<\/a><\/p>\n<p>&nbsp;<\/p>\n<p><a href=\"http:\/\/www.vecernji.hr\/hrvatska\/zabrane-li-za-dom-spremni-moraju-zabraniti-i-petokraku-1153867\">http:\/\/www.vecernji.hr\/hrvatska\/zabrane-li-za-dom-spremni-moraju-zabraniti-i-petokraku-1153867<\/a><\/p>\n<p>&nbsp;<\/p>\n<p><a href=\"http:\/\/www.portalnovosti.com\/ropotarnica-sadasnjosti\">http:\/\/www.portalnovosti.com\/ropotarnica-sadasnjosti<\/a><\/p>\n<p>&nbsp;<\/p>\n<p><a href=\"https:\/\/www.tportal.hr\/komentatori\/clanak\/vlast-pere-necistu-savjest-sto-li-ce-famozno-vijece-reci-o-tudmanu-20170305\">https:\/\/www.tportal.hr\/komentatori\/clanak\/vlast-pere-necistu-savjest-sto-li-ce-famozno-vijece-reci-o-tudmanu-20170305<\/a><\/p>\n<p>&nbsp;<\/p>\n<p><a href=\"http:\/\/vijesti.hrt.hr\/378011\/banac-o-rezimima-i-jedan-i-drugi-treba-osuditi-i-sa-simbolima-moramo-raskrstiti\">http:\/\/vijesti.hrt.hr\/378011\/banac-o-rezimima-i-jedan-i-drugi-treba-osuditi-i-sa-simbolima-moramo-raskrstiti<\/a><\/p>\n<p>&nbsp;<\/p>\n<p><a href=\"http:\/\/www.telegram.hr\/politika-kriminal\/komentar-hoce-li-plenkovicevo-vijece-za-proslost-odgovoriti-i-na-pitanje-je-li-tudmanova-vladavina-bila-sasvim-demokratska\/\">http:\/\/www.telegram.hr\/politika-kriminal\/komentar-hoce-li-plenkovicevo-vijece-za-proslost-odgovoriti-i-na-pitanje-je-li-tudmanova-vladavina-bila-sasvim-demokratska\/<\/a><\/p>\n<p>&nbsp;<\/p>\n<p><a href=\"http:\/\/www.portalnovosti.com\/kraci-ka-petokraci\">http:\/\/www.portalnovosti.com\/kraci-ka-petokraci<\/a><\/p>\n<p>&nbsp;<\/p>\n<p><a href=\"http:\/\/www.portalnovosti.com\/vrijeme-kretena\">http:\/\/www.portalnovosti.com\/vrijeme-kretena<\/a><\/p>\n<p>&nbsp;<\/p>\n<p><a href=\"https:\/\/historiografija.hr\/?p=3368\">https:\/\/historiografija.hr\/?p=3368<\/a><\/p>\n<p>&nbsp;<\/p>\n<p>&nbsp;<\/p>\n<p>&nbsp;<\/p>\n<p>&nbsp;<\/p>\n","protected":false},"excerpt":{"rendered":"","protected":false},"author":2,"featured_media":3099,"comment_status":"open","ping_status":"open","sticky":false,"template":"","format":"standard","meta":{"_acf_changed":false,"jetpack_post_was_ever_published":false,"_jetpack_newsletter_access":"","_jetpack_dont_email_post_to_subs":true,"_jetpack_newsletter_tier_id":0,"_jetpack_memberships_contains_paywalled_content":false,"_jetpack_memberships_contains_paid_content":false,"footnotes":"","jetpack_publicize_message":"","jetpack_publicize_feature_enabled":true,"jetpack_social_post_already_shared":true,"jetpack_social_options":{"image_generator_settings":{"template":"highway","default_image_id":0,"font":"","enabled":false},"version":2}},"categories":[3],"tags":[],"class_list":["post-3098","post","type-post","status-publish","format-standard","has-post-thumbnail","hentry","category-novosti"],"acf":{"facebook_opis":""},"jetpack_publicize_connections":[],"jetpack_featured_media_url":"https:\/\/i0.wp.com\/historiografija.hr\/wp-content\/uploads\/2017\/03\/vlada.jpg?fit=940%2C529&ssl=1","jetpack_sharing_enabled":true,"jetpack-related-posts":[{"id":52502,"url":"https:\/\/historiografija.hr\/?p=52502","url_meta":{"origin":3098,"position":0},"title":"Novi znanstveni projekt Hrvatskog instituta za povijest: \u201c\u017drtve ratova i dr\u017eavnog\/politi\u010dkog nasilja u hrvatskoj povijesti 20. stolje\u0107a\u201d","author":"Branimir Jankovi\u0107","date":"17. travnja 2026.","format":false,"excerpt":"Na redovitoj sjednici Vlade RH, 16. travnja 2026., donijet je Zaklju\u010dak kojim se pokre\u0107e znanstveni projekt \u201c\u017drtve ratova i dr\u017eavnog\/politi\u010dkog nasilja u hrvatskoj povijesti 20. stolje\u0107a\u201d. Projekt \u0107e provoditi i koordinirati Hrvatski institut za povijest u razdoblju trajanja projekta od pet godina. Zakljucak Vlade RH Iz teksta projektnog prijedloga: Problematika\u2026","rel":"","context":"U &quot;Novosti&quot;","block_context":{"text":"Novosti","link":"https:\/\/historiografija.hr\/?cat=3"},"img":{"alt_text":"","src":"https:\/\/i0.wp.com\/historiografija.hr\/wp-content\/uploads\/2026\/04\/Vlada-RH.jpg?fit=1200%2C557&ssl=1&resize=350%2C200","width":350,"height":200,"srcset":"https:\/\/i0.wp.com\/historiografija.hr\/wp-content\/uploads\/2026\/04\/Vlada-RH.jpg?fit=1200%2C557&ssl=1&resize=350%2C200 1x, https:\/\/i0.wp.com\/historiografija.hr\/wp-content\/uploads\/2026\/04\/Vlada-RH.jpg?fit=1200%2C557&ssl=1&resize=525%2C300 1.5x, https:\/\/i0.wp.com\/historiografija.hr\/wp-content\/uploads\/2026\/04\/Vlada-RH.jpg?fit=1200%2C557&ssl=1&resize=700%2C400 2x, https:\/\/i0.wp.com\/historiografija.hr\/wp-content\/uploads\/2026\/04\/Vlada-RH.jpg?fit=1200%2C557&ssl=1&resize=1050%2C600 3x"},"classes":[]},{"id":52631,"url":"https:\/\/historiografija.hr\/?p=52631","url_meta":{"origin":3098,"position":1},"title":"Predavanje Ivana Tepe\u0161a: Djelovanje hrvatske politi\u010dke emigracije","author":"Branimir Jankovi\u0107","date":"23. travnja 2026.","format":false,"excerpt":"Odjel za me\u0111unarodnu suradnju i iseljeni\u0161tvo Matice hrvatske Predavanje Ivana Tepe\u0161a: Djelovanje hrvatske politi\u010dke emigracije Utorak, 28. travnja 2026. u 18:00 sati, Dvorana Ljudevita Jonkea (Mala dvorana MH), Strossmayerov trg 4, Zagreb dr. sc. Ivan Tepe\u0161, Institut za istra\u017eivanje migracija Hrvatska politi\u010dka emigracija obilje\u017eila je polustoljetnu hrvatsku povijest u drugoj\u2026","rel":"","context":"U &quot;Novosti&quot;","block_context":{"text":"Novosti","link":"https:\/\/historiografija.hr\/?cat=3"},"img":{"alt_text":"","src":"","width":0,"height":0},"classes":[]},{"id":52499,"url":"https:\/\/historiografija.hr\/?p=52499","url_meta":{"origin":3098,"position":2},"title":"POTPISAN UGOVOR O ZNANSTVENO-ISTRA\u017dIVA\u010cKOJ SURADNJI: PROJEKT \u201eTEMELJI HRVATSKE SAMOSTALNOSTI\u201d","author":"Branimir Jankovi\u0107","date":"17. travnja 2026.","format":false,"excerpt":"Hrvatski institut za povijest, Sveu\u010dili\u0161te obrane i sigurnosti \u201eDr. Franjo Tu\u0111man\u201d, Institut dru\u0161tvenih znanosti Ivo Pilar i Hrvatski dr\u017eavni arhiv\u00a0potpisali su 23. o\u017eujka 2026.\u00a0Ugovor o znanstveno-istra\u017eiva\u010dkoj suradnji s ciljem provedbe projekta \u201eTemelji hrvatske samostalnosti\u201d. Tim projektom obuhva\u0107a se istra\u017eivanje arhivskoga gradiva, priprema znanstvenih publikacija, digitalizacija i javna prezentacija rezultata istra\u017eivanja\u2026","rel":"","context":"U &quot;Novosti&quot;","block_context":{"text":"Novosti","link":"https:\/\/historiografija.hr\/?cat=3"},"img":{"alt_text":"","src":"https:\/\/i0.wp.com\/historiografija.hr\/wp-content\/uploads\/2026\/04\/THS_sporazum.jpg?fit=1200%2C583&ssl=1&resize=350%2C200","width":350,"height":200,"srcset":"https:\/\/i0.wp.com\/historiografija.hr\/wp-content\/uploads\/2026\/04\/THS_sporazum.jpg?fit=1200%2C583&ssl=1&resize=350%2C200 1x, https:\/\/i0.wp.com\/historiografija.hr\/wp-content\/uploads\/2026\/04\/THS_sporazum.jpg?fit=1200%2C583&ssl=1&resize=525%2C300 1.5x, https:\/\/i0.wp.com\/historiografija.hr\/wp-content\/uploads\/2026\/04\/THS_sporazum.jpg?fit=1200%2C583&ssl=1&resize=700%2C400 2x, https:\/\/i0.wp.com\/historiografija.hr\/wp-content\/uploads\/2026\/04\/THS_sporazum.jpg?fit=1200%2C583&ssl=1&resize=1050%2C600 3x"},"classes":[]},{"id":52666,"url":"https:\/\/historiografija.hr\/?p=52666","url_meta":{"origin":3098,"position":3},"title":"Najava programa Festivala povijesti Kliofest (5-8. V. 2026)","author":"Branimir Jankovi\u0107","date":"24. travnja 2026.","format":false,"excerpt":"Po trinaesti put odr\u017eava se Festival povijesti Kliofest! Do petka \u0107emo odr\u017eati osam okruglih stolova i dva kolokvija te niz predstavljanja knjiga i projekata razli\u010dite tematike, od antike do suvremenosti. Bit \u0107e predstavljeno i nekoliko izlo\u017ebi te odr\u017ean jedan povijesni kviz. Prikazat \u0107emo i jedan film \u2013 o generalu Boroevi\u0107u.\u2026","rel":"","context":"U &quot;Novosti&quot;","block_context":{"text":"Novosti","link":"https:\/\/historiografija.hr\/?cat=3"},"img":{"alt_text":"","src":"https:\/\/i0.wp.com\/historiografija.hr\/wp-content\/uploads\/2026\/04\/Kliofest-2026.jpg?fit=526%2C526&ssl=1&resize=350%2C200","width":350,"height":200,"srcset":"https:\/\/i0.wp.com\/historiografija.hr\/wp-content\/uploads\/2026\/04\/Kliofest-2026.jpg?fit=526%2C526&ssl=1&resize=350%2C200 1x, https:\/\/i0.wp.com\/historiografija.hr\/wp-content\/uploads\/2026\/04\/Kliofest-2026.jpg?fit=526%2C526&ssl=1&resize=525%2C300 1.5x"},"classes":[]},{"id":52505,"url":"https:\/\/historiografija.hr\/?p=52505","url_meta":{"origin":3098,"position":4},"title":"Izlo\u017eba &#8220;Eschenstock \/ Jasenov prut&#8221;","author":"Branimir Jankovi\u0107","date":"17. travnja 2026.","format":false,"excerpt":"Srpsko narodno vije\u0107e (SNV) i Vizura aperta postavljaju izlo\u017ebu \u0161vicarskog slikara Velimira Ili\u0161evi\u0107a: Eschenstock \/ Jasenov prut. Izlo\u017eba se uz prisustvo autora otvara povodom 81. godi\u0161njice proboja logora\u0161a iz usta\u0161kog logora smrti Jasenovac 22. aprila 2026. u 19 sati u Srpskom kulturnom centru (SKC) u Preradovi\u0107evoj ulici 21 u Zagrebu.\u2026","rel":"","context":"U &quot;Izlo\u017ebe&quot;","block_context":{"text":"Izlo\u017ebe","link":"https:\/\/historiografija.hr\/?cat=10"},"img":{"alt_text":"","src":"https:\/\/i0.wp.com\/historiografija.hr\/wp-content\/uploads\/2026\/04\/Jasenov_prut.jpg?fit=1024%2C640&ssl=1&resize=350%2C200","width":350,"height":200,"srcset":"https:\/\/i0.wp.com\/historiografija.hr\/wp-content\/uploads\/2026\/04\/Jasenov_prut.jpg?fit=1024%2C640&ssl=1&resize=350%2C200 1x, https:\/\/i0.wp.com\/historiografija.hr\/wp-content\/uploads\/2026\/04\/Jasenov_prut.jpg?fit=1024%2C640&ssl=1&resize=525%2C300 1.5x, https:\/\/i0.wp.com\/historiografija.hr\/wp-content\/uploads\/2026\/04\/Jasenov_prut.jpg?fit=1024%2C640&ssl=1&resize=700%2C400 2x"},"classes":[]},{"id":52552,"url":"https:\/\/historiografija.hr\/?p=52552","url_meta":{"origin":3098,"position":5},"title":"Besplatni glazbeni antikvarijat","author":"Branimir Jankovi\u0107","date":"20. travnja 2026.","format":false,"excerpt":"Muzi\u010dka akademija Sveu\u010dili\u0161ta u Zagrebu 23. travnja 2026. od 10 do 17 sati Pozivamo Vas na Besplatni glazbeni antikvarijat, koji u sklopu manifestacije No\u0107 knjige 2026. organizira Hrvatska udruga muzi\u010dkih knji\u017enica, arhiva i dokumentacijskih centara (HUMKAD). Antikvarijat \u0107e se odr\u017eati na Svjetski dan knjige \u2013 u \u010detvrtak 23. travnja 2026.\u2026","rel":"","context":"U &quot;Novosti&quot;","block_context":{"text":"Novosti","link":"https:\/\/historiografija.hr\/?cat=3"},"img":{"alt_text":"","src":"https:\/\/i0.wp.com\/historiografija.hr\/wp-content\/uploads\/2026\/04\/Besplatni-glazbeni-antikvarijat-23.-4.-2026.jpg?fit=1200%2C848&ssl=1&resize=350%2C200","width":350,"height":200,"srcset":"https:\/\/i0.wp.com\/historiografija.hr\/wp-content\/uploads\/2026\/04\/Besplatni-glazbeni-antikvarijat-23.-4.-2026.jpg?fit=1200%2C848&ssl=1&resize=350%2C200 1x, https:\/\/i0.wp.com\/historiografija.hr\/wp-content\/uploads\/2026\/04\/Besplatni-glazbeni-antikvarijat-23.-4.-2026.jpg?fit=1200%2C848&ssl=1&resize=525%2C300 1.5x, https:\/\/i0.wp.com\/historiografija.hr\/wp-content\/uploads\/2026\/04\/Besplatni-glazbeni-antikvarijat-23.-4.-2026.jpg?fit=1200%2C848&ssl=1&resize=700%2C400 2x, https:\/\/i0.wp.com\/historiografija.hr\/wp-content\/uploads\/2026\/04\/Besplatni-glazbeni-antikvarijat-23.-4.-2026.jpg?fit=1200%2C848&ssl=1&resize=1050%2C600 3x"},"classes":[]}],"_links":{"self":[{"href":"https:\/\/historiografija.hr\/index.php?rest_route=\/wp\/v2\/posts\/3098","targetHints":{"allow":["GET"]}}],"collection":[{"href":"https:\/\/historiografija.hr\/index.php?rest_route=\/wp\/v2\/posts"}],"about":[{"href":"https:\/\/historiografija.hr\/index.php?rest_route=\/wp\/v2\/types\/post"}],"author":[{"embeddable":true,"href":"https:\/\/historiografija.hr\/index.php?rest_route=\/wp\/v2\/users\/2"}],"replies":[{"embeddable":true,"href":"https:\/\/historiografija.hr\/index.php?rest_route=%2Fwp%2Fv2%2Fcomments&post=3098"}],"version-history":[{"count":8,"href":"https:\/\/historiografija.hr\/index.php?rest_route=\/wp\/v2\/posts\/3098\/revisions"}],"predecessor-version":[{"id":3390,"href":"https:\/\/historiografija.hr\/index.php?rest_route=\/wp\/v2\/posts\/3098\/revisions\/3390"}],"wp:featuredmedia":[{"embeddable":true,"href":"https:\/\/historiografija.hr\/index.php?rest_route=\/wp\/v2\/media\/3099"}],"wp:attachment":[{"href":"https:\/\/historiografija.hr\/index.php?rest_route=%2Fwp%2Fv2%2Fmedia&parent=3098"}],"wp:term":[{"taxonomy":"category","embeddable":true,"href":"https:\/\/historiografija.hr\/index.php?rest_route=%2Fwp%2Fv2%2Fcategories&post=3098"},{"taxonomy":"post_tag","embeddable":true,"href":"https:\/\/historiografija.hr\/index.php?rest_route=%2Fwp%2Fv2%2Ftags&post=3098"}],"curies":[{"name":"wp","href":"https:\/\/api.w.org\/{rel}","templated":true}]}}