{"id":30974,"date":"2022-04-22T14:38:08","date_gmt":"2022-04-22T14:38:08","guid":{"rendered":"http:\/\/historiografija.hr\/?p=30974"},"modified":"2022-04-22T14:39:10","modified_gmt":"2022-04-22T14:39:10","slug":"otvorenje-izlozbe-hrvatsko-ukrajinski-odnosi-i-paralele-iz-vizure-filozofskog-fakultet-u-zagrebu","status":"publish","type":"post","link":"https:\/\/historiografija.hr\/?p=30974","title":{"rendered":"Otvorenje izlo\u017ebe \u201dHrvatsko-ukrajinski odnosi i paralele iz vizure Filozofskog fakulteta u Zagrebu\u201d"},"content":{"rendered":"\n<p>Filozofski fakultet Sveu\u010dili\u0161ta u Zagrebu ima \u010dast pozvati vas na sve\u010dano otvorenje izlo\u017ebe \u201d<strong>Hrvatsko-ukrajinski odnosi i paralele iz vizure Filozofskog fakulteta u Zagrebu<\/strong>\u201d u \u010detvrtak 28. travnja 2022. u 18 sati u auli Knji\u017enice Fakulteta.<\/p>\n\n\n\n<hr class=\"wp-block-separator\"\/>\n\n\n\n<p>Izvor:<\/p>\n\n\n\n<figure class=\"wp-block-embed-wordpress wp-block-embed is-type-wp-embed is-provider-filozofski-fakultet-sveucilista-u-zagrebu\"><div class=\"wp-block-embed__wrapper\">\n<blockquote class=\"wp-embedded-content\" data-secret=\"IosSCEZ9se\"><a href=\"https:\/\/web2020.ffzg.unizg.hr\/blog\/2022\/04\/22\/otvorenje-izlozbe-hrvatsko-ukrajinski-odnosi-i-paralele-iz-vizure-filozofskog-fakultet-u-zagrebu\/\">Otvorenje izlo\u017ebe &#8221;Hrvatsko-ukrajinski odnosi i paralele iz vizure Filozofskog fakultet u Zagrebu&#8221;<\/a><\/blockquote><iframe loading=\"lazy\" class=\"wp-embedded-content\" sandbox=\"allow-scripts\" security=\"restricted\" style=\"position: absolute; clip: rect(1px, 1px, 1px, 1px);\" title=\"&#8220;Otvorenje izlo\u017ebe &#8221;Hrvatsko-ukrajinski odnosi i paralele iz vizure Filozofskog fakultet u Zagrebu&#8221;&#8221; &#8212; Filozofski fakultet Sveu\u010dili\u0161ta u Zagrebu\" src=\"https:\/\/web2020.ffzg.unizg.hr\/blog\/2022\/04\/22\/otvorenje-izlozbe-hrvatsko-ukrajinski-odnosi-i-paralele-iz-vizure-filozofskog-fakultet-u-zagrebu\/embed\/#?secret=IosSCEZ9se\" data-secret=\"IosSCEZ9se\" width=\"600\" height=\"338\" frameborder=\"0\" marginwidth=\"0\" marginheight=\"0\" scrolling=\"no\"><\/iframe>\n<\/div><\/figure>\n\n\n\n<hr class=\"wp-block-separator\"\/>\n","protected":false},"excerpt":{"rendered":"","protected":false},"author":2,"featured_media":30975,"comment_status":"open","ping_status":"open","sticky":false,"template":"","format":"standard","meta":{"_acf_changed":false,"jetpack_post_was_ever_published":false,"_jetpack_newsletter_access":"","_jetpack_dont_email_post_to_subs":false,"_jetpack_newsletter_tier_id":0,"_jetpack_memberships_contains_paywalled_content":false,"_jetpack_memberships_contains_paid_content":false,"footnotes":"","jetpack_publicize_message":"","jetpack_publicize_feature_enabled":true,"jetpack_social_post_already_shared":true,"jetpack_social_options":{"image_generator_settings":{"template":"highway","default_image_id":0,"font":"","enabled":false},"version":2}},"categories":[10,3],"tags":[],"class_list":["post-30974","post","type-post","status-publish","format-standard","has-post-thumbnail","hentry","category-izlozbe","category-novosti"],"acf":{"facebook_opis":""},"jetpack_publicize_connections":[],"jetpack_featured_media_url":"https:\/\/i0.wp.com\/historiografija.hr\/wp-content\/uploads\/2022\/04\/otvorenje-izlozbe.jpg?fit=800%2C381&ssl=1","jetpack_sharing_enabled":true,"jetpack-related-posts":[],"_links":{"self":[{"href":"https:\/\/historiografija.hr\/index.php?rest_route=\/wp\/v2\/posts\/30974","targetHints":{"allow":["GET"]}}],"collection":[{"href":"https:\/\/historiografija.hr\/index.php?rest_route=\/wp\/v2\/posts"}],"about":[{"href":"https:\/\/historiografija.hr\/index.php?rest_route=\/wp\/v2\/types\/post"}],"author":[{"embeddable":true,"href":"https:\/\/historiografija.hr\/index.php?rest_route=\/wp\/v2\/users\/2"}],"replies":[{"embeddable":true,"href":"https:\/\/historiografija.hr\/index.php?rest_route=%2Fwp%2Fv2%2Fcomments&post=30974"}],"version-history":[{"count":2,"href":"https:\/\/historiografija.hr\/index.php?rest_route=\/wp\/v2\/posts\/30974\/revisions"}],"predecessor-version":[{"id":30977,"href":"https:\/\/historiografija.hr\/index.php?rest_route=\/wp\/v2\/posts\/30974\/revisions\/30977"}],"wp:featuredmedia":[{"embeddable":true,"href":"https:\/\/historiografija.hr\/index.php?rest_route=\/wp\/v2\/media\/30975"}],"wp:attachment":[{"href":"https:\/\/historiografija.hr\/index.php?rest_route=%2Fwp%2Fv2%2Fmedia&parent=30974"}],"wp:term":[{"taxonomy":"category","embeddable":true,"href":"https:\/\/historiografija.hr\/index.php?rest_route=%2Fwp%2Fv2%2Fcategories&post=30974"},{"taxonomy":"post_tag","embeddable":true,"href":"https:\/\/historiografija.hr\/index.php?rest_route=%2Fwp%2Fv2%2Ftags&post=30974"}],"curies":[{"name":"wp","href":"https:\/\/api.w.org\/{rel}","templated":true}]}}