{"id":30965,"date":"2022-04-20T18:33:55","date_gmt":"2022-04-20T18:33:55","guid":{"rendered":"http:\/\/historiografija.hr\/?p=30965"},"modified":"2022-04-20T18:34:16","modified_gmt":"2022-04-20T18:34:16","slug":"call-for-applications-for-the-in-between-summer-school","status":"publish","type":"post","link":"https:\/\/historiografija.hr\/?p=30965","title":{"rendered":"Call for Applications for the &#8220;In Between?&#8221; Summer School"},"content":{"rendered":"\n<p>Study Visits to the European Borderlands and Professional Podcast Making \u2013 the ENRS Announces a Call for Applications for the &#8216;In Between?&#8217; Summer School<\/p>\n\n\n\n<p><strong>The borderlands of contemporary Europe share a unique culture of memory, shaped by the turbulent history of the 20th century: its wars, geopolitical changes and mass migrations. It is in such regions that the European Remembrance and Solidarity Network organises, for the eighth time, the &#8216;In Between? Searching for Local Histories in Borderlands of Europe&#8217; summer school. We invite students of the arts and humanities from all over Europe to participate in the project. This year the participants of &#8216;In Between?&#8217; will meet in Warsaw and subsequently set off on study visits to Alsace, Friuli Venezia Giulia or Cieszyn Silesia, where they will interview members of the local communities and produce a series of podcasts. Applications can be submitted up until 24 April 2022.<\/strong><\/p>\n\n\n\n<p>This year\u2019s edition will take place from 6 to 16 July 2022 and will start with a three days of training in Warsaw. The programme will consist of lectures in anthropology and oral history, along with workshops on podcast creation and production. After the workshop, participants will be split into three groups and each will travel to one of the German-French, Slovenian-Italian or Czech-Polish borderland regions. During the week-long study trips, the groups will gather knowledge of the history and unique characteristics of the visited regions, taking part in tours, meeting local experts and interviewing inhabitants. The students will present the results of their research in the form of podcasts (results from the 2021 edition are available on the ENRS website: <a href=\"https:\/\/enrs.eu\/edition\/in-between-2021\" target=\"_blank\" rel=\"noreferrer noopener\">enrs.eu\/edition\/in-between-2021<\/a>).<\/p>\n\n\n\n<p>We welcome applications from students of the arts and humanities, such as anthropology, ethnography, journalism, history, cultural studies, sociology and the like. Applicants are requested to fill in the <a href=\"https:\/\/inbetweenrecruitment.enrs.eu\/\" target=\"_blank\" rel=\"noreferrer noopener\">application form<\/a>. A good command of English is a must and knowledge of one of the languages of the selected regions will be an advantage. The deadline for applications is 24 April 2022. Workshops, accommodation and transport to the study visits\u2019 destinations are free of charge; the participants will have to cover only the travel to Warsaw and their return home.<\/p>\n\n\n\n<p>Each team will gather materials documenting personal experiences of the inhabitants of the multi-ethnic borderlands and create a short artistic podcast, which depicts the atmosphere and history of the region with the help of sound. The 2022 edition marks the start of a three-year long programme by the ENRS dedicated to migration in Europe. The interviews will become an integral part of an educational package that is planned for 2025. The podcasts will be shared in the ENRS\u2019s multimedia library and on the streaming platforms Spotify and Simplecast.<\/p>\n\n\n\n<p>&#8216;In Between? Searching for Local Histories in Borderlands of Europe&#8217; took place for the first time in 2016. Since then, the project has been repeated every year, each time in a different part of Europe. In 2018 &#8216;In Between?&#8217; received a special mention by the organisation Europa Nostra. You can find more information about previous editions at <a rel=\"noreferrer noopener\" href=\"https:\/\/enrs.eu\/inbetween\" target=\"_blank\">enrs.eu\/inbetween<\/a>.<\/p>\n\n\n\n<hr class=\"wp-block-separator\"\/>\n\n\n\n<p><a href=\"https:\/\/enrs.eu\/news\/call-for-applications-for-the-summer-school-in-between\">https:\/\/enrs.eu\/news\/call-for-applications-for-the-summer-school-in-between<\/a><\/p>\n\n\n\n<p><a href=\"https:\/\/enrs.eu\/edition\/inbetween2022\">https:\/\/enrs.eu\/edition\/inbetween2022<\/a><\/p>\n\n\n\n<hr class=\"wp-block-separator\"\/>\n","protected":false},"excerpt":{"rendered":"","protected":false},"author":2,"featured_media":30966,"comment_status":"open","ping_status":"open","sticky":false,"template":"","format":"standard","meta":{"_acf_changed":false,"_jetpack_newsletter_access":"","_jetpack_dont_email_post_to_subs":false,"_jetpack_newsletter_tier_id":0,"_jetpack_memberships_contains_paywalled_content":false,"_jetpack_memberships_contains_paid_content":false,"footnotes":"","jetpack_publicize_message":"","jetpack_publicize_feature_enabled":true,"jetpack_social_post_already_shared":true,"jetpack_social_options":{"image_generator_settings":{"template":"highway","default_image_id":0,"font":"","enabled":false},"version":2},"jetpack_post_was_ever_published":false},"categories":[3,9],"tags":[],"class_list":["post-30965","post","type-post","status-publish","format-standard","has-post-thumbnail","hentry","category-novosti","category-skupovi"],"acf":{"facebook_opis":""},"jetpack_publicize_connections":[],"jetpack_featured_media_url":"https:\/\/i0.wp.com\/historiografija.hr\/wp-content\/uploads\/2022\/04\/in-between-2022.png?fit=1200%2C640&ssl=1","jetpack_sharing_enabled":true,"jetpack-related-posts":[{"id":54276,"url":"https:\/\/historiografija.hr\/?p=54276","url_meta":{"origin":30965,"position":0},"title":"Rok Stergar, Vaclav Smidrkal (eds), &#8220;Nourishing Victory: Food Shortages and Post-Imperial Transition in the Bohemian Lands and Slovenia&#8221;","author":"Branimir Jankovi\u0107","date":"23. lipnja 2026.","format":false,"excerpt":"The aggravating food shortage was the central internal crisis in Habsburg Austria during the First World War and posed a major challenge to the consolidation of the successor states. Nourishing Victory offers a fresh comparative perspective on food and the collapse and rebuilding of political legitimacy from the regional vantage\u2026","rel":"","context":"U &quot;Knjige&quot;","block_context":{"text":"Knjige","link":"https:\/\/historiografija.hr\/?cat=8"},"img":{"alt_text":"","src":"https:\/\/i0.wp.com\/historiografija.hr\/wp-content\/uploads\/2026\/06\/Victory-book.jpg?fit=1200%2C652&ssl=1&resize=350%2C200","width":350,"height":200,"srcset":"https:\/\/i0.wp.com\/historiografija.hr\/wp-content\/uploads\/2026\/06\/Victory-book.jpg?fit=1200%2C652&ssl=1&resize=350%2C200 1x, https:\/\/i0.wp.com\/historiografija.hr\/wp-content\/uploads\/2026\/06\/Victory-book.jpg?fit=1200%2C652&ssl=1&resize=525%2C300 1.5x, https:\/\/i0.wp.com\/historiografija.hr\/wp-content\/uploads\/2026\/06\/Victory-book.jpg?fit=1200%2C652&ssl=1&resize=700%2C400 2x, https:\/\/i0.wp.com\/historiografija.hr\/wp-content\/uploads\/2026\/06\/Victory-book.jpg?fit=1200%2C652&ssl=1&resize=1050%2C600 3x"},"classes":[]},{"id":52837,"url":"https:\/\/historiografija.hr\/?p=52837","url_meta":{"origin":30965,"position":1},"title":"&#8220;European Culture(s) of Remembrance: Greece in Focus&#8221;, Thessaloniki (Solun), 3\u20139 October 2026","author":"Filip \u0160imunjak","date":"8. svibnja 2026.","format":false,"excerpt":"The call for participants for the fourth seminar of the \"European Culture(s) of Remembrance\" project is now open. The seminar will be held in Thessaloniki from 3 to 9 October 2026. The seminar will bring together 20 European multipliers in history teaching or historical civic education to explore Greek culture(s)\u2026","rel":"","context":"U &quot;Novosti&quot;","block_context":{"text":"Novosti","link":"https:\/\/historiografija.hr\/?cat=3"},"img":{"alt_text":"","src":"https:\/\/i0.wp.com\/historiografija.hr\/wp-content\/uploads\/2026\/05\/European-cultures-of-remembrance.jpg?fit=1200%2C848&ssl=1&resize=350%2C200","width":350,"height":200,"srcset":"https:\/\/i0.wp.com\/historiografija.hr\/wp-content\/uploads\/2026\/05\/European-cultures-of-remembrance.jpg?fit=1200%2C848&ssl=1&resize=350%2C200 1x, https:\/\/i0.wp.com\/historiografija.hr\/wp-content\/uploads\/2026\/05\/European-cultures-of-remembrance.jpg?fit=1200%2C848&ssl=1&resize=525%2C300 1.5x, https:\/\/i0.wp.com\/historiografija.hr\/wp-content\/uploads\/2026\/05\/European-cultures-of-remembrance.jpg?fit=1200%2C848&ssl=1&resize=700%2C400 2x, https:\/\/i0.wp.com\/historiografija.hr\/wp-content\/uploads\/2026\/05\/European-cultures-of-remembrance.jpg?fit=1200%2C848&ssl=1&resize=1050%2C600 3x"},"classes":[]},{"id":52834,"url":"https:\/\/historiografija.hr\/?p=52834","url_meta":{"origin":30965,"position":2},"title":"&#8220;Spatial Worlds of Medieval Central Europe: Real, Imagined, and Conceptual&#8221;, Budapest, 19\u201321 May 2027","author":"Filip \u0160imunjak","date":"6. svibnja 2026.","format":false,"excerpt":"Following successful conferences in Budapest (2014), Olomouc (2016), Zagreb (2018), Gda\u0144sk (2021), Bratislava (2023), and Munich (2025), the Seventh Biennial Conference of MECERN (http:\/\/mecern.eu\/) will focus on spatial worlds in medieval history, especially in Central Europe. The concepts of space, place, and the environment are central to our understanding of\u2026","rel":"","context":"U &quot;Novosti&quot;","block_context":{"text":"Novosti","link":"https:\/\/historiografija.hr\/?cat=3"},"img":{"alt_text":"","src":"https:\/\/i0.wp.com\/historiografija.hr\/wp-content\/uploads\/2026\/05\/Mecern-Logo.jpg?fit=450%2C270&ssl=1&resize=350%2C200","width":350,"height":200},"classes":[]},{"id":54541,"url":"https:\/\/historiografija.hr\/?p=54541","url_meta":{"origin":30965,"position":3},"title":"(CAPONEU) Summer School in Critical Theory and Praxis: Literature and Society","author":"Branimir Jankovi\u0107","date":"9. srpnja 2026.","format":false,"excerpt":"Ljetna \u0161kola\u00a0Summer School in Critical Theory and Praxis: Literature and Society odr\u017eava se od\u00a05. do 12. srpnja 2026.\u00a0u\u00a0Pala\u010di Moise u Cresu. Program organizira\u00a0Centar za teorijska istra\u017eivanja u humanistici (CTIH)\u00a0u okviru projekta\u00a0The Cartography of Political Novel in Europe (CAPONEU). Rije\u010d je o sedmodnevnom intenzivnom programu koji okuplja znanstvenike, studente, umjetnike, nastavnike,\u2026","rel":"","context":"U &quot;Novosti&quot;","block_context":{"text":"Novosti","link":"https:\/\/historiografija.hr\/?cat=3"},"img":{"alt_text":"","src":"https:\/\/i0.wp.com\/historiografija.hr\/wp-content\/uploads\/2026\/03\/Cres.png?fit=712%2C1004&ssl=1&resize=350%2C200","width":350,"height":200,"srcset":"https:\/\/i0.wp.com\/historiografija.hr\/wp-content\/uploads\/2026\/03\/Cres.png?fit=712%2C1004&ssl=1&resize=350%2C200 1x, https:\/\/i0.wp.com\/historiografija.hr\/wp-content\/uploads\/2026\/03\/Cres.png?fit=712%2C1004&ssl=1&resize=525%2C300 1.5x, https:\/\/i0.wp.com\/historiografija.hr\/wp-content\/uploads\/2026\/03\/Cres.png?fit=712%2C1004&ssl=1&resize=700%2C400 2x"},"classes":[]},{"id":52625,"url":"https:\/\/historiografija.hr\/?p=52625","url_meta":{"origin":30965,"position":4},"title":"Omer Bartov, \u201eIsrael: What Went Wrong?\u201c","author":"Branimir Jankovi\u0107","date":"23. travnja 2026.","format":false,"excerpt":"Professor Omer Bartov was born on a kibbutz, grew up in Tel Aviv and served in the Israel Defence Forces during the Yom Kippur War. He went on to become an expert on the German army and the Holocaust, before turning his attention to his native country.In Israel: What Went\u2026","rel":"","context":"U &quot;Knjige&quot;","block_context":{"text":"Knjige","link":"https:\/\/historiografija.hr\/?cat=8"},"img":{"alt_text":"","src":"https:\/\/i0.wp.com\/historiografija.hr\/wp-content\/uploads\/2026\/04\/Bartov.jpeg?fit=320%2C500&ssl=1&resize=350%2C200","width":350,"height":200},"classes":[]},{"id":51908,"url":"https:\/\/historiografija.hr\/?p=51908","url_meta":{"origin":30965,"position":5},"title":"(CAPONEU) Poziv za prijavu: Summer School in Critical Theory and Praxis: Literature and Society","author":"Branimir Jankovi\u0107","date":"14. o\u017eujka 2026.","format":false,"excerpt":"Pozivamo vas na ljetnu \u0161kolu\u00a0Summer School in Critical Theory and Praxis: Literature and Society, koja \u0107e se odr\u017eati od\u00a05. do 12. srpnja 2026.\u00a0u\u00a0Pala\u010di Moise u Cresu. Program organizira\u00a0Centar za teorijska istra\u017eivanja u humanistici (CTIH)\u00a0u okviru projekta\u00a0The Cartography of Political Novel in Europe (CAPONEU). Rije\u010d je o sedmodnevnom intenzivnom programu koji\u2026","rel":"","context":"U &quot;Novosti&quot;","block_context":{"text":"Novosti","link":"https:\/\/historiografija.hr\/?cat=3"},"img":{"alt_text":"","src":"https:\/\/i0.wp.com\/historiografija.hr\/wp-content\/uploads\/2026\/03\/Cres.png?fit=712%2C1004&ssl=1&resize=350%2C200","width":350,"height":200,"srcset":"https:\/\/i0.wp.com\/historiografija.hr\/wp-content\/uploads\/2026\/03\/Cres.png?fit=712%2C1004&ssl=1&resize=350%2C200 1x, https:\/\/i0.wp.com\/historiografija.hr\/wp-content\/uploads\/2026\/03\/Cres.png?fit=712%2C1004&ssl=1&resize=525%2C300 1.5x, https:\/\/i0.wp.com\/historiografija.hr\/wp-content\/uploads\/2026\/03\/Cres.png?fit=712%2C1004&ssl=1&resize=700%2C400 2x"},"classes":[]}],"_links":{"self":[{"href":"https:\/\/historiografija.hr\/index.php?rest_route=\/wp\/v2\/posts\/30965","targetHints":{"allow":["GET"]}}],"collection":[{"href":"https:\/\/historiografija.hr\/index.php?rest_route=\/wp\/v2\/posts"}],"about":[{"href":"https:\/\/historiografija.hr\/index.php?rest_route=\/wp\/v2\/types\/post"}],"author":[{"embeddable":true,"href":"https:\/\/historiografija.hr\/index.php?rest_route=\/wp\/v2\/users\/2"}],"replies":[{"embeddable":true,"href":"https:\/\/historiografija.hr\/index.php?rest_route=%2Fwp%2Fv2%2Fcomments&post=30965"}],"version-history":[{"count":2,"href":"https:\/\/historiografija.hr\/index.php?rest_route=\/wp\/v2\/posts\/30965\/revisions"}],"predecessor-version":[{"id":30968,"href":"https:\/\/historiografija.hr\/index.php?rest_route=\/wp\/v2\/posts\/30965\/revisions\/30968"}],"wp:featuredmedia":[{"embeddable":true,"href":"https:\/\/historiografija.hr\/index.php?rest_route=\/wp\/v2\/media\/30966"}],"wp:attachment":[{"href":"https:\/\/historiografija.hr\/index.php?rest_route=%2Fwp%2Fv2%2Fmedia&parent=30965"}],"wp:term":[{"taxonomy":"category","embeddable":true,"href":"https:\/\/historiografija.hr\/index.php?rest_route=%2Fwp%2Fv2%2Fcategories&post=30965"},{"taxonomy":"post_tag","embeddable":true,"href":"https:\/\/historiografija.hr\/index.php?rest_route=%2Fwp%2Fv2%2Ftags&post=30965"}],"curies":[{"name":"wp","href":"https:\/\/api.w.org\/{rel}","templated":true}]}}