{"id":30963,"date":"2022-04-20T18:24:37","date_gmt":"2022-04-20T18:24:37","guid":{"rendered":"http:\/\/historiografija.hr\/?p=30963"},"modified":"2022-04-20T18:24:37","modified_gmt":"2022-04-20T18:24:37","slug":"webinar-holokaust-i-stradanja-u-kulturnom-stvaralastvu","status":"publish","type":"post","link":"https:\/\/historiografija.hr\/?p=30963","title":{"rendered":"Webinar &#8216;Holokaust i stradanja u kulturnom stvarala\u0161tvu&#8217;"},"content":{"rendered":"\n<p>Tematski seminar &#8216;Holokaust i stradanja u kulturnom stvarala\u0161tvu&#8217;, u organizaciji Centra za promicanje tolerancije i o\u010duvanje sje\u0107anja na holokaust, realizirat \u0107e se kao jednodnevni online seminar 27. travnja, s po\u010detkom u 8,30 sati. Prijave su u tijeku!<\/p>\n\n\n\n<hr class=\"wp-block-separator\"\/>\n\n\n\n<p><br>Centar za promicanje tolerancije i o\u010duvanje sje\u0107anja na holokaust iz Zagreba kontinuirano, od 2020. godine s uspjehom realizira edukacijski webinar &#8216;Antisemitizam, holokaust, stradanja: Pro\u0161lost u sada\u0161njosti&#8217;, a koji se provodi kroz tri tematske cjeline. Program se realizira uz podr\u0161ku i suglasnost Agencije za odgoj i obrazovanje.<br>\u00a0<br>Cilj je sustavno se baviti sje\u0107anjem na holokaust i educirati ciljane dru\u0161tvene skupine o njegovom sadr\u017eaju, zna\u010denju i povijesnom kontekstu, dru\u0161tvenom sadr\u017eaju i porukama koje nosi za sve generacije suvremenog \u010dovje\u010danstva.<br>\u00a0<br>Webinar se realizira kroz pet tematskih cjelina pojedinih podru\u010dja stvarala\u0161tva kulture i umjetnosti. Kroz izlaganja i prezentacije, ilustracijske primjere, foto i filmsku arhivu koju \u0107e prezentirati istaknuti stru\u010dnjaci, tematizirat \u0107e se holokaust i stradanja u dokumentarnim filmovima i propagandi, u djelovanju Hrvatskog narodnog kazali\u0161ta za vrijeme NDH, pristup holokaustu u svjetskoj knji\u017eevnosti, likovnom i vizualnom stvarala\u0161tvu te u recentnoj glazbi 20. stolje\u0107a (program u prilo\u017eenom).<br>\u00a0<br>Webinar je namijenjen u\u010diteljima, nastavnicima i profesorima osnovnih i srednjih \u0161kola razli\u010ditih stru\u010dnih predmeta, studentima i profesorima akademija i fakulteta Sveu\u010dili\u0161ta u Zagrebu, zainteresiranih fakulteta i u\u010dili\u0161ta u RH, te zainteresiranim novinarima, urednicima i komentatorima u hrvatskim medijima.<br>\u00a0<br>Potrebno je prijaviti se na link za prethodnu registraciju polaznika na kojem je do sada prijavljeno nekoliko stotina sudionika: <a href=\"https:\/\/us06web.zoom.us\/webinar\/register\/WN_Io0GuFoKRmCg2BRmwrIhlA\">https:\/\/us06web.zoom.us\/webinar\/register\/WN_Io0GuFoKRmCg2BRmwrIhlA<\/a>.<br><br><a href=\"https:\/\/centartolerancije.hr\/dogadanja-i-projekti\/\">Doga\u0111anja i projekti \u2013 Centar za promicanje tolerancije i o\u010duvanje sje\u0107anja na holokaust (centartolerancije.hr)<\/a><br><br>\u00a0<a rel=\"noreferrer noopener\" href=\"https:\/\/www.facebook.com\/CentarZaPromicanjeTolerancije\/\" target=\"_blank\">https:\/\/www.facebook.com\/CentarZaPromicanjeTolerancije\/<\/a><\/p>\n\n\n\n<hr class=\"wp-block-separator\"\/>\n\n\n\n<p>Izvor:<\/p>\n\n\n\n<p><a href=\"https:\/\/www.culturenet.hr\/hr\/webinar-holokaust-i-stradanja-u-kulturnom-stvaralastvu\/179141\">https:\/\/www.culturenet.hr\/hr\/webinar-holokaust-i-stradanja-u-kulturnom-stvaralastvu\/179141<\/a><\/p>\n\n\n\n<hr class=\"wp-block-separator\"\/>\n","protected":false},"excerpt":{"rendered":"","protected":false},"author":2,"featured_media":11372,"comment_status":"open","ping_status":"open","sticky":false,"template":"","format":"standard","meta":{"_acf_changed":false,"jetpack_post_was_ever_published":false,"_jetpack_newsletter_access":"","_jetpack_dont_email_post_to_subs":false,"_jetpack_newsletter_tier_id":0,"_jetpack_memberships_contains_paywalled_content":false,"_jetpack_memberships_contains_paid_content":false,"footnotes":"","jetpack_publicize_message":"","jetpack_publicize_feature_enabled":true,"jetpack_social_post_already_shared":true,"jetpack_social_options":{"image_generator_settings":{"template":"highway","default_image_id":0,"font":"","enabled":false},"version":2}},"categories":[3,9],"tags":[],"class_list":["post-30963","post","type-post","status-publish","format-standard","has-post-thumbnail","hentry","category-novosti","category-skupovi"],"acf":{"facebook_opis":""},"jetpack_publicize_connections":[],"jetpack_featured_media_url":"https:\/\/i0.wp.com\/historiografija.hr\/wp-content\/uploads\/2018\/09\/Centar-tolerancije.jpg?fit=437%2C362&ssl=1","jetpack_sharing_enabled":true,"jetpack-related-posts":[],"_links":{"self":[{"href":"https:\/\/historiografija.hr\/index.php?rest_route=\/wp\/v2\/posts\/30963","targetHints":{"allow":["GET"]}}],"collection":[{"href":"https:\/\/historiografija.hr\/index.php?rest_route=\/wp\/v2\/posts"}],"about":[{"href":"https:\/\/historiografija.hr\/index.php?rest_route=\/wp\/v2\/types\/post"}],"author":[{"embeddable":true,"href":"https:\/\/historiografija.hr\/index.php?rest_route=\/wp\/v2\/users\/2"}],"replies":[{"embeddable":true,"href":"https:\/\/historiografija.hr\/index.php?rest_route=%2Fwp%2Fv2%2Fcomments&post=30963"}],"version-history":[{"count":1,"href":"https:\/\/historiografija.hr\/index.php?rest_route=\/wp\/v2\/posts\/30963\/revisions"}],"predecessor-version":[{"id":30964,"href":"https:\/\/historiografija.hr\/index.php?rest_route=\/wp\/v2\/posts\/30963\/revisions\/30964"}],"wp:featuredmedia":[{"embeddable":true,"href":"https:\/\/historiografija.hr\/index.php?rest_route=\/wp\/v2\/media\/11372"}],"wp:attachment":[{"href":"https:\/\/historiografija.hr\/index.php?rest_route=%2Fwp%2Fv2%2Fmedia&parent=30963"}],"wp:term":[{"taxonomy":"category","embeddable":true,"href":"https:\/\/historiografija.hr\/index.php?rest_route=%2Fwp%2Fv2%2Fcategories&post=30963"},{"taxonomy":"post_tag","embeddable":true,"href":"https:\/\/historiografija.hr\/index.php?rest_route=%2Fwp%2Fv2%2Ftags&post=30963"}],"curies":[{"name":"wp","href":"https:\/\/api.w.org\/{rel}","templated":true}]}}