{"id":30960,"date":"2022-04-20T18:16:41","date_gmt":"2022-04-20T18:16:41","guid":{"rendered":"http:\/\/historiografija.hr\/?p=30960"},"modified":"2022-04-20T18:16:41","modified_gmt":"2022-04-20T18:16:41","slug":"regionalna-naucna-konferencija-holokaust-i-teologija-shoahlab","status":"publish","type":"post","link":"https:\/\/historiografija.hr\/?p=30960","title":{"rendered":"Regionalna nau\u010dna konferencija \u201eHolokaust i teologija\u201c (Shoahlab)"},"content":{"rendered":"\n<p><strong>Regionalna nau\u010dna konferencija <\/strong><em><strong>Holokaust i teologija<\/strong><\/em><br><strong>21. april 2022. godine, 10 \u2013 17:15h, online<\/strong><\/p>\n\n\n\n<hr class=\"wp-block-separator\"\/>\n\n\n\n<p>U organizaciji Filozofskog fakulteta Univerziteta u Banjoj Luci i Laboratorije za izu\u010davanje Holokausta Instituta za filozofiju i dru\u0161tvenu teoriju Univerzitetu u Beogradu, 21. aprila 2022. godine, sa po\u010detkom u 10 sati, odr\u017ea\u0107e se jednodnevna online konferencija <em>Holokaust i teologija<\/em>.<\/p>\n\n\n\n<p>Namera organizatora Konferencije je da na jednom mestu okupi i suo\u010di predstavnike razli\u010ditih pristupa i elaboracija, koji su se odvijali i odvijaju se na ovom govornom podru\u010dju i koji reflektuju uticaj koji je Holokaust imao na religijske doktrine \u2013 ili njegov izostanak. Bogoslovske i sekularne interpretacije i provokacije koju je Holokaust uputio teolo\u0161koj misli poku\u0161a\u0107e da rekonstrui\u0161u tipske reakcije verskih zajednica, eventualne promene u njihovim ortopraktikama, ali i elemente koji afirmi\u0161u, opovrgavaju ili modifikuju eti\u010dka u\u010denja, eshatolo\u0161ke perspektive ili dru\u0161tvene dimenzije ortodoksija. Neka od pitanja koja \u0107emo na ovoj konferenciji otvoriti su: pitanje tremenduma i\/kao Holokausta; koje tragove Holokausta (ne)pronalazimo u savremenim bogoslovskim teorijama?; kakvo je teolo\u0161ko nasle\u0111e Holokausta?; kakve o\u017eiljke Holokausta (ne) prepoznajemo u savremenim dru\u0161tvenim kretanjima?; i kakva je budu\u0107nost religija sa Holokaustom u zale\u0111u?<\/p>\n\n\n\n<p>Svojim izlaganjima na Konferenciji \u0107e u\u010destvovati Mark Losoncz (IFDT), Oliver Juri\u0161i\u0107 (Katoli\u010dki bogoslovni fakultet u Sarajevu), Oleg Soldat (FF, Univerzitet u Banjoj Luci), Stojana Valan (K\u0160C \u201cBla\u017eeni Ivan Merc\u201d, Banja Luka), Dragana Stojanovi\u0107 i Danica Igrutinovi\u0107 (Fakultet za medije i komunikacije, Univerzitet Singidunum, Beograd), Sa\u0161a Laketa (FF, Univerzitet u Banjoj Luci), Vladimir Cvetkovi\u0107 (IFDT), Zorica Kuburi\u0107 (Filozofski fakultet, Univerzitet u Novom Sadu) i Muhamed Velagi\u0107 (Internacionalni univerzitet u Sarajevu).<\/p>\n\n\n\n<p><strong>Program<\/strong><\/p>\n\n\n\n<p>10 \u2013 10:15h Otvaranje konferencije i pozdravni govor dekana Filozofskog fakulteta Univerziteta u Banjoj Luci prof. dr Sr\u0111ana Du\u0161ani\u0107a<\/p>\n\n\n\n<p>Moderator: Sa\u0161a Laketa, Filozofski fakultet Univerziteta u Banjoj Luci<br>10:15 \u2013 10:50h Dragana Stojanovi\u0107 i Danica Igrutinovi\u0107, Fakultet za medije i komunikacije, Univerzitet Singidunum, Beograd \u2013 <em>Postholokaustovska \u010ditanja u jevrejskoj i hri\u0161\u0107anskoj misli<\/em><br>10:50 \u2013 11:25h Stojana Valan, K\u0160C \u201cBla\u017eeni Ivan Merc\u201d, Banja Luka \u2013 <em>Biblijski diskurs u filozofiji Emanuela Levinasa<\/em><br>11:25 \u2013 12:00h Oliver Juri\u0161i\u0107, Katoli\u010dki bogoslovni fakultet u Sarajevu \u2013 <em>Holokaust i nonsematski jezik: ideologizacija teolo\u0161kog jezika<\/em><\/p>\n\n\n\n<p>12:00 \u2013 12:15h Pauza<\/p>\n\n\n\n<p>Moderatorka: Vera Mevorah, Institut za filozofiju i dru\u0161tvenu teoriju Univerziteta u Beogradu<br>12:15 \u2013 12:50h Zorica Kuburi\u0107, Filozofski fakultet, Univerzitet u Novom Sadu \u2013<em> Teologija netolerancije i Holokaust \u2013 Od izabranog pojedinca do izabranog naroda<\/em><br>12:50 \u2013 13:25h Oleg Soldat, Filozofski fakultet, Univerzitet u Banjoj Luci \u2013 <em>Kada je teologija ordo occidendi? Holokaust i ikonolomstvo<\/em><br>13:25 \u2013 14:00h Vladimir Cvetkovi\u0107, Institut za filozofiju i dru\u0161tvenu teoriju Univerziteta u Beogradu \u2013 <em>Holokaust, srpsko bogoslovlje i istorijski revizionizam<\/em><\/p>\n\n\n\n<p>14:00 \u2013 15:00h Pauza<\/p>\n\n\n\n<p>Moderatorka: Dragana Stojanovi\u0107, Fakultet za medije i komunikacije, Univerzitet Singidunum<br>15:00 \u2013 15:35 Mark Losoncz, Institut za filozofiju i dru\u0161tvenu teoriju Univerziteta u Beogradu \u2013 <em>Holokaust i katarza psihodeli\u010dkog iskustva<\/em><br>15:35 \u2013 16:10h Sa\u0161a Laketa, Filozofski fakultet, Univerzitet u Banjoj Luci \u2013 <em>O Bogu koji je bio prisutan<\/em><br>16:10 \u2013 16:45h Muhamed Velagi\u0107, TPO Fondacija Sarajevo \u2013 <em>Budu\u0107nost religije sa Holokaustom u zale\u0111u \u2013 Lekcije koje ne smiju biti zaboravljene<\/em><\/p>\n\n\n\n<p>16:45 \u2013 17:15h Zatvaranje konferencije<\/p>\n\n\n\n<p><strong>Organizatori konferencije:<\/strong><\/p>\n\n\n\n<p>Predrag Krsti\u0107, Institut za filozofiju i dru\u0161tvenu teoriju Univerziteta u Beogradu<br>\u017deljko \u0160ari\u0107, Filozofski fakultet Univerziteta u Banjoj Luci<br>Vera Mevorah, Institut za filozofiju i dru\u0161tvenu teoriju Univerziteta u Beogradu<\/p>\n\n\n\n<p>ZOOM link<\/p>\n\n\n\n<hr class=\"wp-block-separator\"\/>\n\n\n\n<p>Izvor:<\/p>\n\n\n\n<figure class=\"wp-block-embed-wordpress wp-block-embed is-type-wp-embed is-provider-institut-za-filozofiju-i-drustvenu-teoriju\"><div class=\"wp-block-embed__wrapper\">\n<blockquote class=\"wp-embedded-content\" data-secret=\"uMJ4dXrBDl\"><a href=\"https:\/\/ifdt.bg.ac.rs\/index.php\/events\/regionalna-naucna-konferencija-holokaust-i-teologija\/\">Regionalna nau\u010dna konferencija \u201eHolokaust i teologija\u201c (Shoahlab)<\/a><\/blockquote><iframe loading=\"lazy\" class=\"wp-embedded-content\" sandbox=\"allow-scripts\" security=\"restricted\" style=\"position: absolute; clip: rect(1px, 1px, 1px, 1px);\" title=\"&#132;Regionalna nau\u010dna konferencija \u201eHolokaust i teologija\u201c (Shoahlab)&#147; \u2014 INSTITUT ZA FILOZOFIJU I DRU\u0160TVENU TEORIJU\" src=\"https:\/\/ifdt.bg.ac.rs\/index.php\/events\/regionalna-naucna-konferencija-holokaust-i-teologija\/embed\/#?secret=Ow8Ya1lZC0#?secret=uMJ4dXrBDl\" data-secret=\"uMJ4dXrBDl\" width=\"600\" height=\"338\" frameborder=\"0\" marginwidth=\"0\" marginheight=\"0\" scrolling=\"no\"><\/iframe>\n<\/div><\/figure>\n\n\n\n<hr class=\"wp-block-separator\"\/>\n","protected":false},"excerpt":{"rendered":"","protected":false},"author":2,"featured_media":30961,"comment_status":"open","ping_status":"open","sticky":false,"template":"","format":"standard","meta":{"_acf_changed":false,"jetpack_post_was_ever_published":false,"_jetpack_newsletter_access":"","_jetpack_dont_email_post_to_subs":false,"_jetpack_newsletter_tier_id":0,"_jetpack_memberships_contains_paywalled_content":false,"_jetpack_memberships_contains_paid_content":false,"footnotes":"","jetpack_publicize_message":"","jetpack_publicize_feature_enabled":true,"jetpack_social_post_already_shared":true,"jetpack_social_options":{"image_generator_settings":{"template":"highway","default_image_id":0,"font":"","enabled":false},"version":2}},"categories":[3,9],"tags":[],"class_list":["post-30960","post","type-post","status-publish","format-standard","has-post-thumbnail","hentry","category-novosti","category-skupovi"],"acf":{"facebook_opis":""},"jetpack_publicize_connections":[],"jetpack_featured_media_url":"https:\/\/i0.wp.com\/historiografija.hr\/wp-content\/uploads\/2022\/04\/Holokaust-i-teologija.png?fit=1587%2C2245&ssl=1","jetpack_sharing_enabled":true,"jetpack-related-posts":[],"_links":{"self":[{"href":"https:\/\/historiografija.hr\/index.php?rest_route=\/wp\/v2\/posts\/30960","targetHints":{"allow":["GET"]}}],"collection":[{"href":"https:\/\/historiografija.hr\/index.php?rest_route=\/wp\/v2\/posts"}],"about":[{"href":"https:\/\/historiografija.hr\/index.php?rest_route=\/wp\/v2\/types\/post"}],"author":[{"embeddable":true,"href":"https:\/\/historiografija.hr\/index.php?rest_route=\/wp\/v2\/users\/2"}],"replies":[{"embeddable":true,"href":"https:\/\/historiografija.hr\/index.php?rest_route=%2Fwp%2Fv2%2Fcomments&post=30960"}],"version-history":[{"count":1,"href":"https:\/\/historiografija.hr\/index.php?rest_route=\/wp\/v2\/posts\/30960\/revisions"}],"predecessor-version":[{"id":30962,"href":"https:\/\/historiografija.hr\/index.php?rest_route=\/wp\/v2\/posts\/30960\/revisions\/30962"}],"wp:featuredmedia":[{"embeddable":true,"href":"https:\/\/historiografija.hr\/index.php?rest_route=\/wp\/v2\/media\/30961"}],"wp:attachment":[{"href":"https:\/\/historiografija.hr\/index.php?rest_route=%2Fwp%2Fv2%2Fmedia&parent=30960"}],"wp:term":[{"taxonomy":"category","embeddable":true,"href":"https:\/\/historiografija.hr\/index.php?rest_route=%2Fwp%2Fv2%2Fcategories&post=30960"},{"taxonomy":"post_tag","embeddable":true,"href":"https:\/\/historiografija.hr\/index.php?rest_route=%2Fwp%2Fv2%2Ftags&post=30960"}],"curies":[{"name":"wp","href":"https:\/\/api.w.org\/{rel}","templated":true}]}}