{"id":30946,"date":"2022-04-20T17:42:23","date_gmt":"2022-04-20T17:42:23","guid":{"rendered":"http:\/\/historiografija.hr\/?p=30946"},"modified":"2022-04-22T14:20:07","modified_gmt":"2022-04-22T14:20:07","slug":"ciklus-put-suverenosti-okrugli-stol-uloga-katolicke-crkve-u-stvaranju-hrvatske-drzave","status":"publish","type":"post","link":"https:\/\/historiografija.hr\/?p=30946","title":{"rendered":"Ciklus \u201cPut suverenosti\u201d: Okrugli stol \u201cUloga Katoli\u010dke Crkve u stvaranju hrvatske dr\u017eave\u201d"},"content":{"rendered":"\n<p>Okrugli stol \u201cUloga Katoli\u010dke Crkve u stvaranju hrvatske dr\u017eave\u201d<\/p>\n\n\n\n<hr class=\"wp-block-separator\"\/>\n\n\n\n<figure data-wp-context=\"{&quot;imageId&quot;:&quot;6a9686ff2ef1b&quot;}\" data-wp-interactive=\"core\/image\" data-wp-key=\"6a9686ff2ef1b\" class=\"wp-block-image size-large wp-lightbox-container\"><img data-recalc-dims=\"1\" loading=\"lazy\" decoding=\"async\" width=\"860\" height=\"721\" data-attachment-id=\"30947\" data-permalink=\"https:\/\/historiografija.hr\/?attachment_id=30947\" data-orig-file=\"https:\/\/i0.wp.com\/historiografija.hr\/wp-content\/uploads\/2022\/04\/Uloga-Katolicke-Crkve-u-stvaranju-hrvatske-drzave.jpg?fit=1880%2C1576&amp;ssl=1\" data-orig-size=\"1880,1576\" data-comments-opened=\"1\" data-image-meta=\"{&quot;aperture&quot;:&quot;0&quot;,&quot;credit&quot;:&quot;&quot;,&quot;camera&quot;:&quot;&quot;,&quot;caption&quot;:&quot;&quot;,&quot;created_timestamp&quot;:&quot;0&quot;,&quot;copyright&quot;:&quot;&quot;,&quot;focal_length&quot;:&quot;0&quot;,&quot;iso&quot;:&quot;0&quot;,&quot;shutter_speed&quot;:&quot;0&quot;,&quot;title&quot;:&quot;&quot;,&quot;orientation&quot;:&quot;1&quot;}\" data-image-title=\"Uloga-Katolicke-Crkve-u-stvaranju-hrvatske-drzave\" data-image-description=\"\" data-image-caption=\"\" data-large-file=\"https:\/\/i0.wp.com\/historiografija.hr\/wp-content\/uploads\/2022\/04\/Uloga-Katolicke-Crkve-u-stvaranju-hrvatske-drzave.jpg?fit=860%2C721&amp;ssl=1\" data-wp-class--hide=\"state.isContentHidden\" data-wp-class--show=\"state.isContentVisible\" data-wp-init=\"callbacks.setButtonStyles\" data-wp-on--click=\"actions.showLightbox\" data-wp-on--load=\"callbacks.setButtonStyles\" data-wp-on-window--resize=\"callbacks.setButtonStyles\" src=\"https:\/\/i0.wp.com\/historiografija.hr\/wp-content\/uploads\/2022\/04\/Uloga-Katolicke-Crkve-u-stvaranju-hrvatske-drzave.jpg?resize=860%2C721&#038;ssl=1\" alt=\"\" class=\"wp-image-30947\" srcset=\"https:\/\/i0.wp.com\/historiografija.hr\/wp-content\/uploads\/2022\/04\/Uloga-Katolicke-Crkve-u-stvaranju-hrvatske-drzave.jpg?resize=1024%2C858&amp;ssl=1 1024w, https:\/\/i0.wp.com\/historiografija.hr\/wp-content\/uploads\/2022\/04\/Uloga-Katolicke-Crkve-u-stvaranju-hrvatske-drzave.jpg?resize=300%2C251&amp;ssl=1 300w, https:\/\/i0.wp.com\/historiografija.hr\/wp-content\/uploads\/2022\/04\/Uloga-Katolicke-Crkve-u-stvaranju-hrvatske-drzave.jpg?resize=768%2C644&amp;ssl=1 768w, https:\/\/i0.wp.com\/historiografija.hr\/wp-content\/uploads\/2022\/04\/Uloga-Katolicke-Crkve-u-stvaranju-hrvatske-drzave.jpg?resize=1536%2C1288&amp;ssl=1 1536w, https:\/\/i0.wp.com\/historiografija.hr\/wp-content\/uploads\/2022\/04\/Uloga-Katolicke-Crkve-u-stvaranju-hrvatske-drzave.jpg?w=1880&amp;ssl=1 1880w, https:\/\/i0.wp.com\/historiografija.hr\/wp-content\/uploads\/2022\/04\/Uloga-Katolicke-Crkve-u-stvaranju-hrvatske-drzave.jpg?w=1720&amp;ssl=1 1720w\" sizes=\"auto, (max-width: 860px) 100vw, 860px\" \/><button\n\t\t\tclass=\"lightbox-trigger\"\n\t\t\ttype=\"button\"\n\t\t\taria-haspopup=\"dialog\"\n\t\t\taria-label=\"Uve\u0107aj\"\n\t\t\tdata-wp-init=\"callbacks.initTriggerButton\"\n\t\t\tdata-wp-on--click=\"actions.showLightbox\"\n\t\t\tdata-wp-style--right=\"state.imageButtonRight\"\n\t\t\tdata-wp-style--top=\"state.imageButtonTop\"\n\t\t>\n\t\t\t<svg xmlns=\"http:\/\/www.w3.org\/2000\/svg\" width=\"12\" height=\"12\" fill=\"none\" viewBox=\"0 0 12 12\">\n\t\t\t\t<path fill=\"#fff\" d=\"M2 0a2 2 0 0 0-2 2v2h1.5V2a.5.5 0 0 1 .5-.5h2V0H2Zm2 10.5H2a.5.5 0 0 1-.5-.5V8H0v2a2 2 0 0 0 2 2h2v-1.5ZM8 12v-1.5h2a.5.5 0 0 0 .5-.5V8H12v2a2 2 0 0 1-2 2H8Zm2-12a2 2 0 0 1 2 2v2h-1.5V2a.5.5 0 0 0-.5-.5H8V0h2Z\" \/>\n\t\t\t<\/svg>\n\t\t<\/button><\/figure>\n\n\n\n<hr class=\"wp-block-separator\"\/>\n\n\n\n<p>Izvor:<\/p>\n\n\n\n<figure class=\"wp-block-embed-wordpress wp-block-embed is-type-wp-embed is-provider-hrvatsko-katolicko-sveuciliste\"><div class=\"wp-block-embed__wrapper\">\n<blockquote class=\"wp-embedded-content\" data-secret=\"CKGyVOvwR2\"><a href=\"https:\/\/www.unicath.hr\/hks-najave\/put-suverenosti\">Put suverenosti<\/a><\/blockquote><iframe loading=\"lazy\" class=\"wp-embedded-content\" sandbox=\"allow-scripts\" security=\"restricted\" style=\"position: absolute; clip: rect(1px, 1px, 1px, 1px);\" title=\"&#8220;Put suverenosti&#8221; &#8212; Hrvatsko katoli\u010dko sveu\u010dili\u0161te\" src=\"https:\/\/www.unicath.hr\/hks-najave\/put-suverenosti\/embed#?secret=CKGyVOvwR2\" data-secret=\"CKGyVOvwR2\" width=\"600\" height=\"338\" frameborder=\"0\" marginwidth=\"0\" marginheight=\"0\" scrolling=\"no\"><\/iframe>\n<\/div><\/figure>\n\n\n\n<hr class=\"wp-block-separator\"\/>\n\n\n\n<p>Dodatne informacije:<\/p>\n\n\n\n<figure class=\"wp-block-embed-wordpress wp-block-embed is-type-wp-embed is-provider-hrvatsko-katolicko-sveuciliste\"><div class=\"wp-block-embed__wrapper\">\n<blockquote class=\"wp-embedded-content\" data-secret=\"xZhCCCMSeO\"><a href=\"https:\/\/www.unicath.hr\/put-suverenosti-uloga-katolicke-crkve-u-stvaranju-hrvatske-drzave\">Put suverenosti: Uloga Katoli\u010dke Crkve u stvaranju hrvatske dr\u017eave<\/a><\/blockquote><iframe loading=\"lazy\" class=\"wp-embedded-content\" sandbox=\"allow-scripts\" security=\"restricted\" style=\"position: absolute; clip: rect(1px, 1px, 1px, 1px);\" title=\"&#8220;Put suverenosti: Uloga Katoli\u010dke Crkve u stvaranju hrvatske dr\u017eave&#8221; &#8212; Hrvatsko katoli\u010dko sveu\u010dili\u0161te\" src=\"https:\/\/www.unicath.hr\/put-suverenosti-uloga-katolicke-crkve-u-stvaranju-hrvatske-drzave\/embed#?secret=xZhCCCMSeO\" data-secret=\"xZhCCCMSeO\" width=\"600\" height=\"338\" frameborder=\"0\" marginwidth=\"0\" marginheight=\"0\" scrolling=\"no\"><\/iframe>\n<\/div><\/figure>\n\n\n\n<hr class=\"wp-block-separator\"\/>\n","protected":false},"excerpt":{"rendered":"","protected":false},"author":2,"featured_media":30947,"comment_status":"open","ping_status":"open","sticky":false,"template":"","format":"standard","meta":{"_acf_changed":false,"_jetpack_newsletter_access":"","_jetpack_dont_email_post_to_subs":false,"_jetpack_newsletter_tier_id":0,"_jetpack_memberships_contains_paywalled_content":false,"_jetpack_memberships_contains_paid_content":false,"footnotes":"","jetpack_publicize_message":"","jetpack_publicize_feature_enabled":true,"jetpack_social_post_already_shared":true,"jetpack_social_options":{"image_generator_settings":{"template":"highway","default_image_id":0,"font":"","enabled":false},"version":2},"jetpack_post_was_ever_published":false},"categories":[3],"tags":[],"class_list":["post-30946","post","type-post","status-publish","format-standard","has-post-thumbnail","hentry","category-novosti"],"acf":{"facebook_opis":""},"jetpack_publicize_connections":[],"jetpack_featured_media_url":"https:\/\/i0.wp.com\/historiografija.hr\/wp-content\/uploads\/2022\/04\/Uloga-Katolicke-Crkve-u-stvaranju-hrvatske-drzave.jpg?fit=1880%2C1576&ssl=1","jetpack_sharing_enabled":true,"jetpack-related-posts":[{"id":54567,"url":"https:\/\/historiografija.hr\/?p=54567","url_meta":{"origin":30946,"position":0},"title":"Odr\u017ean okrugli stol \u201eLjeto 1941. \u2013 hrvatske \u017ertve etni\u010dkog \u010di\u0161\u0107enja kao historiografski i komemorativni izazov\u201c","author":"Branimir Jankovi\u0107","date":"13. srpnja 2026.","format":false,"excerpt":"U organizaciji potpredsjednika Hrvatskog sabora Ivana Penave odr\u017ean je okrugli stol \u201eLjeto 1941. \u2013 hrvatske \u017ertve etni\u010dkog \u010di\u0161\u0107enja kao historiografski i komemorativni izazov\u201c, na kojem su sudjelovali povjesni\u010dari Mario Jareb, Vlatka Vukeli\u0107, Zlatko Begonja, Amir Obho\u0111a\u0161. Op\u0161irnije: https:\/\/www.sabor.hr\/hr\/press\/okrugli-stol-u-organizaciji-potpredsjednika-hrvatskoga-sabora-ivana-penave-0 https:\/\/www.youtube.com\/live\/TdLTmhFd8F0 https:\/\/www.hina.hr\/galerija\/12420819 https:\/\/www.telegram.hr\/politika-kriminal\/penava-u-sabor-doveo-kontroverzne-povjesnicare-da-tumace-kako-su-protiv-ndh-ustali-samo-srbi-i-antihrvati https:\/\/www.index.hr\/vijesti\/clanak\/okrugli-stol-u-saboru-o-ustanku-u-srbu-pop-djujic-je-bio-jedan-od-vodja-ustanka\/2812214.aspx https:\/\/narod.hr\/hrvatska\/penavin-okrugli-stol-razotkrio-istinu-o-ustanku-u-srbu-presucivali-su-zlocine https:\/\/www.maxportal.hr\/premium-sadrzaj\/penava-zlocini-nad-hrvatima-godinama-gurani-u-stranu-danas-o-njima-govorimo-u-saboru https:\/\/portal-veterani.info\/ljeto-1941-presucene-hrvatske-zrtve\/ https:\/\/www.portalnovosti.com\/u-saboru-usred-mraka","rel":"","context":"U &quot;Novosti&quot;","block_context":{"text":"Novosti","link":"https:\/\/historiografija.hr\/?cat=3"},"img":{"alt_text":"","src":"https:\/\/i0.wp.com\/historiografija.hr\/wp-content\/uploads\/2026\/07\/Okrugli-stol-Ljeto-1941-Hrvatski-sabor.jpg?fit=1155%2C596&ssl=1&resize=350%2C200","width":350,"height":200,"srcset":"https:\/\/i0.wp.com\/historiografija.hr\/wp-content\/uploads\/2026\/07\/Okrugli-stol-Ljeto-1941-Hrvatski-sabor.jpg?fit=1155%2C596&ssl=1&resize=350%2C200 1x, https:\/\/i0.wp.com\/historiografija.hr\/wp-content\/uploads\/2026\/07\/Okrugli-stol-Ljeto-1941-Hrvatski-sabor.jpg?fit=1155%2C596&ssl=1&resize=525%2C300 1.5x, https:\/\/i0.wp.com\/historiografija.hr\/wp-content\/uploads\/2026\/07\/Okrugli-stol-Ljeto-1941-Hrvatski-sabor.jpg?fit=1155%2C596&ssl=1&resize=700%2C400 2x, https:\/\/i0.wp.com\/historiografija.hr\/wp-content\/uploads\/2026\/07\/Okrugli-stol-Ljeto-1941-Hrvatski-sabor.jpg?fit=1155%2C596&ssl=1&resize=1050%2C600 3x"},"classes":[]},{"id":52749,"url":"https:\/\/historiografija.hr\/?p=52749","url_meta":{"origin":30946,"position":1},"title":"Okrugli stol &#8220;Rast mo\u0107i, kalupljenje dru\u0161tva: administrativna rije\u010d i stasanje teritorijalne dr\u017eave u kasnom srednjem vijeku&#8221;","author":"Filip \u0160imunjak","date":"30. travnja 2026.","format":false,"excerpt":"Pozivamo Vas na okrugli stol \u201eRast mo\u0107i, kalupljenje dru\u0161tva: administrativna rije\u010d i stasanje teritorijalne dr\u017eave u kasnom srednjem vijeku\u201d, koji \u0107e se odr\u017eati u sklopu ovogodi\u0161njega Festivala povijesti Kliofest u Nacionalnoj i sveu\u010dili\u0161noj knji\u017enici u Zagrebu, u utorak 5. svibnja, s po\u010detkom u 17 sati. U raspravi \u0107e sudjelovati Zdenka\u2026","rel":"","context":"U &quot;Novosti&quot;","block_context":{"text":"Novosti","link":"https:\/\/historiografija.hr\/?cat=3"},"img":{"alt_text":"","src":"https:\/\/i0.wp.com\/historiografija.hr\/wp-content\/uploads\/2026\/04\/Kliofest-01-utorak-I-04-OS-Rast-moci.jpg?fit=1200%2C566&ssl=1&resize=350%2C200","width":350,"height":200,"srcset":"https:\/\/i0.wp.com\/historiografija.hr\/wp-content\/uploads\/2026\/04\/Kliofest-01-utorak-I-04-OS-Rast-moci.jpg?fit=1200%2C566&ssl=1&resize=350%2C200 1x, https:\/\/i0.wp.com\/historiografija.hr\/wp-content\/uploads\/2026\/04\/Kliofest-01-utorak-I-04-OS-Rast-moci.jpg?fit=1200%2C566&ssl=1&resize=525%2C300 1.5x, https:\/\/i0.wp.com\/historiografija.hr\/wp-content\/uploads\/2026\/04\/Kliofest-01-utorak-I-04-OS-Rast-moci.jpg?fit=1200%2C566&ssl=1&resize=700%2C400 2x, https:\/\/i0.wp.com\/historiografija.hr\/wp-content\/uploads\/2026\/04\/Kliofest-01-utorak-I-04-OS-Rast-moci.jpg?fit=1200%2C566&ssl=1&resize=1050%2C600 3x"},"classes":[]},{"id":54461,"url":"https:\/\/historiografija.hr\/?p=54461","url_meta":{"origin":30946,"position":2},"title":"Okrugli stol \u201cEuropa danas: izazovi, identitet, budu\u0107nost\u201c u Splitu","author":"Branimir Jankovi\u0107","date":"6. srpnja 2026.","format":false,"excerpt":"Hrvatska udruga Benedikt, povodom 15. obljetnice djelovanja, organizira sve\u010dani program na blagdan sv. Benedikta, za\u0161titnika Europe i Udruge. Sredi\u0161nji doga\u0111aj bit \u0107e okrugli stol pod naslovom \u201eEuropa danas: izazovi, identitet, budu\u0107nost\u201c, koji \u0107e se odr\u017eati u subotu, 11. srpnja 2026. godine, u Splitu. Program zapo\u010dinje svetom misom u 18:30 u\u2026","rel":"","context":"U &quot;Novosti&quot;","block_context":{"text":"Novosti","link":"https:\/\/historiografija.hr\/?cat=3"},"img":{"alt_text":"","src":"https:\/\/i0.wp.com\/historiografija.hr\/wp-content\/uploads\/2026\/07\/SV.-BENEDIKT-PLAKAT.png?fit=1024%2C807&ssl=1&resize=350%2C200","width":350,"height":200,"srcset":"https:\/\/i0.wp.com\/historiografija.hr\/wp-content\/uploads\/2026\/07\/SV.-BENEDIKT-PLAKAT.png?fit=1024%2C807&ssl=1&resize=350%2C200 1x, https:\/\/i0.wp.com\/historiografija.hr\/wp-content\/uploads\/2026\/07\/SV.-BENEDIKT-PLAKAT.png?fit=1024%2C807&ssl=1&resize=525%2C300 1.5x, https:\/\/i0.wp.com\/historiografija.hr\/wp-content\/uploads\/2026\/07\/SV.-BENEDIKT-PLAKAT.png?fit=1024%2C807&ssl=1&resize=700%2C400 2x"},"classes":[]},{"id":54093,"url":"https:\/\/historiografija.hr\/?p=54093","url_meta":{"origin":30946,"position":3},"title":"Srednja.hr: Razgovor sa Snje\u017eanom Koren o nastavi povijesti i povu\u010denom ud\u017ebeniku povijesti","author":"Branimir Jankovi\u0107","date":"15. lipnja 2026.","format":false,"excerpt":"\"Iz brojnih,\u00a0uglavnom politi\u010dki motiviranih razloga, povijest je predmet koji je oduvijek izazovno podu\u010davati. Potvr\u0111uje to i Snje\u017eana Koren s Odsjeka za povijest pri Filozofskom fakultetu u Zagrebu. (...) U tom kontekstu prisje\u0107a se posljednjeg slu\u010daja povla\u010denja ud\u017ebenika povijesti za 4. razred gimnazije potkraj 2023. i po\u010detkom 2024. godine. Kao formalni\u2026","rel":"","context":"U &quot;Novosti&quot;","block_context":{"text":"Novosti","link":"https:\/\/historiografija.hr\/?cat=3"},"img":{"alt_text":"","src":"https:\/\/i0.wp.com\/historiografija.hr\/wp-content\/uploads\/2026\/06\/snjezana-koren-povijest.webp?fit=1200%2C675&ssl=1&resize=350%2C200","width":350,"height":200,"srcset":"https:\/\/i0.wp.com\/historiografija.hr\/wp-content\/uploads\/2026\/06\/snjezana-koren-povijest.webp?fit=1200%2C675&ssl=1&resize=350%2C200 1x, https:\/\/i0.wp.com\/historiografija.hr\/wp-content\/uploads\/2026\/06\/snjezana-koren-povijest.webp?fit=1200%2C675&ssl=1&resize=525%2C300 1.5x, https:\/\/i0.wp.com\/historiografija.hr\/wp-content\/uploads\/2026\/06\/snjezana-koren-povijest.webp?fit=1200%2C675&ssl=1&resize=700%2C400 2x, https:\/\/i0.wp.com\/historiografija.hr\/wp-content\/uploads\/2026\/06\/snjezana-koren-povijest.webp?fit=1200%2C675&ssl=1&resize=1050%2C600 3x"},"classes":[]},{"id":53716,"url":"https:\/\/historiografija.hr\/?p=53716","url_meta":{"origin":30946,"position":4},"title":"Radionica &#8220;Jugoslavenski modernizam u hrvatskoj kulturi sje\u0107anja&#8221;","author":"Filip \u0160imunjak","date":"26. svibnja 2026.","format":false,"excerpt":"Iako su karakteristi\u010dan dio vizure mnogih hrvatskih gradova, o jugoslavenskim arhitektonskim postignu\u0107ima rijetko kada dublje promi\u0161ljamo, bilo zato \u0161to su proizvod jednog minulog vremena ili zato \u0161to njihov izgled ne izaziva jednostrano divljenje. Po\u017ear koji je zadesio zgradu nekada\u0161nje izdava\u010dke ku\u0107e Vjesnik, koja je za mnoge predstavljala simbol grada Zagreba,\u2026","rel":"","context":"U &quot;Novosti&quot;","block_context":{"text":"Novosti","link":"https:\/\/historiografija.hr\/?cat=3"},"img":{"alt_text":"","src":"https:\/\/i0.wp.com\/historiografija.hr\/wp-content\/uploads\/2026\/05\/Radionica-Jugoslavenski-modernizam-u-hrvatskoj-kulturi-sjecanja.png?fit=1200%2C700&ssl=1&resize=350%2C200","width":350,"height":200,"srcset":"https:\/\/i0.wp.com\/historiografija.hr\/wp-content\/uploads\/2026\/05\/Radionica-Jugoslavenski-modernizam-u-hrvatskoj-kulturi-sjecanja.png?fit=1200%2C700&ssl=1&resize=350%2C200 1x, https:\/\/i0.wp.com\/historiografija.hr\/wp-content\/uploads\/2026\/05\/Radionica-Jugoslavenski-modernizam-u-hrvatskoj-kulturi-sjecanja.png?fit=1200%2C700&ssl=1&resize=525%2C300 1.5x, https:\/\/i0.wp.com\/historiografija.hr\/wp-content\/uploads\/2026\/05\/Radionica-Jugoslavenski-modernizam-u-hrvatskoj-kulturi-sjecanja.png?fit=1200%2C700&ssl=1&resize=700%2C400 2x, https:\/\/i0.wp.com\/historiografija.hr\/wp-content\/uploads\/2026\/05\/Radionica-Jugoslavenski-modernizam-u-hrvatskoj-kulturi-sjecanja.png?fit=1200%2C700&ssl=1&resize=1050%2C600 3x"},"classes":[]},{"id":52733,"url":"https:\/\/historiografija.hr\/?p=52733","url_meta":{"origin":30946,"position":5},"title":"Vlado Raji\u0107 \u201eGranica na kraju stolje\u0107a\u201c","author":"Filip \u0160imunjak","date":"29. travnja 2026.","format":false,"excerpt":"U suizdanju Durieuxa i Beletre objavljena je 2025. godine knjiga Granica na kraju stolje\u0107a autora Vlade Raji\u0107a.\u00a0 O knjizi\u00a0 Romansirana biografija Vladimira Iblera mnogo je vi\u0161e od zanimljive pri\u010de o privatnom \u017eivotu i impresivnoj profesionalnoj karijeri istaknutog stru\u010dnjaka za me\u0111unarodno pravo i dugo\u00adgodi\u0161njeg profesora na zagreba\u010dkom Pravnom fakultetu, akademika, koji\u2026","rel":"","context":"U &quot;Knjige&quot;","block_context":{"text":"Knjige","link":"https:\/\/historiografija.hr\/?cat=8"},"img":{"alt_text":"","src":"https:\/\/i0.wp.com\/historiografija.hr\/wp-content\/uploads\/2026\/04\/VLADO-RAJIC-GRANICA-NA-KRAJU-STOLJECA.jpg?fit=450%2C650&ssl=1&resize=350%2C200","width":350,"height":200},"classes":[]}],"_links":{"self":[{"href":"https:\/\/historiografija.hr\/index.php?rest_route=\/wp\/v2\/posts\/30946","targetHints":{"allow":["GET"]}}],"collection":[{"href":"https:\/\/historiografija.hr\/index.php?rest_route=\/wp\/v2\/posts"}],"about":[{"href":"https:\/\/historiografija.hr\/index.php?rest_route=\/wp\/v2\/types\/post"}],"author":[{"embeddable":true,"href":"https:\/\/historiografija.hr\/index.php?rest_route=\/wp\/v2\/users\/2"}],"replies":[{"embeddable":true,"href":"https:\/\/historiografija.hr\/index.php?rest_route=%2Fwp%2Fv2%2Fcomments&post=30946"}],"version-history":[{"count":6,"href":"https:\/\/historiografija.hr\/index.php?rest_route=\/wp\/v2\/posts\/30946\/revisions"}],"predecessor-version":[{"id":30970,"href":"https:\/\/historiografija.hr\/index.php?rest_route=\/wp\/v2\/posts\/30946\/revisions\/30970"}],"wp:featuredmedia":[{"embeddable":true,"href":"https:\/\/historiografija.hr\/index.php?rest_route=\/wp\/v2\/media\/30947"}],"wp:attachment":[{"href":"https:\/\/historiografija.hr\/index.php?rest_route=%2Fwp%2Fv2%2Fmedia&parent=30946"}],"wp:term":[{"taxonomy":"category","embeddable":true,"href":"https:\/\/historiografija.hr\/index.php?rest_route=%2Fwp%2Fv2%2Fcategories&post=30946"},{"taxonomy":"post_tag","embeddable":true,"href":"https:\/\/historiografija.hr\/index.php?rest_route=%2Fwp%2Fv2%2Ftags&post=30946"}],"curies":[{"name":"wp","href":"https:\/\/api.w.org\/{rel}","templated":true}]}}