{"id":30935,"date":"2022-04-15T17:00:26","date_gmt":"2022-04-15T17:00:26","guid":{"rendered":"http:\/\/historiografija.hr\/?p=30935"},"modified":"2022-04-15T17:01:53","modified_gmt":"2022-04-15T17:01:53","slug":"poziv-za-sudjelovanje-na-znanstvenostrucnom-skupu-banija-kao-metafora-i-metonimija","status":"publish","type":"post","link":"https:\/\/historiografija.hr\/?p=30935","title":{"rendered":"Poziv za sudjelovanje na znanstvenostru\u010dnom skupu \u201cBanija kao metafora i metonimija\u201d"},"content":{"rendered":"\n<p>Poziv za sudjelovanje na godi\u0161njem znanstvenostru\u010dnom skupu Instituta za etnologiju i folkloristiku u Zagrebu<\/p>\n\n\n\n<p><strong>Banija kao metafora i metonimija<\/strong><\/p>\n\n\n\n<p>Glina, 6. i 7. listopad 2022.<\/p>\n\n\n\n<p><br>Konceptualizacija Banije kao toposa \u201cizme\u0111u metafore i metonimije\u201d usmjerena je na istra\u017eivanje povijesnih i kulturnosimboli\u010dkih sadr\u017eaja koji se reaktiviraju, poni\u0161tavaju ili inoviraju u mogu\u0107nosti suvremenog i proaktivnog mi\u0161ljenja Banije. Svrhovitost i imaginativna snaga takvih koncepata jest u prema\u0161ivanju zate\u010denog stanja \u201ezamrznute ruinizacije\u201c u kojem je prirodna katastrofa, osim fizi\u010dke devastacije mjesta, prostora i zajednica, nanovo mobilizirala i okorjele oznake njezina periferijskog statusa (rub, granica, provincija) i zamrlosti u srazu globalizacijskih i fragmentacijskih procesa. Iskora\u010diti u podru\u010dje projekcije, pa i projektifikacije nade, obnove i regeneracije s druge strane, zna\u010di iznijeti na vidjelo zapu\u0161tene ili novootkrivene ljudske i prirodne potencijale koje je razorni potres razotkrio i kao dragocjene zametke obnove, ne samo u njezinim restauracijskim nego i transformativnim potencijalima. Materijalna i gospodarska obnova obitavali\u0161ta i okoli\u0161a koja je zapela u administrativnim i politi\u010dkim mrtvouzicama \u201eodlaganja budu\u0107nosti\u201c mo\u017ee se pokrenuti upravo iz mogu\u0107nosti kreiranja novih mentalnih mapa i imaginiranja budu\u0107nosti.<\/p>\n\n\n\n<p><br>Za revitalizaciju i aktivno uklju\u010divanje lokalnog znanja kao klju\u010dnog aktera ovog procesa nu\u017eno je povezivanje sa stru\u010dnjacima iz razli\u010ditih disciplina, sredina te podru\u010dja djelovanja. Stoga pozivamo one koji mogu doprinijeti multiperspektivnom razumijevanju i smjelijem epistemolo\u0161kom zasijecanju u ovaj egzemplarni krajo-lik s naglaskom na suvremeno stanje \u201cizme\u0111u ruinizacije i regeneracije\u201d.<\/p>\n\n\n\n<p><br>Skup \u0107e se odr\u017eati u Glini <strong>6. i 7. listopada 2022.<\/strong> godine. Predvi\u0111eno trajanje pojedina\u010dnih izlaganja je najdu\u017ee 15 minuta. U prijavi mora biti navedeno ime i prezime autora, institucija iz koje dolazi te naslov i sa\u017eetak izlaganja (do 300 rije\u010di).<\/p>\n\n\n\n<p><br>Molimo da prijave po\u0161aljete na adresu ines@ief.hr ili jelena@ief.hr do <strong>15. svibnja 2022.<\/strong> godine.<\/p>\n\n\n\n<hr class=\"wp-block-separator\"\/>\n\n\n\n<p><strong>Izvor: <\/strong><\/p>\n\n\n\n<p>Institut za entologiju i folkloristiku<\/p>\n\n\n\n<figure class=\"wp-block-embed-wordpress wp-block-embed is-type-wp-embed is-provider-institut-za-etnologiju-i-folkloristiku\"><div class=\"wp-block-embed__wrapper\">\n<blockquote class=\"wp-embedded-content\" data-secret=\"B688URyOu9\"><a href=\"https:\/\/www.ief.hr\/\">Naslovna<\/a><\/blockquote><iframe loading=\"lazy\" class=\"wp-embedded-content\" sandbox=\"allow-scripts\" security=\"restricted\" style=\"position: absolute; clip: rect(1px, 1px, 1px, 1px);\" title=\"&#8220;Naslovna&#8221; &#8212; Institut za etnologiju i folkloristiku\" src=\"https:\/\/www.ief.hr\/embed\/#?secret=B688URyOu9\" data-secret=\"B688URyOu9\" width=\"600\" height=\"338\" frameborder=\"0\" marginwidth=\"0\" marginheight=\"0\" scrolling=\"no\"><\/iframe>\n<\/div><\/figure>\n\n\n\n<hr class=\"wp-block-separator\"\/>\n","protected":false},"excerpt":{"rendered":"","protected":false},"author":2,"featured_media":18116,"comment_status":"open","ping_status":"open","sticky":false,"template":"","format":"standard","meta":{"_acf_changed":false,"jetpack_post_was_ever_published":false,"_jetpack_newsletter_access":"","_jetpack_dont_email_post_to_subs":false,"_jetpack_newsletter_tier_id":0,"_jetpack_memberships_contains_paywalled_content":false,"_jetpack_memberships_contains_paid_content":false,"footnotes":"","jetpack_publicize_message":"","jetpack_publicize_feature_enabled":true,"jetpack_social_post_already_shared":true,"jetpack_social_options":{"image_generator_settings":{"template":"highway","default_image_id":0,"font":"","enabled":false},"version":2}},"categories":[3,9],"tags":[],"class_list":["post-30935","post","type-post","status-publish","format-standard","has-post-thumbnail","hentry","category-novosti","category-skupovi"],"acf":{"facebook_opis":""},"jetpack_publicize_connections":[],"jetpack_featured_media_url":"https:\/\/i0.wp.com\/historiografija.hr\/wp-content\/uploads\/2019\/12\/ief-logo.jpg?fit=600%2C280&ssl=1","jetpack_sharing_enabled":true,"jetpack-related-posts":[],"_links":{"self":[{"href":"https:\/\/historiografija.hr\/index.php?rest_route=\/wp\/v2\/posts\/30935","targetHints":{"allow":["GET"]}}],"collection":[{"href":"https:\/\/historiografija.hr\/index.php?rest_route=\/wp\/v2\/posts"}],"about":[{"href":"https:\/\/historiografija.hr\/index.php?rest_route=\/wp\/v2\/types\/post"}],"author":[{"embeddable":true,"href":"https:\/\/historiografija.hr\/index.php?rest_route=\/wp\/v2\/users\/2"}],"replies":[{"embeddable":true,"href":"https:\/\/historiografija.hr\/index.php?rest_route=%2Fwp%2Fv2%2Fcomments&post=30935"}],"version-history":[{"count":2,"href":"https:\/\/historiografija.hr\/index.php?rest_route=\/wp\/v2\/posts\/30935\/revisions"}],"predecessor-version":[{"id":30937,"href":"https:\/\/historiografija.hr\/index.php?rest_route=\/wp\/v2\/posts\/30935\/revisions\/30937"}],"wp:featuredmedia":[{"embeddable":true,"href":"https:\/\/historiografija.hr\/index.php?rest_route=\/wp\/v2\/media\/18116"}],"wp:attachment":[{"href":"https:\/\/historiografija.hr\/index.php?rest_route=%2Fwp%2Fv2%2Fmedia&parent=30935"}],"wp:term":[{"taxonomy":"category","embeddable":true,"href":"https:\/\/historiografija.hr\/index.php?rest_route=%2Fwp%2Fv2%2Fcategories&post=30935"},{"taxonomy":"post_tag","embeddable":true,"href":"https:\/\/historiografija.hr\/index.php?rest_route=%2Fwp%2Fv2%2Ftags&post=30935"}],"curies":[{"name":"wp","href":"https:\/\/api.w.org\/{rel}","templated":true}]}}