{"id":30929,"date":"2022-04-15T16:38:50","date_gmt":"2022-04-15T16:38:50","guid":{"rendered":"http:\/\/historiografija.hr\/?p=30929"},"modified":"2022-04-15T16:38:50","modified_gmt":"2022-04-15T16:38:50","slug":"franjevci-kapucini-400-godina-u-zagrebu-1618-2018-capuchin-friars-in-zagreb-400-years-of-apostolic-work-1618-2018","status":"publish","type":"post","link":"https:\/\/historiografija.hr\/?p=30929","title":{"rendered":"Franjevci kapucini 400 godina u Zagrebu 1618.- 2018. \/ Capuchin Friars in Zagreb 400 Years of Apostolic Work 1618 &#8211; 2018"},"content":{"rendered":"\n<p>Zbornik radova s Me\u0111unarodnog znanstvenog simpozija o 400. obljetnici djelovanja franjevaca kapucina u Zagrebu (1618. &#8211; 2018.)<\/p>\n\n\n\n<p>Proceedings of the International Scientific Conference on the Occasion of the 400th Anniversary of Activity of Capuchin Friars in Zagreb (1618 &#8211; 2018)<\/p>\n\n\n\n<p>Anto Bari\u0161i\u0107 (prir.)<\/p>\n\n\n\n<hr class=\"wp-block-separator\"\/>\n\n\n\n<p>Ovaj zbornik radova s Me\u0111unarodnog znanstvenog simpozija o 400. obljetnici djelovanja franjevaca kapucina u Zagrebu (1618. \u2013 2018.) sabire 23 izlaganja predava\u010da na simpoziju, a uvr\u0161teni su i neki govori i propovijedi koji predo\u010davaju ozra\u010dje u kojem se odvijalo cijelo obilje\u017eavanje ovog velikog kapucinskog jubileja. Bra\u0107a kapucini imali su va\u017enu ulogu u kulturnom i crkvenom \u017eivotu grada Zagreba, koja je, na\u017ealost, nasilno prekinuta 1788. godine zbog anticrkvene politike cara Franje Josipa II. Pastirskom dobrotom kardinala Alojzija Stepinca i njegovom vizijom budu\u0107eg \u0161irenja grada Zagreba, franjevci kapucini se, po drugi put, 1941. godine vra\u0107aju u glavni grad svih Hrvata i tako na pustoj periferiji zagreba\u010dke Dubrave nastavljaju svoje djelovanje u \u0161irenju kraljevstva Bo\u017ejega. Prvih 400 godina djelovanja franjevaca kapucina u Zagrebu, gledano s na\u0161e vremenske distance te politi\u010dkih, dru\u0161tvenih i crkvenih promjena, bilo je doista dinami\u010dno i burno, i zahtijevalo je neprestane prilagodbe.<\/p>\n\n\n\n<hr class=\"wp-block-separator\"\/>\n\n\n\n<p>Nakladnik: Kr\u0161\u0107anska sada\u0161njost u suizdanju s Hrvatskom kapucinskom provincijom sv. Leopolda Bogdana Mandi\u0107a, Zagreb i Katoli\u010dkim bogoslovnim fakultetom Sveu\u010dili\u0161ta u Zagrebu, Zagreb<\/p>\n\n\n\n<p>Izdanje: I. suizdanje, Zagreb<\/p>\n\n\n\n<p>Godina izdanja: 2022.<\/p>\n\n\n\n<p>Format: 20,5 x 26,5; 784 str.<\/p>\n\n\n\n<hr class=\"wp-block-separator\"\/>\n\n\n\n<p>Izvor:<\/p>\n\n\n\n<p><a href=\"https:\/\/www.ks.hr\/naslovnica\/9104220-franjevci-kap-400-god-u-zagrebu-1618-2018capuchin-friars-in-zagreb.html\">https:\/\/www.ks.hr\/naslovnica\/9104220-franjevci-kap-400-god-u-zagrebu-1618-2018capuchin-friars-in-zagreb.html<\/a><\/p>\n\n\n\n<hr class=\"wp-block-separator\"\/>\n\n\n\n<p><\/p>\n","protected":false},"excerpt":{"rendered":"","protected":false},"author":2,"featured_media":30930,"comment_status":"open","ping_status":"open","sticky":false,"template":"","format":"standard","meta":{"_acf_changed":false,"jetpack_post_was_ever_published":false,"_jetpack_newsletter_access":"","_jetpack_dont_email_post_to_subs":false,"_jetpack_newsletter_tier_id":0,"_jetpack_memberships_contains_paywalled_content":false,"_jetpack_memberships_contains_paid_content":false,"footnotes":"","jetpack_publicize_message":"","jetpack_publicize_feature_enabled":true,"jetpack_social_post_already_shared":true,"jetpack_social_options":{"image_generator_settings":{"template":"highway","default_image_id":0,"font":"","enabled":false},"version":2}},"categories":[8,3],"tags":[],"class_list":["post-30929","post","type-post","status-publish","format-standard","has-post-thumbnail","hentry","category-knjige","category-novosti"],"acf":{"facebook_opis":""},"jetpack_publicize_connections":[],"jetpack_featured_media_url":"https:\/\/i0.wp.com\/historiografija.hr\/wp-content\/uploads\/2022\/04\/franjevci-kap-400-god-u-zagrebu.jpg?fit=540%2C540&ssl=1","jetpack_sharing_enabled":true,"jetpack-related-posts":[],"_links":{"self":[{"href":"https:\/\/historiografija.hr\/index.php?rest_route=\/wp\/v2\/posts\/30929","targetHints":{"allow":["GET"]}}],"collection":[{"href":"https:\/\/historiografija.hr\/index.php?rest_route=\/wp\/v2\/posts"}],"about":[{"href":"https:\/\/historiografija.hr\/index.php?rest_route=\/wp\/v2\/types\/post"}],"author":[{"embeddable":true,"href":"https:\/\/historiografija.hr\/index.php?rest_route=\/wp\/v2\/users\/2"}],"replies":[{"embeddable":true,"href":"https:\/\/historiografija.hr\/index.php?rest_route=%2Fwp%2Fv2%2Fcomments&post=30929"}],"version-history":[{"count":1,"href":"https:\/\/historiografija.hr\/index.php?rest_route=\/wp\/v2\/posts\/30929\/revisions"}],"predecessor-version":[{"id":30931,"href":"https:\/\/historiografija.hr\/index.php?rest_route=\/wp\/v2\/posts\/30929\/revisions\/30931"}],"wp:featuredmedia":[{"embeddable":true,"href":"https:\/\/historiografija.hr\/index.php?rest_route=\/wp\/v2\/media\/30930"}],"wp:attachment":[{"href":"https:\/\/historiografija.hr\/index.php?rest_route=%2Fwp%2Fv2%2Fmedia&parent=30929"}],"wp:term":[{"taxonomy":"category","embeddable":true,"href":"https:\/\/historiografija.hr\/index.php?rest_route=%2Fwp%2Fv2%2Fcategories&post=30929"},{"taxonomy":"post_tag","embeddable":true,"href":"https:\/\/historiografija.hr\/index.php?rest_route=%2Fwp%2Fv2%2Ftags&post=30929"}],"curies":[{"name":"wp","href":"https:\/\/api.w.org\/{rel}","templated":true}]}}