{"id":30925,"date":"2022-04-15T16:34:01","date_gmt":"2022-04-15T16:34:01","guid":{"rendered":"http:\/\/historiografija.hr\/?p=30925"},"modified":"2022-04-15T16:34:53","modified_gmt":"2022-04-15T16:34:53","slug":"izlozba-i-publikacija-paviljon-i-tri-moguca-mjesta-redefiniranje-i-reafirmacija-paviljona-28-zagrebackog-velesajma-arhitekta-miroslava-begovica","status":"publish","type":"post","link":"https:\/\/historiografija.hr\/?p=30925","title":{"rendered":"Izlo\u017eba i publikacija PAVILJON I TRI MOGU\u0106A MJESTA: Redefiniranje i reafirmacija paviljona 28 Zagreba\u010dkog velesajma, arhitekta Miroslava Begovi\u0107a"},"content":{"rendered":"\n<p>U \u010detvrtak 21. travnja 2022. u 19 sati, u Oris Ku\u0107i arhitekture (Kralja Dr\u017eislava 3) u Zagrebu, otvara se izlo\u017eba i odr\u017eava se promocija publikacije PAVILJON I TRI MOGU\u0106A MJESTA: Redefiniranje i reafirmacija paviljona 28 Zagreba\u010dkog velesajma, arhitekta Miroslava Begovi\u0107a.<\/p>\n\n\n\n<hr class=\"wp-block-separator\"\/>\n\n\n\n<p>Izlo\u017eba i publikacija <strong><em>Paviljon i tri mogu\u0107a mjesta: Redefiniranje i reafirmacija paviljona 28 Zagreba\u010dkog velesajma<\/em><\/strong><em>, <strong>arhitekta Miroslava Begovi\u0107a<\/strong> <\/em>autora Miroslava Genga, Tina Svena Frani\u0107a i Lovorke Prpi\u0107 objedinjuje problemsko istra\u017eivanje, arhitektonski projekt i publicisti\u010dki rad te otvara \u010ditav niz pitanja vezanih za modernisti\u010dku ba\u0161tinu, ali i za \u0161ire arhitektonske teme. Istra\u017eivanje se bavi paviljonom tvornice \u0110uro \u0110akovi\u0107, jednim od kanonskih djela poslijeratnog modernizma u Hrvatskoj, izgra\u0111enog za potrebe Zagreba\u010dkog velesajma. Arhitekti su stajali\u0161ta da danas napu\u0161teni i ru\u0161evni paviljon u zaba\u010denom dijelu velesajamskog kompleksa zaslu\u017euje aktivaciju i premje\u0161tanje na drugu lokaciju. Gesta premje\u0161tanja mo\u017ee se \u010diniti radikalnom, no sama paviljonska tipologija i povijest Velesajma nisu nekompatibilni s tom idejom. Fokus akcije prebacuju na pojedina\u010dni artefakt te istra\u017euju performanse paviljona na novim lokacijama &#8211; na Bundeku, Kampusu Borongaj i u Maksimiru. Autori istra\u017eivanja predla\u017eu saniranje postoje\u0107e konstrukcije i interijera paviljona te razumno predla\u017eu novu staklenu opnu, pri \u010demu bi se trebalo \u0161to vi\u0161e pribli\u017eiti izvorniku. Graditeljskoj ba\u0161tini pristupaju projektantski, analiziraju potencijale i predla\u017eu konkretnu akciju. Impresioniraju kako refleksivnost, tako i projektantsko-prezentacijska preciznost koju su autori ulo\u017eili u istra\u017eiva\u010dko-umjetni\u010dki projekt i pokazali kako kreativni arhitektonski \u010din nije nu\u017eno stvaranje novoga objekta, nego \u0161iroki raspon re-artikulacije postoje\u0107ega. Upravo ta domena ne-gra\u0111enja postaje sve va\u017enija tema arhitekture.<\/p>\n\n\n\n<p>MAROJE MRDULJA\u0160<\/p>\n\n\n\n<hr class=\"wp-block-separator\"\/>\n\n\n\n<p>Na otvaranju\/promociji govorit \u0107e Leo Modr\u010din i Maroje Mrdulja\u0161.&nbsp;<\/p>\n\n\n\n<p>Izlo\u017eba se odr\u017eava u me\u0111uinstitucionalnoj programskoj suradnji Arhitektonskog fakulteta Sveu\u010dili\u0161ta u Zagrebu, Hrvatskog muzeja arhitekture HAZU i Oris Ku\u0107e arhitekture.<\/p>\n\n\n\n<p>Autori izlo\u017ebe: Lovorka Prpi\u0107, Zvonimir Prusina<\/p>\n\n\n\n<p>Izlo\u017ebu mo\u017eete pogledati do 30. travnja 2022. godine.<\/p>\n\n\n\n<hr class=\"wp-block-separator\"\/>\n\n\n\n<p>Izvor:<\/p>\n\n\n\n<p><a href=\"http:\/\/www.oris.hr\/hr\/oris-plus\/izlozba-i-publikacija-paviljon-i-tri-moguca-mjesta-redefiniranje-i-reafirmacija,3157.html\">http:\/\/www.oris.hr\/hr\/oris-plus\/izlozba-i-publikacija-paviljon-i-tri-moguca-mjesta-redefiniranje-i-reafirmacija,3157.html<\/a><\/p>\n\n\n\n<hr class=\"wp-block-separator\"\/>\n","protected":false},"excerpt":{"rendered":"","protected":false},"author":2,"featured_media":30926,"comment_status":"open","ping_status":"open","sticky":false,"template":"","format":"standard","meta":{"_acf_changed":false,"jetpack_post_was_ever_published":false,"_jetpack_newsletter_access":"","_jetpack_dont_email_post_to_subs":false,"_jetpack_newsletter_tier_id":0,"_jetpack_memberships_contains_paywalled_content":false,"_jetpack_memberships_contains_paid_content":false,"footnotes":"","jetpack_publicize_message":"","jetpack_publicize_feature_enabled":true,"jetpack_social_post_already_shared":true,"jetpack_social_options":{"image_generator_settings":{"template":"highway","default_image_id":0,"font":"","enabled":false},"version":2}},"categories":[10,3],"tags":[],"class_list":["post-30925","post","type-post","status-publish","format-standard","has-post-thumbnail","hentry","category-izlozbe","category-novosti"],"acf":{"facebook_opis":""},"jetpack_publicize_connections":[],"jetpack_featured_media_url":"https:\/\/i0.wp.com\/historiografija.hr\/wp-content\/uploads\/2022\/04\/montaza.jpg?fit=540%2C360&ssl=1","jetpack_sharing_enabled":true,"jetpack-related-posts":[],"_links":{"self":[{"href":"https:\/\/historiografija.hr\/index.php?rest_route=\/wp\/v2\/posts\/30925","targetHints":{"allow":["GET"]}}],"collection":[{"href":"https:\/\/historiografija.hr\/index.php?rest_route=\/wp\/v2\/posts"}],"about":[{"href":"https:\/\/historiografija.hr\/index.php?rest_route=\/wp\/v2\/types\/post"}],"author":[{"embeddable":true,"href":"https:\/\/historiografija.hr\/index.php?rest_route=\/wp\/v2\/users\/2"}],"replies":[{"embeddable":true,"href":"https:\/\/historiografija.hr\/index.php?rest_route=%2Fwp%2Fv2%2Fcomments&post=30925"}],"version-history":[{"count":2,"href":"https:\/\/historiografija.hr\/index.php?rest_route=\/wp\/v2\/posts\/30925\/revisions"}],"predecessor-version":[{"id":30928,"href":"https:\/\/historiografija.hr\/index.php?rest_route=\/wp\/v2\/posts\/30925\/revisions\/30928"}],"wp:featuredmedia":[{"embeddable":true,"href":"https:\/\/historiografija.hr\/index.php?rest_route=\/wp\/v2\/media\/30926"}],"wp:attachment":[{"href":"https:\/\/historiografija.hr\/index.php?rest_route=%2Fwp%2Fv2%2Fmedia&parent=30925"}],"wp:term":[{"taxonomy":"category","embeddable":true,"href":"https:\/\/historiografija.hr\/index.php?rest_route=%2Fwp%2Fv2%2Fcategories&post=30925"},{"taxonomy":"post_tag","embeddable":true,"href":"https:\/\/historiografija.hr\/index.php?rest_route=%2Fwp%2Fv2%2Ftags&post=30925"}],"curies":[{"name":"wp","href":"https:\/\/api.w.org\/{rel}","templated":true}]}}