{"id":30890,"date":"2022-04-14T12:58:24","date_gmt":"2022-04-14T12:58:24","guid":{"rendered":"http:\/\/historiografija.hr\/?p=30890"},"modified":"2022-04-14T12:58:24","modified_gmt":"2022-04-14T12:58:24","slug":"preminuo-karl-kaser","status":"publish","type":"post","link":"https:\/\/historiografija.hr\/?p=30890","title":{"rendered":"Preminuo Karl Kaser"},"content":{"rendered":"\n<p>U 68. godini preminuo je povjesni\u010dar Karl Kaser (1954-2022) koji se osobito bavio jugoisto\u010dnoeuropskom povije\u0161\u0107u, a hrvatskoj stru\u010dnoj javnosti dobro je poznat po njegovim izdanjima \u201eSlobodan seljak i vojnik: povoja\u010denje agrarnog dru\u0161tva u Hrvatsko-slavonskoj Vojnoj krajini (1535-1881)\u201c (Zagreb 1997) i \u201ePopis Like i Krbave 1712. godine: obitelj, zemlji\u0161ni posjed i etni\u010dnost u jugozapadnoj Hrvatskoj\u201c (s Hannesom Granditsem i Siegfriedom Gruberom, Zagreb 2003).<\/p>\n\n\n\n<hr class=\"wp-block-separator\"\/>\n\n\n\n<p>Husnija Kamberovi\u0107<\/p>\n\n\n\n<p><strong>Umro je profesor Karl Kaser<\/strong><\/p>\n\n\n\n<p><a href=\"https:\/\/historiografija.ba\/article.php?id=1221\">https:\/\/historiografija.ba\/article.php?id=1221<\/a><\/p>\n\n\n\n<hr class=\"wp-block-separator\"\/>\n\n\n\n<p><strong>Karl Kaser<\/strong><\/p>\n\n\n\n<p><a href=\"https:\/\/geschichte.uni-graz.at\/en\/suedost\/staff\/karl-kaser\/\">https:\/\/geschichte.uni-graz.at\/en\/suedost\/staff\/karl-kaser\/<\/a><\/p>\n\n\n\n<p><a href=\"https:\/\/geschichte.uni-graz.at\/de\/suedost\/mitarbeiterinnen\/karl-kaser\/\">https:\/\/geschichte.uni-graz.at\/de\/suedost\/mitarbeiterinnen\/karl-kaser\/<\/a><\/p>\n\n\n\n<hr class=\"wp-block-separator\"\/>\n\n\n\n<p><strong>Iz medija:<\/strong><\/p>\n\n\n\n<p><a href=\"https:\/\/www.meinbezirk.at\/graz\/c-leute\/grazer-historiker-karl-kaser-verstorben_a5278276\">https:\/\/www.meinbezirk.at\/graz\/c-leute\/grazer-historiker-karl-kaser-verstorben_a5278276<\/a><\/p>\n\n\n\n<p><a href=\"https:\/\/www.kleinezeitung.at\/steiermark\/graz\/6124967\/Mit-nur-68-Jahren_Der-Grazer-Historiker-Karl-Kaser-ist-tot\">https:\/\/www.kleinezeitung.at\/steiermark\/graz\/6124967\/Mit-nur-68-Jahren_Der-Grazer-Historiker-Karl-Kaser-ist-tot<\/a><\/p>\n\n\n\n<hr class=\"wp-block-separator\"\/>\n","protected":false},"excerpt":{"rendered":"","protected":false},"author":2,"featured_media":30891,"comment_status":"open","ping_status":"open","sticky":false,"template":"","format":"standard","meta":{"_acf_changed":false,"jetpack_post_was_ever_published":false,"_jetpack_newsletter_access":"","_jetpack_dont_email_post_to_subs":false,"_jetpack_newsletter_tier_id":0,"_jetpack_memberships_contains_paywalled_content":false,"_jetpack_memberships_contains_paid_content":false,"footnotes":"","jetpack_publicize_message":"","jetpack_publicize_feature_enabled":true,"jetpack_social_post_already_shared":true,"jetpack_social_options":{"image_generator_settings":{"template":"highway","default_image_id":0,"font":"","enabled":false},"version":2}},"categories":[3,20],"tags":[],"class_list":["post-30890","post","type-post","status-publish","format-standard","has-post-thumbnail","hentry","category-novosti","category-obavijesti-o-smrti-i-nekrolozi"],"acf":{"facebook_opis":""},"jetpack_publicize_connections":[],"jetpack_featured_media_url":"https:\/\/i0.wp.com\/historiografija.hr\/wp-content\/uploads\/2022\/04\/Kaser.jpg?fit=520%2C312&ssl=1","jetpack_sharing_enabled":true,"jetpack-related-posts":[],"_links":{"self":[{"href":"https:\/\/historiografija.hr\/index.php?rest_route=\/wp\/v2\/posts\/30890","targetHints":{"allow":["GET"]}}],"collection":[{"href":"https:\/\/historiografija.hr\/index.php?rest_route=\/wp\/v2\/posts"}],"about":[{"href":"https:\/\/historiografija.hr\/index.php?rest_route=\/wp\/v2\/types\/post"}],"author":[{"embeddable":true,"href":"https:\/\/historiografija.hr\/index.php?rest_route=\/wp\/v2\/users\/2"}],"replies":[{"embeddable":true,"href":"https:\/\/historiografija.hr\/index.php?rest_route=%2Fwp%2Fv2%2Fcomments&post=30890"}],"version-history":[{"count":1,"href":"https:\/\/historiografija.hr\/index.php?rest_route=\/wp\/v2\/posts\/30890\/revisions"}],"predecessor-version":[{"id":30892,"href":"https:\/\/historiografija.hr\/index.php?rest_route=\/wp\/v2\/posts\/30890\/revisions\/30892"}],"wp:featuredmedia":[{"embeddable":true,"href":"https:\/\/historiografija.hr\/index.php?rest_route=\/wp\/v2\/media\/30891"}],"wp:attachment":[{"href":"https:\/\/historiografija.hr\/index.php?rest_route=%2Fwp%2Fv2%2Fmedia&parent=30890"}],"wp:term":[{"taxonomy":"category","embeddable":true,"href":"https:\/\/historiografija.hr\/index.php?rest_route=%2Fwp%2Fv2%2Fcategories&post=30890"},{"taxonomy":"post_tag","embeddable":true,"href":"https:\/\/historiografija.hr\/index.php?rest_route=%2Fwp%2Fv2%2Ftags&post=30890"}],"curies":[{"name":"wp","href":"https:\/\/api.w.org\/{rel}","templated":true}]}}