{"id":3088,"date":"2017-03-03T14:25:43","date_gmt":"2017-03-03T14:25:43","guid":{"rendered":"http:\/\/historiografija.hr\/?p=3088"},"modified":"2017-03-03T14:25:43","modified_gmt":"2017-03-03T14:25:43","slug":"izlozba-tragovima-fausta-vrancica","status":"publish","type":"post","link":"https:\/\/historiografija.hr\/?p=3088","title":{"rendered":"Izlo\u017eba \u201eTragovima Fausta Vran\u010di\u0107a\u201c"},"content":{"rendered":"<p>U Knji\u017enici HAZU u Zagrebu u \u010detvrtak, 2. o\u017eujka 2017. otvorena je izlo\u017eba <em>Tragovima Fausta Vran\u010di\u0107a<\/em>, postavljena povodom 400. godi\u0161njice smrti Fausta Vran\u010di\u0107a.<\/p>\n<p>&nbsp;<\/p>\n<p><strong>U KNJI\u017dNICI HRVATSKE AKADEMIJE ZNANOSTI I UMJETNOSTI OTVORENA IZLO\u017dBA TRAGOVIMA FAUSTA VRAN\u010cI\u0106A<\/strong><\/p>\n<p>&nbsp;<\/p>\n<p><strong>Zagreb, 2. o\u017eujka 2017.<\/strong> \u2013 U Knji\u017enici Hrvatske akademije znanosti i umjetnosti u \u010detvrtak 2. o\u017eujka otvorena je izlo\u017eba <em>Tragovima Fausta Vran\u010di\u0107a<\/em>, postavljena povodom 400. godi\u0161njice smrti Fausta Vran\u010di\u0107a ovog\u00a0 hrvatskog polihistora, izumitelja, leksikografa, diplomata i biskupa kao jedno u nizu doga\u0111anja kojim HAZU obilje\u017eava ovaj jubilej. Izlo\u017ebu je otvorio predsjednik HAZU <strong>akademik Zvonko Kusi\u0107<\/strong>, a\u00a0 nazo\u010dni su bili u\u010denici Strojarske tehni\u010dke \u0161kole Fausta Vran\u010di\u0107a iz Zagreba i Zrakoplovne tehni\u010dke \u0161kole Rudolfa Pere\u0161ina iz Velike Gorice.<\/p>\n<p>&nbsp;<\/p>\n<p>U svom je govoru akademik Kusi\u0107 istaknuo da su mladi jedan od prioriteta Hrvatske akademije koja je otvorena javnosti i okrenuta budu\u0107nosti, \u0161to posebno dolazi do izra\u017eaja tijekom manifestacija kao \u0161to su Dani otvorenih vrata HAZU, No\u0107 muzeja i No\u0107 knjige koje u velikom broju posje\u0107uju upravo mladi.<\/p>\n<p>&nbsp;<\/p>\n<p>\u201eFaust Vran\u010di\u0107 jedan je od najve\u0107ih Hrvata u povijesti, velika li\u010dnost, renesansni \u010dovjek, \u010dovjek ispred svog vremena koji je zadu\u017eio ne samo hrvatsku znanost i kulturu, nego i europsku i svjetsku i po njemu su Hrvati postali prepoznatljivi. Svojim radom obuhvatio je i humanisti\u010dke i tehni\u010dke znanosti, a njegovo ime danas nosi Dr\u017eavna nagrada tehni\u010dke kulture\u201c, kazao je akademik Kusi\u0107, podsjetiv\u0161i da je Vran\u010di\u0107 u svom djelu Machinae novae objavio poznati crte\u017e padobrana i niz drugih izuma, te da je Vran\u010di\u0107 bio i autor prvog hrvatskog rje\u010dnika s 3500 rije\u010di, <em>Rje\u010dnika pet najuglednijih europskih jezika<\/em>. Akademik Kusi\u0107 je posebno zahvalio autorici izlo\u017ebe i voditeljici projekta <em>Upoznajmo hrvatsku znanstvenu ba\u0161tinu<\/em> dr. sc. <strong>Marijani Bori\u0107<\/strong>, znanstvenoj suradnici Odsjeka za povijest prirodnih i matemati\u010dkih znanosti Zavoda za povijest i filozofiju znanosti HAZU, jer populariziraju\u0107i Fausta Vran\u010di\u0107a uspijeva animirati mlade.<\/p>\n<p>&nbsp;<\/p>\n<p>Cilj ove multimedijske izlo\u017ebe je sveobuhvatno prikazati Vran\u010di\u0107eve doprinose hrvatskoj i svjetskoj znanosti.\u00a0 Izlo\u017eba je\u00a0 tematski podijeljena na nekoliko dijelova. Tematski dio vezan uz \u017eivot i rad Fausta Vran\u010di\u0107a izlo\u017een je na panoima na kojima je prikazano Vran\u010di\u0107evo stasanje u uspje\u0161nog renesansnog \u010dovjeka koji se ostvario u razli\u010ditim aspektima \u017eivota, te njegovi najzna\u010dajniji doprinosi. Drugu tematsku cjelinu predstavljaju objavljena djela Fausta Vran\u010di\u0107a. Tako su u vitrinama izlo\u017eeni i komentarima popra\u0107eni pretisci objavljenih Vran\u010di\u0107evih djela, me\u0111u kojima je i <em>Rje\u010dnik pet najuglednijih europskih jezika, latinskog, talijanskog, njema\u010dkog, dalmatinskog\/hrvatskog i ma\u0111arskog<\/em>, a izlo\u017een je original Vran\u010di\u0107eva djela <em>\u017divot nikoliko izabranih divic<\/em>. To je jedino djelo koje je Vran\u010di\u0107 napisao na hrvatskom jeziku.<\/p>\n<p>&nbsp;<\/p>\n<p>Najdetaljnije je u okviru izlo\u017ebe prikazan Vran\u010di\u0107ev tehni\u010dki priru\u010dnik <em>Machinae novae<\/em> (Venecija, 1615.\/1616.) jedno je od kapitalnih djela iz podru\u010dja europske tehni\u010dke literature na prijelazu iz 16. u 17. stolje\u0107e. Na izlo\u017ebi je prezentirana i fizi\u010dka rekonstrukcija \u201emlina s pokretnim krovom\u201c po skici Fausta Vran\u010di\u0107a, djelo Ivana Relji\u0107a i dr. sc. Hrvoja Stan\u010di\u0107a napravljena u modernoj tehnici 3D ispisom.<\/p>\n<p>&nbsp;<\/p>\n<p>Posjetitelji izlo\u017ebe imaju priliku upoznati neke Vran\u010di\u0107eve ideje u okviru raznih igrica osmi\u0161ljenih na njegovim projektima. Na izlo\u017ebi se prikazuje i kratki film <em>Sanjam <\/em>o odrastanju Fausta Vran\u010di\u0107a, kao i o nekim njegovim projektima. Posjetitelji tako\u0111er mogu pogledati projekciju \u010detverodijelnog serijala o \u017eivotu i djelu Fausta Vran\u010di\u0107a, <em>San o strojevima: Vatra, Zemlja, Voda, Zrak<\/em>, te prelistati dijelo <em>Machinae novae<\/em> i peterojezi\u010dni Vran\u010di\u0107ev <em>Rje\u010dnik<\/em> u digitalnom obliku.<\/p>\n<p>&nbsp;<\/p>\n<p>Marijan Lipovac<\/p>\n<p>Ured za odnose s javno\u0161\u0107u i medije HAZU<\/p>\n<p>&nbsp;<\/p>\n<p>Izvor: <a href=\"http:\/\/info.hazu.hr\/\">http:\/\/info.hazu.hr\/<\/a><\/p>\n<p>&nbsp;<\/p>\n<p>&nbsp;<\/p>\n","protected":false},"excerpt":{"rendered":"","protected":false},"author":2,"featured_media":3089,"comment_status":"open","ping_status":"open","sticky":false,"template":"","format":"standard","meta":{"_acf_changed":false,"jetpack_post_was_ever_published":false,"_jetpack_newsletter_access":"","_jetpack_dont_email_post_to_subs":false,"_jetpack_newsletter_tier_id":0,"_jetpack_memberships_contains_paywalled_content":false,"_jetpack_memberships_contains_paid_content":false,"footnotes":"","jetpack_publicize_message":"","jetpack_publicize_feature_enabled":true,"jetpack_social_post_already_shared":true,"jetpack_social_options":{"image_generator_settings":{"template":"highway","default_image_id":0,"font":"","enabled":false},"version":2}},"categories":[3],"tags":[],"class_list":["post-3088","post","type-post","status-publish","format-standard","has-post-thumbnail","hentry","category-novosti"],"acf":{"facebook_opis":""},"jetpack_publicize_connections":[],"jetpack_featured_media_url":"https:\/\/i0.wp.com\/historiografija.hr\/wp-content\/uploads\/2017\/03\/FaustVRANCIC1.jpg?fit=323%2C450&ssl=1","jetpack_sharing_enabled":true,"jetpack-related-posts":[{"id":52563,"url":"https:\/\/historiografija.hr\/?p=52563","url_meta":{"origin":3088,"position":0},"title":"Predavanje Nenada Fabijani\u0107a o stadionu Poljud u Splitu","author":"Branimir Jankovi\u0107","date":"21. travnja 2026.","format":false,"excerpt":"Znanstveno vije\u0107e za arhitekturu, urbanizam i ure\u0111enje prostora Hrvatske akademije znanosti i umjetnosti organizira predavanje \u201cPo Poljudu\u201d koje \u0107e u srijedu 22. travnja 2026. s po\u010detkom u 14 sati u Knji\u017enici HAZU, Strossmayerov trg 14 u Zagrebu, odr\u017eati\u00a0prof. emerit. dr. art. Nenad Fabijani\u0107,\u00a0\u010dlan suradnik HAZU. Predavanje \u201ePo Poljudu\u201c (Projekt obnove)\u2026","rel":"","context":"U &quot;Novosti&quot;","block_context":{"text":"Novosti","link":"https:\/\/historiografija.hr\/?cat=3"},"img":{"alt_text":"","src":"https:\/\/i0.wp.com\/historiografija.hr\/wp-content\/uploads\/2026\/04\/Poljud-scaled.jpeg?fit=1200%2C800&ssl=1&resize=350%2C200","width":350,"height":200,"srcset":"https:\/\/i0.wp.com\/historiografija.hr\/wp-content\/uploads\/2026\/04\/Poljud-scaled.jpeg?fit=1200%2C800&ssl=1&resize=350%2C200 1x, https:\/\/i0.wp.com\/historiografija.hr\/wp-content\/uploads\/2026\/04\/Poljud-scaled.jpeg?fit=1200%2C800&ssl=1&resize=525%2C300 1.5x, https:\/\/i0.wp.com\/historiografija.hr\/wp-content\/uploads\/2026\/04\/Poljud-scaled.jpeg?fit=1200%2C800&ssl=1&resize=700%2C400 2x, https:\/\/i0.wp.com\/historiografija.hr\/wp-content\/uploads\/2026\/04\/Poljud-scaled.jpeg?fit=1200%2C800&ssl=1&resize=1050%2C600 3x"},"classes":[]},{"id":52578,"url":"https:\/\/historiografija.hr\/?p=52578","url_meta":{"origin":3088,"position":1},"title":"Poziv za sudjelovanje: XXII. Dani Julija Bene\u0161i\u0107a u Iloku","author":"Branimir Jankovi\u0107","date":"21. travnja 2026.","format":false,"excerpt":"Zavod za lingvisti\u010dka istra\u017eivanja Hrvatske akademije znanosti i umjetnosti, zajedno s Muzejom grada Iloka, organizira XXII. Dane Julija Bene\u0161i\u0107a, koji \u0107e se odr\u017eati od 28. do 30. listopada 2026. u Iloku.\u00a0Teme ovogodi\u0161njih Dana podijeljene su u dvije cjeline: Knji\u017eevno-jezikoslovni d\u00ecv\u0101n s Bene\u0161i\u0107em te Ilok i Srijem u povijesnim stalnicama i\u2026","rel":"","context":"U &quot;Novosti&quot;","block_context":{"text":"Novosti","link":"https:\/\/historiografija.hr\/?cat=3"},"img":{"alt_text":"","src":"https:\/\/i0.wp.com\/historiografija.hr\/wp-content\/uploads\/2019\/10\/HE2_Benesic.jpg?fit=413%2C591&ssl=1&resize=350%2C200","width":350,"height":200},"classes":[]},{"id":52628,"url":"https:\/\/historiografija.hr\/?p=52628","url_meta":{"origin":3088,"position":2},"title":"Predavanje dopisnog \u010dlana HAZU Alaina Finkielkrauta Izrael, Europa, antisemitizam","author":"Branimir Jankovi\u0107","date":"23. travnja 2026.","format":false,"excerpt":"Francuski filozof Alain Finkielkraut, redoviti \u010dlan Francuske akademije i dopisni \u010dlan HAZU, odr\u017eat \u0107e predavanje\u00a0Izrael, Europa, antisemitizam u utorak 28. travnja 2026. u 13 sati u Knji\u017enici HAZU,\u00a0Strossmayerov trg 14 u Zagrebu. Uvodne rije\u010di odr\u017eat \u0107e\u00a0akademkinja \u017deljka \u010corak i\u00a0akademik Dra\u017een Katunari\u0107. Predavanje \u0107e se odr\u017eati na francuskom jeziku uz konsekutivno\u2026","rel":"","context":"U &quot;Novosti&quot;","block_context":{"text":"Novosti","link":"https:\/\/historiografija.hr\/?cat=3"},"img":{"alt_text":"","src":"https:\/\/i0.wp.com\/historiografija.hr\/wp-content\/uploads\/2026\/04\/Alain_Finkielkraut.jpg?fit=350%2C407&ssl=1&resize=350%2C200","width":350,"height":200},"classes":[]},{"id":52666,"url":"https:\/\/historiografija.hr\/?p=52666","url_meta":{"origin":3088,"position":3},"title":"Najava programa Festivala povijesti Kliofest (5-8. V. 2026)","author":"Branimir Jankovi\u0107","date":"24. travnja 2026.","format":false,"excerpt":"Po trinaesti put odr\u017eava se Festival povijesti Kliofest! Do petka \u0107emo odr\u017eati osam okruglih stolova i dva kolokvija te niz predstavljanja knjiga i projekata razli\u010dite tematike, od antike do suvremenosti. Bit \u0107e predstavljeno i nekoliko izlo\u017ebi te odr\u017ean jedan povijesni kviz. Prikazat \u0107emo i jedan film \u2013 o generalu Boroevi\u0107u.\u2026","rel":"","context":"U &quot;Novosti&quot;","block_context":{"text":"Novosti","link":"https:\/\/historiografija.hr\/?cat=3"},"img":{"alt_text":"","src":"https:\/\/i0.wp.com\/historiografija.hr\/wp-content\/uploads\/2026\/04\/Kliofest-2026.jpg?fit=526%2C526&ssl=1&resize=350%2C200","width":350,"height":200,"srcset":"https:\/\/i0.wp.com\/historiografija.hr\/wp-content\/uploads\/2026\/04\/Kliofest-2026.jpg?fit=526%2C526&ssl=1&resize=350%2C200 1x, https:\/\/i0.wp.com\/historiografija.hr\/wp-content\/uploads\/2026\/04\/Kliofest-2026.jpg?fit=526%2C526&ssl=1&resize=525%2C300 1.5x"},"classes":[]},{"id":52511,"url":"https:\/\/historiografija.hr\/?p=52511","url_meta":{"origin":3088,"position":4},"title":"Izlo\u017eba &#8220;Lica Sljemena&#8221;","author":"Branimir Jankovi\u0107","date":"17. travnja 2026.","format":false,"excerpt":"Srda\u010dno vas pozivamo na otvorenje izlo\u017ebe Lica Sljemena koje \u0107e se odr\u017eati u srijedu 22. travnja 2026. u 18 h ispred Muzeja Prigorja (Trg Dragutina Domjani\u0107a 5, Sesvete). Izlo\u017eba proizlazi iz istra\u017eivanja Nevene \u0160krbi\u0107 Alempijevi\u0107, Petre Kelemen i Sanje Potkonjak te intervjua sa Sljemena\u0161icama i Sljemena\u0161ima, koji su provedeni u\u2026","rel":"","context":"U &quot;Izlo\u017ebe&quot;","block_context":{"text":"Izlo\u017ebe","link":"https:\/\/historiografija.hr\/?cat=10"},"img":{"alt_text":"","src":"https:\/\/i0.wp.com\/historiografija.hr\/wp-content\/uploads\/2026\/04\/Izlozba-Lica-Sljemena.png?fit=1080%2C686&ssl=1&resize=350%2C200","width":350,"height":200,"srcset":"https:\/\/i0.wp.com\/historiografija.hr\/wp-content\/uploads\/2026\/04\/Izlozba-Lica-Sljemena.png?fit=1080%2C686&ssl=1&resize=350%2C200 1x, https:\/\/i0.wp.com\/historiografija.hr\/wp-content\/uploads\/2026\/04\/Izlozba-Lica-Sljemena.png?fit=1080%2C686&ssl=1&resize=525%2C300 1.5x, https:\/\/i0.wp.com\/historiografija.hr\/wp-content\/uploads\/2026\/04\/Izlozba-Lica-Sljemena.png?fit=1080%2C686&ssl=1&resize=700%2C400 2x, https:\/\/i0.wp.com\/historiografija.hr\/wp-content\/uploads\/2026\/04\/Izlozba-Lica-Sljemena.png?fit=1080%2C686&ssl=1&resize=1050%2C600 3x"},"classes":[]},{"id":52505,"url":"https:\/\/historiografija.hr\/?p=52505","url_meta":{"origin":3088,"position":5},"title":"Izlo\u017eba &#8220;Eschenstock \/ Jasenov prut&#8221;","author":"Branimir Jankovi\u0107","date":"17. travnja 2026.","format":false,"excerpt":"Srpsko narodno vije\u0107e (SNV) i Vizura aperta postavljaju izlo\u017ebu \u0161vicarskog slikara Velimira Ili\u0161evi\u0107a: Eschenstock \/ Jasenov prut. Izlo\u017eba se uz prisustvo autora otvara povodom 81. godi\u0161njice proboja logora\u0161a iz usta\u0161kog logora smrti Jasenovac 22. aprila 2026. u 19 sati u Srpskom kulturnom centru (SKC) u Preradovi\u0107evoj ulici 21 u Zagrebu.\u2026","rel":"","context":"U &quot;Izlo\u017ebe&quot;","block_context":{"text":"Izlo\u017ebe","link":"https:\/\/historiografija.hr\/?cat=10"},"img":{"alt_text":"","src":"https:\/\/i0.wp.com\/historiografija.hr\/wp-content\/uploads\/2026\/04\/Jasenov_prut.jpg?fit=1024%2C640&ssl=1&resize=350%2C200","width":350,"height":200,"srcset":"https:\/\/i0.wp.com\/historiografija.hr\/wp-content\/uploads\/2026\/04\/Jasenov_prut.jpg?fit=1024%2C640&ssl=1&resize=350%2C200 1x, https:\/\/i0.wp.com\/historiografija.hr\/wp-content\/uploads\/2026\/04\/Jasenov_prut.jpg?fit=1024%2C640&ssl=1&resize=525%2C300 1.5x, https:\/\/i0.wp.com\/historiografija.hr\/wp-content\/uploads\/2026\/04\/Jasenov_prut.jpg?fit=1024%2C640&ssl=1&resize=700%2C400 2x"},"classes":[]}],"_links":{"self":[{"href":"https:\/\/historiografija.hr\/index.php?rest_route=\/wp\/v2\/posts\/3088","targetHints":{"allow":["GET"]}}],"collection":[{"href":"https:\/\/historiografija.hr\/index.php?rest_route=\/wp\/v2\/posts"}],"about":[{"href":"https:\/\/historiografija.hr\/index.php?rest_route=\/wp\/v2\/types\/post"}],"author":[{"embeddable":true,"href":"https:\/\/historiografija.hr\/index.php?rest_route=\/wp\/v2\/users\/2"}],"replies":[{"embeddable":true,"href":"https:\/\/historiografija.hr\/index.php?rest_route=%2Fwp%2Fv2%2Fcomments&post=3088"}],"version-history":[{"count":1,"href":"https:\/\/historiografija.hr\/index.php?rest_route=\/wp\/v2\/posts\/3088\/revisions"}],"predecessor-version":[{"id":3090,"href":"https:\/\/historiografija.hr\/index.php?rest_route=\/wp\/v2\/posts\/3088\/revisions\/3090"}],"wp:featuredmedia":[{"embeddable":true,"href":"https:\/\/historiografija.hr\/index.php?rest_route=\/wp\/v2\/media\/3089"}],"wp:attachment":[{"href":"https:\/\/historiografija.hr\/index.php?rest_route=%2Fwp%2Fv2%2Fmedia&parent=3088"}],"wp:term":[{"taxonomy":"category","embeddable":true,"href":"https:\/\/historiografija.hr\/index.php?rest_route=%2Fwp%2Fv2%2Fcategories&post=3088"},{"taxonomy":"post_tag","embeddable":true,"href":"https:\/\/historiografija.hr\/index.php?rest_route=%2Fwp%2Fv2%2Ftags&post=3088"}],"curies":[{"name":"wp","href":"https:\/\/api.w.org\/{rel}","templated":true}]}}