{"id":30868,"date":"2022-04-14T10:45:15","date_gmt":"2022-04-14T10:45:15","guid":{"rendered":"http:\/\/historiografija.hr\/?p=30868"},"modified":"2022-04-20T17:35:40","modified_gmt":"2022-04-20T17:35:40","slug":"emisija-povijesne-kontroverze-milan-pl-sufflay","status":"publish","type":"post","link":"https:\/\/historiografija.hr\/?p=30868","title":{"rendered":"Emisija \u201cPovijesne kontroverze\u201d: Milan pl. \u0160ufflay (1. dio)"},"content":{"rendered":"\n<p>U \u201cPovijesnim kontroverzama\u201d u \u010detvrtak, 14. travnja 2022. u 14.30 sati na Tre\u0107em programu Hrvatskog radija o Milanu pl. \u0160ufflayu govori Stipe Kljai\u0107.<\/p>\n\n\n\n<hr class=\"wp-block-separator\"\/>\n\n\n\n<p>HRT &#8211; HR3&nbsp;14.04.2022.&nbsp;14:30 &#8211; 15:15<\/p>\n\n\n\n<p><strong>Povijesne kontroverze<\/strong><\/p>\n\n\n\n<p>Hrvatska historiografija \u2013 iako je povijest izme\u0111u ostaloga i u\u010diteljica \u017eivota i svjetlo istine \u2013 ponekad nepravedno zaboravi i zanemari neke od svojih velikana, istinskih znanstvenika \u010diji su rad i rezultati uvelike obilje\u017eili razvoj historiografije. Jedan od takvih nesumnjivo je Milan \u0160ufflay, koji je tijekom svoje znanstvene karijere vi\u0161e bio prepoznat u inozemstvu nego u domovini, a \u010diji su znanstveni rad i rezultati i danas duboku utkani u hrvatsku i albansku humanistiku. Na\u017ealost zbog politi\u010dkih stavova i znanstvene \u010destitosti tijekom \u017eivota \u0160ufflay je bio nerijetko ignoriran i proskribiran, te naposljetku i likvidiran na vratima vlastitog doma 1931. godine. Koliki je bio njegov utjecaj i zna\u010daj jasno govori i \u010dinjenica da su nakon tog ubojstva poznati svjetski intelektualci poput velikog Alberta Einsteina i Heinrich Manna uputili pismo Me\u0111unarodnoj ligi za ljudska prava, tra\u017ee\u0107i osudu tog ubojstva i diktature u onodobnoj Kraljevini Jugoslaviji. A mi smo tijekom druge polovice 20. stolje\u0107a gotovo u potpunosti zaboravili i zanemarili va\u017enost ovog velikog hrvatskog znanstvenika. Stoga danas u Povijesnim kontroverzama razgovaramo o Milanu pl. \u0160ufflayu, a na\u0161 sugovornik je dr. sc. Stipe Kljai\u0107 s Hrvatskog instituta za povijest u Zagrebu.<\/p>\n\n\n\n<hr class=\"wp-block-separator\"\/>\n\n\n\n<p><a href=\"http:\/\/raspored.hrt.hr\/\">http:\/\/raspored.hrt.hr\/<\/a><\/p>\n\n\n\n<p><a href=\"https:\/\/radio.hrt.hr\/slusaonica\/povijesne-kontroverze\">https:\/\/radio.hrt.hr\/slusaonica\/povijesne-kontroverze<\/a><\/p>\n\n\n\n<hr class=\"wp-block-separator\"\/>\n","protected":false},"excerpt":{"rendered":"","protected":false},"author":2,"featured_media":28920,"comment_status":"open","ping_status":"open","sticky":false,"template":"","format":"standard","meta":{"_acf_changed":false,"_jetpack_newsletter_access":"","_jetpack_dont_email_post_to_subs":false,"_jetpack_newsletter_tier_id":0,"_jetpack_memberships_contains_paywalled_content":false,"_jetpack_memberships_contains_paid_content":false,"footnotes":"","jetpack_publicize_message":"","jetpack_publicize_feature_enabled":true,"jetpack_social_post_already_shared":true,"jetpack_social_options":{"image_generator_settings":{"template":"highway","default_image_id":0,"font":"","enabled":false},"version":2},"jetpack_post_was_ever_published":false},"categories":[3],"tags":[],"class_list":["post-30868","post","type-post","status-publish","format-standard","has-post-thumbnail","hentry","category-novosti"],"acf":{"facebook_opis":""},"jetpack_publicize_connections":[],"jetpack_featured_media_url":"https:\/\/i0.wp.com\/historiografija.hr\/wp-content\/uploads\/2021\/12\/povijesne-kontroverze.jpg?fit=1920%2C1080&ssl=1","jetpack_sharing_enabled":true,"jetpack-related-posts":[{"id":54520,"url":"https:\/\/historiografija.hr\/?p=54520","url_meta":{"origin":30868,"position":0},"title":"\u201ePrilozi za povijest Broda i okolice\u201c. Knjiga 7","author":"Branimir Jankovi\u0107","date":"8. srpnja 2026.","format":false,"excerpt":"U okviru Hrvatskog instituta za povijest \u2013 Podru\u017enice za povijest Slavonije, Srijema i Baranje objavljen je sedmi svezak povremenika Prilozi za povijest Broda i okolice \u010diji je urednik Robert Skenderovi\u0107. Uvodna rije\u010d urednika\u00a0 Ovim, sedmim sveskom nastavljamo objavljivanje povremenika Prilozi za povijest Broda i okolice u izdanju na\u0161e Podru\u017enice. Slijede\u0107i\u2026","rel":"","context":"U &quot;Knjige&quot;","block_context":{"text":"Knjige","link":"https:\/\/historiografija.hr\/?cat=8"},"img":{"alt_text":"","src":"https:\/\/i0.wp.com\/historiografija.hr\/wp-content\/uploads\/2026\/07\/Prilozi-za-povijest-Broda-i-okolice-naslov.png?fit=661%2C426&ssl=1&resize=350%2C200","width":350,"height":200,"srcset":"https:\/\/i0.wp.com\/historiografija.hr\/wp-content\/uploads\/2026\/07\/Prilozi-za-povijest-Broda-i-okolice-naslov.png?fit=661%2C426&ssl=1&resize=350%2C200 1x, https:\/\/i0.wp.com\/historiografija.hr\/wp-content\/uploads\/2026\/07\/Prilozi-za-povijest-Broda-i-okolice-naslov.png?fit=661%2C426&ssl=1&resize=525%2C300 1.5x"},"classes":[]},{"id":54858,"url":"https:\/\/historiografija.hr\/?p=54858","url_meta":{"origin":30868,"position":1},"title":"Otvorena izlo\u017eba \u201eJadransko i jonsko brodovlje u novom vijeku (1650. \u2013 1850.)\u201c u Trstu","author":"Filip \u0160imunjak","date":"3. kolovoza 2026.","format":false,"excerpt":"Pomorski muzej u Trstu, Magazzino 26, prizemlje, 30. srpnja \u2013 20. rujna 2026. Izlo\u017eba je nastala na temelju analize pribli\u017eno 20.000 dokumenata iz 18. stolje\u0107a koje su izradile razli\u010dite jadranske i jonske kancelarije. Rije\u010d je o zapisima o ulascima i izlascima brodova iz luka, registrima bratov\u0161tina pomoraca, registrima kapetana i\u2026","rel":"","context":"U &quot;Izlo\u017ebe&quot;","block_context":{"text":"Izlo\u017ebe","link":"https:\/\/historiografija.hr\/?cat=10"},"img":{"alt_text":"","src":"https:\/\/i0.wp.com\/historiografija.hr\/wp-content\/uploads\/2026\/08\/Jadransko-i-jonsko-brodovlje-izlozba.webp?fit=1200%2C667&ssl=1&resize=350%2C200","width":350,"height":200,"srcset":"https:\/\/i0.wp.com\/historiografija.hr\/wp-content\/uploads\/2026\/08\/Jadransko-i-jonsko-brodovlje-izlozba.webp?fit=1200%2C667&ssl=1&resize=350%2C200 1x, https:\/\/i0.wp.com\/historiografija.hr\/wp-content\/uploads\/2026\/08\/Jadransko-i-jonsko-brodovlje-izlozba.webp?fit=1200%2C667&ssl=1&resize=525%2C300 1.5x, https:\/\/i0.wp.com\/historiografija.hr\/wp-content\/uploads\/2026\/08\/Jadransko-i-jonsko-brodovlje-izlozba.webp?fit=1200%2C667&ssl=1&resize=700%2C400 2x, https:\/\/i0.wp.com\/historiografija.hr\/wp-content\/uploads\/2026\/08\/Jadransko-i-jonsko-brodovlje-izlozba.webp?fit=1200%2C667&ssl=1&resize=1050%2C600 3x"},"classes":[]},{"id":54750,"url":"https:\/\/historiografija.hr\/?p=54750","url_meta":{"origin":30868,"position":2},"title":"Alta voce et calamo acri: zbornik povodom sedamdesetog ro\u0111endana Mladena An\u010di\u0107a","author":"Branimir Jankovi\u0107","date":"22. srpnja 2026.","format":false,"excerpt":"Novo suizdanje Sveu\u010dili\u0161ta u Zadru i Hrvatske akademije znanosti i umjetnosti\u00a0Alta voce et calamo acri: zbornik povodom sedamdesetog ro\u0111endana Mladena An\u010di\u0107a urednika Ante Brali\u0107a, Nikole Markulina, Antuna Neki\u0107a i Tomislava Popi\u0107a. U nakladi Sveu\u010dili\u0161ta u Zadru i sunakladni\u0161tvu Hrvatske akademije znanosti i umjetnosti tiskan je zbornik znanstvenih radova \u201eAlta voce\u2026","rel":"","context":"U &quot;Knjige&quot;","block_context":{"text":"Knjige","link":"https:\/\/historiografija.hr\/?cat=8"},"img":{"alt_text":"","src":"https:\/\/i0.wp.com\/historiografija.hr\/wp-content\/uploads\/2026\/07\/zbornik-Ancic.jpg?fit=420%2C600&ssl=1&resize=350%2C200","width":350,"height":200},"classes":[]},{"id":53723,"url":"https:\/\/historiografija.hr\/?p=53723","url_meta":{"origin":30868,"position":3},"title":"Od Krle\u017ee i Galicije do DNK ranih Slavena: Leksikografski zavod suorganizirao slavisti\u010dki kolokvij u Lavovu","author":"Filip \u0160imunjak","date":"26. svibnja 2026.","format":false,"excerpt":"Leksikografski zavod Miroslav Krle\u017ea suorganizator 33. me\u0111unarodnoga slavisti\u010dkoga kolokvija u LavovuZAGREB\/LAVOV, 22. svibnja 2026. \u2013 Leksikografski zavod Miroslav Krle\u017ea jedan je od suorganizatora 33. me\u0111unarodnoga slavisti\u010dkoga kolokvija koji je 21. i 22. svibnja odr\u017ean u organizaciji i doma\u0107instvu Dr\u017eavnog sveu\u010dili\u0161ta Ivana Franka u Lavovu. Zbog ratnih okolnosti u Ukrajini vi\u0161e\u2026","rel":"","context":"U &quot;Novosti&quot;","block_context":{"text":"Novosti","link":"https:\/\/historiografija.hr\/?cat=3"},"img":{"alt_text":"","src":"https:\/\/i0.wp.com\/historiografija.hr\/wp-content\/uploads\/2026\/05\/Od-Krleze-i-Galicije-do-DNK-ranih-Slavena-scaled.jpg?fit=1200%2C771&ssl=1&resize=350%2C200","width":350,"height":200,"srcset":"https:\/\/i0.wp.com\/historiografija.hr\/wp-content\/uploads\/2026\/05\/Od-Krleze-i-Galicije-do-DNK-ranih-Slavena-scaled.jpg?fit=1200%2C771&ssl=1&resize=350%2C200 1x, https:\/\/i0.wp.com\/historiografija.hr\/wp-content\/uploads\/2026\/05\/Od-Krleze-i-Galicije-do-DNK-ranih-Slavena-scaled.jpg?fit=1200%2C771&ssl=1&resize=525%2C300 1.5x, https:\/\/i0.wp.com\/historiografija.hr\/wp-content\/uploads\/2026\/05\/Od-Krleze-i-Galicije-do-DNK-ranih-Slavena-scaled.jpg?fit=1200%2C771&ssl=1&resize=700%2C400 2x, https:\/\/i0.wp.com\/historiografija.hr\/wp-content\/uploads\/2026\/05\/Od-Krleze-i-Galicije-do-DNK-ranih-Slavena-scaled.jpg?fit=1200%2C771&ssl=1&resize=1050%2C600 3x"},"classes":[]},{"id":53890,"url":"https:\/\/historiografija.hr\/?p=53890","url_meta":{"origin":30868,"position":4},"title":"Izlo\u017eba &#8220;Srednjovjekovna stolje\u0107a Zrina&#8221;","author":"Branimir Jankovi\u0107","date":"1. lipnja 2026.","format":false,"excerpt":"Na Dan dr\u017eavnosti (30. svibnja 2026. godine) u Zrinu je odr\u017eana manifestacija Dani Zrinskih u organizaciji LAGUNA. Cilj joj je bio o\u017eivjeti taj kraj te\u0161ko stradao tijekom Drugoga svjetskoga rata i Domovinskog rata, temelje\u0107i turisti\u010dku ponudu na izrazito bogatoj kulturnoj ba\u0161tini. Manifestacija je zapo\u010dela euharistijskim slavljem pored ru\u0161evina srednjovjekovne goti\u010dke\u2026","rel":"","context":"U &quot;Izlo\u017ebe&quot;","block_context":{"text":"Izlo\u017ebe","link":"https:\/\/historiografija.hr\/?cat=10"},"img":{"alt_text":"","src":"https:\/\/i0.wp.com\/historiografija.hr\/wp-content\/uploads\/2026\/06\/Zrin.jpg?fit=1024%2C500&ssl=1&resize=350%2C200","width":350,"height":200,"srcset":"https:\/\/i0.wp.com\/historiografija.hr\/wp-content\/uploads\/2026\/06\/Zrin.jpg?fit=1024%2C500&ssl=1&resize=350%2C200 1x, https:\/\/i0.wp.com\/historiografija.hr\/wp-content\/uploads\/2026\/06\/Zrin.jpg?fit=1024%2C500&ssl=1&resize=525%2C300 1.5x, https:\/\/i0.wp.com\/historiografija.hr\/wp-content\/uploads\/2026\/06\/Zrin.jpg?fit=1024%2C500&ssl=1&resize=700%2C400 2x"},"classes":[]},{"id":54612,"url":"https:\/\/historiografija.hr\/?p=54612","url_meta":{"origin":30868,"position":5},"title":"Kristina Palokaj Perkola, \u201eThe Outlines of a Social History of Music in Kosovo, 1945\u00a0\u00a0to 2020\u201c","author":"Branimir Jankovi\u0107","date":"15. srpnja 2026.","format":false,"excerpt":"Autorica Kristina Palokaj Perkola u knjizi The Outlines of a Social History of Music in Kosovo, 1945\u00a0\u00a0to 2020 donosi prvi cjelovit prikaz dru\u0161tvene povijesti glazbe na Kosovu od 1945. do 2020. godine, istra\u017euju\u0107i razvoj glazbenog \u017eivota, institucija i skladateljskog stvarala\u0161tva u njihovu povijesnom i dru\u0161tvenom kontekstu. O knjizi Knjiga Kristine\u2026","rel":"","context":"U &quot;Knjige&quot;","block_context":{"text":"Knjige","link":"https:\/\/historiografija.hr\/?cat=8"},"img":{"alt_text":"","src":"https:\/\/i0.wp.com\/historiografija.hr\/wp-content\/uploads\/2026\/07\/Perkola_SocijalnaPovijest-glazbe-na-Kosovu-naslovnica.jpg?fit=851%2C1200&ssl=1&resize=350%2C200","width":350,"height":200,"srcset":"https:\/\/i0.wp.com\/historiografija.hr\/wp-content\/uploads\/2026\/07\/Perkola_SocijalnaPovijest-glazbe-na-Kosovu-naslovnica.jpg?fit=851%2C1200&ssl=1&resize=350%2C200 1x, https:\/\/i0.wp.com\/historiografija.hr\/wp-content\/uploads\/2026\/07\/Perkola_SocijalnaPovijest-glazbe-na-Kosovu-naslovnica.jpg?fit=851%2C1200&ssl=1&resize=525%2C300 1.5x, https:\/\/i0.wp.com\/historiografija.hr\/wp-content\/uploads\/2026\/07\/Perkola_SocijalnaPovijest-glazbe-na-Kosovu-naslovnica.jpg?fit=851%2C1200&ssl=1&resize=700%2C400 2x"},"classes":[]}],"_links":{"self":[{"href":"https:\/\/historiografija.hr\/index.php?rest_route=\/wp\/v2\/posts\/30868","targetHints":{"allow":["GET"]}}],"collection":[{"href":"https:\/\/historiografija.hr\/index.php?rest_route=\/wp\/v2\/posts"}],"about":[{"href":"https:\/\/historiografija.hr\/index.php?rest_route=\/wp\/v2\/types\/post"}],"author":[{"embeddable":true,"href":"https:\/\/historiografija.hr\/index.php?rest_route=\/wp\/v2\/users\/2"}],"replies":[{"embeddable":true,"href":"https:\/\/historiografija.hr\/index.php?rest_route=%2Fwp%2Fv2%2Fcomments&post=30868"}],"version-history":[{"count":2,"href":"https:\/\/historiografija.hr\/index.php?rest_route=\/wp\/v2\/posts\/30868\/revisions"}],"predecessor-version":[{"id":30943,"href":"https:\/\/historiografija.hr\/index.php?rest_route=\/wp\/v2\/posts\/30868\/revisions\/30943"}],"wp:featuredmedia":[{"embeddable":true,"href":"https:\/\/historiografija.hr\/index.php?rest_route=\/wp\/v2\/media\/28920"}],"wp:attachment":[{"href":"https:\/\/historiografija.hr\/index.php?rest_route=%2Fwp%2Fv2%2Fmedia&parent=30868"}],"wp:term":[{"taxonomy":"category","embeddable":true,"href":"https:\/\/historiografija.hr\/index.php?rest_route=%2Fwp%2Fv2%2Fcategories&post=30868"},{"taxonomy":"post_tag","embeddable":true,"href":"https:\/\/historiografija.hr\/index.php?rest_route=%2Fwp%2Fv2%2Ftags&post=30868"}],"curies":[{"name":"wp","href":"https:\/\/api.w.org\/{rel}","templated":true}]}}