{"id":30837,"date":"2022-04-11T19:01:17","date_gmt":"2022-04-11T19:01:17","guid":{"rendered":"http:\/\/historiografija.hr\/?p=30837"},"modified":"2022-04-14T13:59:42","modified_gmt":"2022-04-14T13:59:42","slug":"promocija-knjige-ive-goldsteina-antisemitizam-u-hrvatskoj-od-srednjeg-vijeka-do-danas","status":"publish","type":"post","link":"https:\/\/historiografija.hr\/?p=30837","title":{"rendered":"Promocija knjige Ive Goldsteina \u201cAntisemitizam u Hrvatskoj od srednjeg vijeka do danas\u201d"},"content":{"rendered":"\n<p>Dana <strong>12. 4. u 20 sati u Novinarskom domu<\/strong> u Zagrebu odr\u017eat \u0107e se promocija knjige istaknutog povjesni\u010dara <strong>Ive Goldsteina <em>Antisemitizam u Hrvatskoj od srednjeg vijeka do danas.&nbsp;<\/em><\/strong>O knjizi govore autor <strong>Ivo Goldstein <\/strong>i urednik <strong>Vuk Peri\u0161i\u0107<\/strong>. Razgovor moderira <strong>Seid Serdarevi\u0107<\/strong>.<\/p>\n\n\n\n<p>Nova knjiga istaknutog povjesni\u010dara <strong>Ive Goldsteina <em>Antisemitizam u Hrvatskoj od srednjeg vijeka do danas<\/em> <\/strong>minuciozno, uz citiranje mno\u0161tva dokumenata i novinskih \u010dlanaka, prikazuje proces stvaranja i ra\u0111anja mr\u017enje prema drugome i druga\u010dijem koja je dovela i do Holokausta. Ivo Goldstein pokazuje da ni Hrvatska nije bila po\u0161te\u0111ena tog puta. Ova knjiga va\u017ena je opomena o na\u010dinu na koji propaganda s oltara i novina lako dovodi do zlo\u010dina.<\/p>\n\n\n\n<p>O knjizi:<\/p>\n\n\n\n<p>Knjiga profesora povijesti Ive Goldsteina <em>Antisemitizam u Hrvatskoj od srednjeg vijeka do danas<\/em> na impresivnih 640 stranica pokazuje korijene i razvoj mr\u017enje prema \u017didovima. Ne\u0161to \u0161to je zapo\u010delo kao drevni kr\u0161\u0107anski antijudizam svoj krvavi finale dobilo je u Holokaustu. Ivo Goldstein u knjizi opisuje taj proces u Hrvatskoj, dokumentiraju\u0107i ga arhivskom gra\u0111om, novinskim \u010dlancima, politi\u010dkim govorima\u2026 Ova knjiga enciklopedija je be\u0161\u010da\u0161\u0107a, katalog gluposti i mr\u017enje, na koje nisu bila imuna ni neka slavna imena hrvatske politike i kulture. Pi\u0161u\u0107i o antisemitizmu, Ivo Goldstein ustvari pi\u0161e svevremensku analizu ljudske mr\u017enje. Jer, antisemit sigurno ne mrzi samo \u017didove. Onaj tko je u stanju mrziti i ubijati, a kao kriterij pritom uzimati ne\u010diju rasu, vjeru ili etni\u010dku pripadnost, te\u0161ko da je sposoban ikoga i i\u0161ta iskreno voljeti. Zato fokus ove knjige jest na \u017didovima, ali je to ustvari knjiga o ljudskom rodu i mr\u017enji kao univerzalnoj emociji. <em>Antisemitizam u Hrvatskoj od srednjeg vijeka do danas<\/em> po\u010dinje sada ve\u0107 dalekom pro\u0161lo\u0161\u0107u, ali zavr\u0161ava kao upozorenje o budu\u0107nosti koja je pred nama. Bez sumnje u dana\u0161njem trenutku, jednako kao i uvijek, ovo je knjiga koju treba \u010ditati i vra\u0107ati joj se jer od govora mr\u017enje do zlo\u010dina malen je korak.<\/p>\n\n\n\n<p>Izvor:<\/p>\n\n\n\n<p><a href=\"https:\/\/magazin.fraktura.hr\/hr\/dogadaji\/tribina-razotkrivanje-ivo-goldstein-antisemitizam-u-hrvatskoj-od-srednjega-vijeka-do-danas\">https:\/\/magazin.fraktura.hr\/hr\/dogadaji\/tribina-razotkrivanje-ivo-goldstein-antisemitizam-u-hrvatskoj-od-srednjega-vijeka-do-danas<\/a><\/p>\n\n\n\n<hr class=\"wp-block-separator\"\/>\n\n\n\n<p><strong>Vi\u0161e o knjizi:<\/strong><\/p>\n\n\n\n<p><a href=\"https:\/\/fraktura.hr\/antisemitizam-u-hrvatskoj-od-srednjega-vijeka-do-danas.html\">https:\/\/fraktura.hr\/antisemitizam-u-hrvatskoj-od-srednjega-vijeka-do-danas.html<\/a><\/p>\n\n\n\n<p><a href=\"https:\/\/www.portalnovosti.com\/ustase-hrvati-i-zidovi\">https:\/\/www.portalnovosti.com\/ustase-hrvati-i-zidovi<\/a><\/p>\n\n\n\n<hr class=\"wp-block-separator\"\/>\n\n\n\n<p><\/p>\n","protected":false},"excerpt":{"rendered":"","protected":false},"author":2,"featured_media":30838,"comment_status":"open","ping_status":"open","sticky":false,"template":"","format":"standard","meta":{"_acf_changed":false,"_jetpack_newsletter_access":"","_jetpack_dont_email_post_to_subs":false,"_jetpack_newsletter_tier_id":0,"_jetpack_memberships_contains_paywalled_content":false,"_jetpack_memberships_contains_paid_content":false,"footnotes":"","jetpack_publicize_message":"","jetpack_publicize_feature_enabled":true,"jetpack_social_post_already_shared":true,"jetpack_social_options":{"image_generator_settings":{"template":"highway","default_image_id":0,"font":"","enabled":false},"version":2},"jetpack_post_was_ever_published":false},"categories":[3],"tags":[],"class_list":["post-30837","post","type-post","status-publish","format-standard","has-post-thumbnail","hentry","category-novosti"],"acf":{"facebook_opis":""},"jetpack_publicize_connections":[],"jetpack_featured_media_url":"https:\/\/i0.wp.com\/historiografija.hr\/wp-content\/uploads\/2022\/04\/antisemitizam_f_magazin.png?fit=770%2C385&ssl=1","jetpack_sharing_enabled":true,"jetpack-related-posts":[{"id":54626,"url":"https:\/\/historiografija.hr\/?p=54626","url_meta":{"origin":30837,"position":0},"title":"Olga Supek, &#8220;A hundred years of bread and wine: The culture, history and economy of a Croatian village&#8221;","author":"Branimir Jankovi\u0107","date":"16. srpnja 2026.","format":false,"excerpt":"U izdanju Instituta za etnologiju i folkloristiku objavljena je 2026. godine e-knjiga A hundred years of bread and wine: The culture, history and economy of a Croatian village autorice Olge Supek. Ova e-knjiga njezina je doktorska disertacija koju je obranila 1982. godine na Sveu\u010dili\u0161tu Michigan u Ann Arboru u Sjedinjenim\u2026","rel":"","context":"U &quot;E-knjige&quot;","block_context":{"text":"E-knjige","link":"https:\/\/historiografija.hr\/?cat=19"},"img":{"alt_text":"","src":"https:\/\/i0.wp.com\/historiografija.hr\/wp-content\/uploads\/2026\/07\/A-hundred-years-of-bread-and-wine.png?fit=647%2C913&ssl=1&resize=350%2C200","width":350,"height":200,"srcset":"https:\/\/i0.wp.com\/historiografija.hr\/wp-content\/uploads\/2026\/07\/A-hundred-years-of-bread-and-wine.png?fit=647%2C913&ssl=1&resize=350%2C200 1x, https:\/\/i0.wp.com\/historiografija.hr\/wp-content\/uploads\/2026\/07\/A-hundred-years-of-bread-and-wine.png?fit=647%2C913&ssl=1&resize=525%2C300 1.5x"},"classes":[]},{"id":54456,"url":"https:\/\/historiografija.hr\/?p=54456","url_meta":{"origin":30837,"position":1},"title":"Promocija knjige &#8220;Dotr\u0161\u010dina&#8221;","author":"Branimir Jankovi\u0107","date":"3. srpnja 2026.","format":false,"excerpt":"Promocija knjige Dotr\u0161\u010dina odr\u017eat \u0107e se utorak, 7. 7. 2026. u 19 sati u dvorani KIC-a u Zagrebu (Preradovi\u0107eva 5). Spomen-park Dotr\u0161\u010dina najva\u017eniji je zagreba\u010dki memorijalni prostor, mjesto najve\u0107eg masovnog zlo\u010dina u povijesti glavnoga grada, najva\u017enija lokacija Holokausta u Zagrebu i jedno od namasovnijih strati\u0161ta II. svjetskog rata u Hrvatskoj.\u2026","rel":"","context":"U &quot;Novosti&quot;","block_context":{"text":"Novosti","link":"https:\/\/historiografija.hr\/?cat=3"},"img":{"alt_text":"","src":"https:\/\/i0.wp.com\/historiografija.hr\/wp-content\/uploads\/2026\/07\/sanjin-kastelan.webp?fit=1170%2C662&ssl=1&resize=350%2C200","width":350,"height":200,"srcset":"https:\/\/i0.wp.com\/historiografija.hr\/wp-content\/uploads\/2026\/07\/sanjin-kastelan.webp?fit=1170%2C662&ssl=1&resize=350%2C200 1x, https:\/\/i0.wp.com\/historiografija.hr\/wp-content\/uploads\/2026\/07\/sanjin-kastelan.webp?fit=1170%2C662&ssl=1&resize=525%2C300 1.5x, https:\/\/i0.wp.com\/historiografija.hr\/wp-content\/uploads\/2026\/07\/sanjin-kastelan.webp?fit=1170%2C662&ssl=1&resize=700%2C400 2x, https:\/\/i0.wp.com\/historiografija.hr\/wp-content\/uploads\/2026\/07\/sanjin-kastelan.webp?fit=1170%2C662&ssl=1&resize=1050%2C600 3x"},"classes":[]},{"id":53010,"url":"https:\/\/historiografija.hr\/?p=53010","url_meta":{"origin":30837,"position":2},"title":"Predstavljena knjiga An\u0111elka Akrapa &#8220;Stanovni\u0161tvo u Hrvatskoj kroz stolje\u0107a&#8221;","author":"Branimir Jankovi\u0107","date":"7. svibnja 2026.","format":false,"excerpt":"U Matici hrvatskoj 5. svibnja 2026. predstavljena je knjiga Stanovni\u0161tvo u Hrvatskoj kroz stolje\u0107a akademika An\u0111elka Akrapa, ujedno i \u010dlana Glavnoga odbora Matice hrvatske. Na predstavljanju su govorili: Ivan Rogi\u0107, Mladen Klemen\u010di\u0107, Ivan Jurkovi\u0107 i autor An\u0111elko Akrap. Na predstavljanju se tra\u017eilo mjesto vi\u0161e, nazo\u010dile su brojne osobe iz akademskog\u2026","rel":"","context":"U &quot;Novosti&quot;","block_context":{"text":"Novosti","link":"https:\/\/historiografija.hr\/?cat=3"},"img":{"alt_text":"","src":"https:\/\/i0.wp.com\/historiografija.hr\/wp-content\/uploads\/2026\/05\/Akrap.jpg?fit=680%2C544&ssl=1&resize=350%2C200","width":350,"height":200,"srcset":"https:\/\/i0.wp.com\/historiografija.hr\/wp-content\/uploads\/2026\/05\/Akrap.jpg?fit=680%2C544&ssl=1&resize=350%2C200 1x, https:\/\/i0.wp.com\/historiografija.hr\/wp-content\/uploads\/2026\/05\/Akrap.jpg?fit=680%2C544&ssl=1&resize=525%2C300 1.5x"},"classes":[]},{"id":54465,"url":"https:\/\/historiografija.hr\/?p=54465","url_meta":{"origin":30837,"position":3},"title":"Hilaire Belloc, \u201eEuropa i vjera\u201c","author":"Branimir Jankovi\u0107","date":"6. srpnja 2026.","format":false,"excerpt":"Protekle godine objavljen je prijevod knjige \u201eEurope and the Faith\u201c Hilairea Belloca, engleskog i francuskog katoli\u010dkog povjesni\u010dara u izdanju izdava\u010dke ku\u0107e Verbum, koju je na hrvatski jezik preveo Josip Vrande\u010di\u0107.\u00a0 O knjizi:\u00a0 \u0160to zapravo zna\u010di biti Europljanin? Koji je istinski temelj na\u0161e civilizacije? U ovom klasi\u010dnom djelu \u010duveni povjesni\u010dar i\u2026","rel":"","context":"U &quot;Knjige&quot;","block_context":{"text":"Knjige","link":"https:\/\/historiografija.hr\/?cat=8"},"img":{"alt_text":"","src":"https:\/\/i0.wp.com\/historiografija.hr\/wp-content\/uploads\/2026\/07\/Europa-i-vjera-knjiga.jpg?fit=400%2C274&ssl=1&resize=350%2C200","width":350,"height":200},"classes":[]},{"id":53092,"url":"https:\/\/historiografija.hr\/?p=53092","url_meta":{"origin":30837,"position":4},"title":"Promocija knjige Igora Mrkalja, \u201cUsta\u0161ki teror i genocid \u2013 primjer Gline i glinskoga kotara 1941.-1942. godine\u201d u Glini","author":"Branimir Jankovi\u0107","date":"11. svibnja 2026.","format":false,"excerpt":"U srijedu 13. maja 2026. u 18 sati u Srpskom kulturnom centru \u201cJosif Runjanin\u201d u Glini odr\u017eava se promocija znanstvene monografije Igora Mrkalja, \u201cUsta\u0161ki teror i genocid \u2013 primjer Gline i glinskoga kotara 1941.-1942. godine\u201d. Knjigu \u0107e predstaviti prof. dr. Ivo Goldstein, povjesni\u010dar Milan Radanovi\u0107, politolog Ilija Rani\u0107 i autor.\u2026","rel":"","context":"U &quot;Novosti&quot;","block_context":{"text":"Novosti","link":"https:\/\/historiografija.hr\/?cat=3"},"img":{"alt_text":"","src":"https:\/\/i0.wp.com\/historiografija.hr\/wp-content\/uploads\/2026\/05\/Knjiga-korice-naslovnica.jpg?fit=774%2C744&ssl=1&resize=350%2C200","width":350,"height":200,"srcset":"https:\/\/i0.wp.com\/historiografija.hr\/wp-content\/uploads\/2026\/05\/Knjiga-korice-naslovnica.jpg?fit=774%2C744&ssl=1&resize=350%2C200 1x, https:\/\/i0.wp.com\/historiografija.hr\/wp-content\/uploads\/2026\/05\/Knjiga-korice-naslovnica.jpg?fit=774%2C744&ssl=1&resize=525%2C300 1.5x, https:\/\/i0.wp.com\/historiografija.hr\/wp-content\/uploads\/2026\/05\/Knjiga-korice-naslovnica.jpg?fit=774%2C744&ssl=1&resize=700%2C400 2x"},"classes":[]},{"id":54991,"url":"https:\/\/historiografija.hr\/?p=54991","url_meta":{"origin":30837,"position":5},"title":"Renesansni festival Koprivnica (20. \u2013 23. kolovoza 2026.)","author":"Branimir Jankovi\u0107","date":"17. kolovoza 2026.","format":false,"excerpt":"Krajem kolovoza, kada se na ostacima koprivni\u010dkih bedema upale baklje, a grad ispune vitezovi, obrtnici, dvorske lude i putuju\u0107i trgovci, Koprivnica na nekoliko dana postaje prava renesansna pozornica. Renesansni festival nije tek manifestacija koju se promatra, to je istinsko iskustvo u koje treba uroniti. Povratak u vrijeme kada su ulicama\u2026","rel":"","context":"U &quot;Manifestacije o\u017eivljene povijesti&quot;","block_context":{"text":"Manifestacije o\u017eivljene povijesti","link":"https:\/\/historiografija.hr\/?cat=16"},"img":{"alt_text":"","src":"https:\/\/i0.wp.com\/historiografija.hr\/wp-content\/uploads\/2026\/08\/Festival-2026.jpg?fit=1200%2C675&ssl=1&resize=350%2C200","width":350,"height":200,"srcset":"https:\/\/i0.wp.com\/historiografija.hr\/wp-content\/uploads\/2026\/08\/Festival-2026.jpg?fit=1200%2C675&ssl=1&resize=350%2C200 1x, https:\/\/i0.wp.com\/historiografija.hr\/wp-content\/uploads\/2026\/08\/Festival-2026.jpg?fit=1200%2C675&ssl=1&resize=525%2C300 1.5x, https:\/\/i0.wp.com\/historiografija.hr\/wp-content\/uploads\/2026\/08\/Festival-2026.jpg?fit=1200%2C675&ssl=1&resize=700%2C400 2x, https:\/\/i0.wp.com\/historiografija.hr\/wp-content\/uploads\/2026\/08\/Festival-2026.jpg?fit=1200%2C675&ssl=1&resize=1050%2C600 3x"},"classes":[]}],"_links":{"self":[{"href":"https:\/\/historiografija.hr\/index.php?rest_route=\/wp\/v2\/posts\/30837","targetHints":{"allow":["GET"]}}],"collection":[{"href":"https:\/\/historiografija.hr\/index.php?rest_route=\/wp\/v2\/posts"}],"about":[{"href":"https:\/\/historiografija.hr\/index.php?rest_route=\/wp\/v2\/types\/post"}],"author":[{"embeddable":true,"href":"https:\/\/historiografija.hr\/index.php?rest_route=\/wp\/v2\/users\/2"}],"replies":[{"embeddable":true,"href":"https:\/\/historiografija.hr\/index.php?rest_route=%2Fwp%2Fv2%2Fcomments&post=30837"}],"version-history":[{"count":2,"href":"https:\/\/historiografija.hr\/index.php?rest_route=\/wp\/v2\/posts\/30837\/revisions"}],"predecessor-version":[{"id":30908,"href":"https:\/\/historiografija.hr\/index.php?rest_route=\/wp\/v2\/posts\/30837\/revisions\/30908"}],"wp:featuredmedia":[{"embeddable":true,"href":"https:\/\/historiografija.hr\/index.php?rest_route=\/wp\/v2\/media\/30838"}],"wp:attachment":[{"href":"https:\/\/historiografija.hr\/index.php?rest_route=%2Fwp%2Fv2%2Fmedia&parent=30837"}],"wp:term":[{"taxonomy":"category","embeddable":true,"href":"https:\/\/historiografija.hr\/index.php?rest_route=%2Fwp%2Fv2%2Fcategories&post=30837"},{"taxonomy":"post_tag","embeddable":true,"href":"https:\/\/historiografija.hr\/index.php?rest_route=%2Fwp%2Fv2%2Ftags&post=30837"}],"curies":[{"name":"wp","href":"https:\/\/api.w.org\/{rel}","templated":true}]}}