{"id":30796,"date":"2022-04-07T22:33:16","date_gmt":"2022-04-07T22:33:16","guid":{"rendered":"http:\/\/historiografija.hr\/?p=30796"},"modified":"2022-04-07T22:33:16","modified_gmt":"2022-04-07T22:33:16","slug":"promocija-knjige-amira-brke-kenotaf-za-ubijene-tesanjske-rome-u-tesnju","status":"publish","type":"post","link":"https:\/\/historiografija.hr\/?p=30796","title":{"rendered":"Promocija knjige Amira Brke \u201eKenotaf za ubijene te\u0161anjske Rome\u201c u Te\u0161nju"},"content":{"rendered":"\n<p>Povodom Svjetskog dana Roma u Te\u0161nju \u0107e biti promovirana knjiga \u201eKenotaf za ubijene te\u0161anjske Rome\u201c Amira Brke. Knjigu su objavili Udru\u017eenje za modernu historiju iz Sarajeva i Centar za kulturu i obrazovanje iz Te\u0161nja.<\/p>\n\n\n\n<p>Rukopis Amira Brke karakteriziraju, izme\u0111u ostalog, intenzivno osje\u0107anje empatije prema Romima, konzistentno prihvatanje etike humanizma i neskrivena sklonost ka &#8211; ka\u017eimo tako &#8211; normativnom ili idealpoliti\u010dkom mi\u0161ljenju koje, kao mi\u0161ljenje lijepih du\u0161a, po svojoj prirodi operira i utopijskim zamislima. U kontekstu tih vrijednosti, zavre\u0111uje ne samo znanstveni nego i svaki moralni i javni respekt Brkino htijenje da svojim istra\u017eiva\u010dkim i interpretativnim pregnu\u0107em parira zaboravljenoj, ignoriranoj, nedovoljno istra\u017eivanoj i, u krajnjemu, unutar velikih i slu\u017ebenih historija titularnih ju\u017enoslavenskih nacija marginaliziranoj historiji tragi\u010dnog bivstvovanja romskog naroda, te da u javnosti afirmira bezpredrasudnu predstavu o Romima kao konkretnim ljudima koji bivaju proganjani, koji pate i koje masovno ubijaju. (Dr. Esad Zgodi\u0107)<\/p>\n\n\n\n<p>Na promociji \u0107e govoriti Husnija Kamberovi\u0107, Enver Kazaz i Amir Brka.<\/p>\n\n\n\n<p>Promocija \u0107e biti u petak, 8. aprila 2022. u Centru za kulturu i obrazovanje u Te\u0161nju.<\/p>\n\n\n\n<hr class=\"wp-block-separator\"\/>\n\n\n\n<p>Izvor:<\/p>\n\n\n\n<p><a href=\"https:\/\/historiografija.ba\/article.php?id=1208\">https:\/\/historiografija.ba\/article.php?id=1208<\/a><\/p>\n\n\n\n<hr class=\"wp-block-separator\"\/>\n","protected":false},"excerpt":{"rendered":"","protected":false},"author":2,"featured_media":30797,"comment_status":"open","ping_status":"open","sticky":false,"template":"","format":"standard","meta":{"_acf_changed":false,"_jetpack_newsletter_access":"","_jetpack_dont_email_post_to_subs":false,"_jetpack_newsletter_tier_id":0,"_jetpack_memberships_contains_paywalled_content":false,"_jetpack_memberships_contains_paid_content":false,"footnotes":"","jetpack_publicize_message":"","jetpack_publicize_feature_enabled":true,"jetpack_social_post_already_shared":true,"jetpack_social_options":{"image_generator_settings":{"template":"highway","default_image_id":0,"font":"","enabled":false},"version":2},"jetpack_post_was_ever_published":false},"categories":[3],"tags":[],"class_list":["post-30796","post","type-post","status-publish","format-standard","has-post-thumbnail","hentry","category-novosti"],"acf":{"facebook_opis":""},"jetpack_publicize_connections":[],"jetpack_featured_media_url":"https:\/\/i0.wp.com\/historiografija.hr\/wp-content\/uploads\/2022\/04\/Amir-Brka_KENOTAF-promocija-Tesanj.jpg?fit=450%2C637&ssl=1","jetpack_sharing_enabled":true,"jetpack-related-posts":[{"id":53616,"url":"https:\/\/historiografija.hr\/?p=53616","url_meta":{"origin":30796,"position":0},"title":"Izabrani novi \u010dlanovi Hrvatske akademije znanosti i umjetnosti (2026)","author":"Branimir Jankovi\u0107","date":"22. svibnja 2026.","format":false,"excerpt":"Hrvatska akademija znanosti i umjetnosti odr\u017eala je u \u010detvrtak 21. svibnja izbornu skup\u0161tinu na kojoj je izabrano 12 novih redovitih \u010dlanova, 7 dopisnih \u010dlanova i 13 \u010dlanova suradnika HAZU. Po prvi put u povijesti Hrvatske akademije za redovite \u010dlanove izabrano je vi\u0161e \u017eena nego mu\u0161karaca \u2013 sedam akademkinja i pet\u2026","rel":"","context":"U &quot;Novosti&quot;","block_context":{"text":"Novosti","link":"https:\/\/historiografija.hr\/?cat=3"},"img":{"alt_text":"","src":"https:\/\/i0.wp.com\/historiografija.hr\/wp-content\/uploads\/2026\/05\/akademici-svi.jpg?fit=1061%2C441&ssl=1&resize=350%2C200","width":350,"height":200,"srcset":"https:\/\/i0.wp.com\/historiografija.hr\/wp-content\/uploads\/2026\/05\/akademici-svi.jpg?fit=1061%2C441&ssl=1&resize=350%2C200 1x, https:\/\/i0.wp.com\/historiografija.hr\/wp-content\/uploads\/2026\/05\/akademici-svi.jpg?fit=1061%2C441&ssl=1&resize=525%2C300 1.5x, https:\/\/i0.wp.com\/historiografija.hr\/wp-content\/uploads\/2026\/05\/akademici-svi.jpg?fit=1061%2C441&ssl=1&resize=700%2C400 2x, https:\/\/i0.wp.com\/historiografija.hr\/wp-content\/uploads\/2026\/05\/akademici-svi.jpg?fit=1061%2C441&ssl=1&resize=1050%2C600 3x"},"classes":[]},{"id":26186,"url":"https:\/\/historiografija.hr\/?p=26186","url_meta":{"origin":30796,"position":1},"title":"Kliofest 2021: Konferencija \u201cPROTIV historijskog revizionizma, ZA reviziju povijesnih spoznaja\u201d","author":"Branimir Jankovi\u0107","date":"10. svibnja 2021.","format":false,"excerpt":"PROTIV historijskog revizionizma, ZA reviziju povijesnih spoznaja naslov je konferencije planirane ove godine u okviru festivala Kliofest (odr\u017eat \u0107e se 12. svibnja izme\u0111u 11 i 14 sati), u sklopu projekta Histoire pour la libert\u00e9, koji financira Europska komisija iz programa \u201eEuropa za gra\u0111ane\u201c. Njezina je temeljna ideja upravo poticanje rasprave\u2026","rel":"","context":"U &quot;Novosti&quot;","block_context":{"text":"Novosti","link":"https:\/\/historiografija.hr\/?cat=3"},"img":{"alt_text":"","src":"https:\/\/i0.wp.com\/historiografija.hr\/wp-content\/uploads\/2021\/05\/ZG-histoire.jpg?fit=1024%2C1024&ssl=1&resize=350%2C200","width":350,"height":200,"srcset":"https:\/\/i0.wp.com\/historiografija.hr\/wp-content\/uploads\/2021\/05\/ZG-histoire.jpg?fit=1024%2C1024&ssl=1&resize=350%2C200 1x, https:\/\/i0.wp.com\/historiografija.hr\/wp-content\/uploads\/2021\/05\/ZG-histoire.jpg?fit=1024%2C1024&ssl=1&resize=525%2C300 1.5x, https:\/\/i0.wp.com\/historiografija.hr\/wp-content\/uploads\/2021\/05\/ZG-histoire.jpg?fit=1024%2C1024&ssl=1&resize=700%2C400 2x"},"classes":[]},{"id":52768,"url":"https:\/\/historiografija.hr\/?p=52768","url_meta":{"origin":30796,"position":2},"title":"Poziv za prijavu na me\u0111unarodni ljetni kamp za mlade \u201cYouth in Cold-War Europe\u201d","author":"Filip \u0160imunjak","date":"30. travnja 2026.","format":false,"excerpt":"Otvoren je poziv za prijavu na me\u0111unarodni ljetni kamp \"Youth in Cold-War Europe\", koji se odr\u017eava od 28.08. do 06.09. 2026. godine u Weimaru (Njema\u010dka). Kamp se odr\u017eava u organizaciji Europskog centra za obrazovanje mladih (EJBW) iz Weimara i njegovih me\u0111unarodnih partnera, te uz financijsku podr\u0161ku Europske unije i Savezne\u2026","rel":"","context":"U &quot;Novosti&quot;","block_context":{"text":"Novosti","link":"https:\/\/historiografija.hr\/?cat=3"},"img":{"alt_text":"","src":"https:\/\/i0.wp.com\/historiografija.hr\/wp-content\/uploads\/2026\/04\/LJETNI-KAMP-ZA-MLADE-YOUTH-IN-COLD-WAR-EUROPE.jpg?fit=667%2C375&ssl=1&resize=350%2C200","width":350,"height":200,"srcset":"https:\/\/i0.wp.com\/historiografija.hr\/wp-content\/uploads\/2026\/04\/LJETNI-KAMP-ZA-MLADE-YOUTH-IN-COLD-WAR-EUROPE.jpg?fit=667%2C375&ssl=1&resize=350%2C200 1x, https:\/\/i0.wp.com\/historiografija.hr\/wp-content\/uploads\/2026\/04\/LJETNI-KAMP-ZA-MLADE-YOUTH-IN-COLD-WAR-EUROPE.jpg?fit=667%2C375&ssl=1&resize=525%2C300 1.5x"},"classes":[]},{"id":53068,"url":"https:\/\/historiografija.hr\/?p=53068","url_meta":{"origin":30796,"position":3},"title":"Govor laureata Nagrade \u201eJaroslav \u0160idak\u201d","author":"Branimir Jankovi\u0107","date":"11. svibnja 2026.","format":false,"excerpt":"Na dodjeli nagrade na Festivalu povijesti Kliofest u Nacionalnoj i sveu\u010dili\u0161noj knji\u017enici u Zagrebu 8. svibnja 2026. dobitnik nagrade prof. dr. sc. G\u00e9za P\u00e1lffy, dopisni \u010dlan Ma\u0111arske akademije znanosti i redoviti profesor ranonovovjekovne povijesti na Sveu\u010dili\u0161tu ELTE u Budimpe\u0161ti izrekao je sljede\u0107i govor. Po\u0161tovane profesorice, po\u0161tovani profesori i dragi hrvatski\u2026","rel":"","context":"U &quot;Novosti&quot;","block_context":{"text":"Novosti","link":"https:\/\/historiografija.hr\/?cat=3"},"img":{"alt_text":"","src":"https:\/\/i0.wp.com\/historiografija.hr\/wp-content\/uploads\/2026\/05\/Nagradeni.jpg?fit=1200%2C900&ssl=1&resize=350%2C200","width":350,"height":200,"srcset":"https:\/\/i0.wp.com\/historiografija.hr\/wp-content\/uploads\/2026\/05\/Nagradeni.jpg?fit=1200%2C900&ssl=1&resize=350%2C200 1x, https:\/\/i0.wp.com\/historiografija.hr\/wp-content\/uploads\/2026\/05\/Nagradeni.jpg?fit=1200%2C900&ssl=1&resize=525%2C300 1.5x, https:\/\/i0.wp.com\/historiografija.hr\/wp-content\/uploads\/2026\/05\/Nagradeni.jpg?fit=1200%2C900&ssl=1&resize=700%2C400 2x, https:\/\/i0.wp.com\/historiografija.hr\/wp-content\/uploads\/2026\/05\/Nagradeni.jpg?fit=1200%2C900&ssl=1&resize=1050%2C600 3x"},"classes":[]},{"id":54604,"url":"https:\/\/historiografija.hr\/?p=54604","url_meta":{"origin":30796,"position":4},"title":"Otvaranje izlo\u017ebe \u201eJe\u017eeva ku\u0107ica \u2013 Izmi\u0161ljanje boljeg sveta\u201c u Zagrebu","author":"Filip \u0160imunjak","date":"15. srpnja 2026.","format":false,"excerpt":"Otvaranje izlo\u017ebe \u201eJe\u017eeva ku\u0107ica \u2013 Izmi\u0161ljanje boljeg sveta\u201c odr\u017eat \u0107e se u Zagrebu, u Srpskom kulturnom centru (Preradovi\u0107eva 21) u \u010detvrtak 16.7., s po\u010detkom u 19 sati.Vi\u0161estruko nagra\u0111ivana izlo\u017eba, u \u010dijoj pripremi su sudjelovala djeca iz Zagreba, Sarajeva i Beograda, kao i brojni stru\u010dnjaci iz \u010ditave regije od \u010detvrtka 16.\u2026","rel":"","context":"U &quot;Novosti&quot;","block_context":{"text":"Novosti","link":"https:\/\/historiografija.hr\/?cat=3"},"img":{"alt_text":"","src":"https:\/\/i0.wp.com\/historiografija.hr\/wp-content\/uploads\/2026\/07\/Jezeva-kucica-pozivnica.webp?fit=960%2C1200&ssl=1&resize=350%2C200","width":350,"height":200,"srcset":"https:\/\/i0.wp.com\/historiografija.hr\/wp-content\/uploads\/2026\/07\/Jezeva-kucica-pozivnica.webp?fit=960%2C1200&ssl=1&resize=350%2C200 1x, https:\/\/i0.wp.com\/historiografija.hr\/wp-content\/uploads\/2026\/07\/Jezeva-kucica-pozivnica.webp?fit=960%2C1200&ssl=1&resize=525%2C300 1.5x, https:\/\/i0.wp.com\/historiografija.hr\/wp-content\/uploads\/2026\/07\/Jezeva-kucica-pozivnica.webp?fit=960%2C1200&ssl=1&resize=700%2C400 2x"},"classes":[]},{"id":53458,"url":"https:\/\/historiografija.hr\/?p=53458","url_meta":{"origin":30796,"position":5},"title":"Poziv za dostavu radova \u2013 Cris: \u010casopis Povijesnog dru\u0161tva Kri\u017eevci (2026.)","author":"Branimir Jankovi\u0107","date":"18. svibnja 2026.","format":false,"excerpt":"Pozivamo autore da do 15. listopada 2026. godine po\u0161alju svoje radove (znanstvene, prethodna priop\u0107enja, pregledne radove, stru\u010dne) za objavu u 28. broju znanstveno-stru\u010dnog \u010dasopisa Cris.\u00a0 \u010casopis Povijesnog dru\u0161tva Kri\u017eevci Cris okuplja niz vrsnih znanstvenika i stru\u010dnjaka, objavljuju\u0107i njihova istra\u017eivanja iz raznih tema, vezanih uz povijest i povijesti srodnih znanstvenih disciplina.\u2026","rel":"","context":"U &quot;\u010casopisi&quot;","block_context":{"text":"\u010casopisi","link":"https:\/\/historiografija.hr\/?cat=21"},"img":{"alt_text":"","src":"https:\/\/i0.wp.com\/historiografija.hr\/wp-content\/uploads\/2024\/06\/CRIS.jpg?fit=916%2C212&ssl=1&resize=350%2C200","width":350,"height":200,"srcset":"https:\/\/i0.wp.com\/historiografija.hr\/wp-content\/uploads\/2024\/06\/CRIS.jpg?fit=916%2C212&ssl=1&resize=350%2C200 1x, https:\/\/i0.wp.com\/historiografija.hr\/wp-content\/uploads\/2024\/06\/CRIS.jpg?fit=916%2C212&ssl=1&resize=525%2C300 1.5x, https:\/\/i0.wp.com\/historiografija.hr\/wp-content\/uploads\/2024\/06\/CRIS.jpg?fit=916%2C212&ssl=1&resize=700%2C400 2x"},"classes":[]}],"_links":{"self":[{"href":"https:\/\/historiografija.hr\/index.php?rest_route=\/wp\/v2\/posts\/30796","targetHints":{"allow":["GET"]}}],"collection":[{"href":"https:\/\/historiografija.hr\/index.php?rest_route=\/wp\/v2\/posts"}],"about":[{"href":"https:\/\/historiografija.hr\/index.php?rest_route=\/wp\/v2\/types\/post"}],"author":[{"embeddable":true,"href":"https:\/\/historiografija.hr\/index.php?rest_route=\/wp\/v2\/users\/2"}],"replies":[{"embeddable":true,"href":"https:\/\/historiografija.hr\/index.php?rest_route=%2Fwp%2Fv2%2Fcomments&post=30796"}],"version-history":[{"count":1,"href":"https:\/\/historiografija.hr\/index.php?rest_route=\/wp\/v2\/posts\/30796\/revisions"}],"predecessor-version":[{"id":30798,"href":"https:\/\/historiografija.hr\/index.php?rest_route=\/wp\/v2\/posts\/30796\/revisions\/30798"}],"wp:featuredmedia":[{"embeddable":true,"href":"https:\/\/historiografija.hr\/index.php?rest_route=\/wp\/v2\/media\/30797"}],"wp:attachment":[{"href":"https:\/\/historiografija.hr\/index.php?rest_route=%2Fwp%2Fv2%2Fmedia&parent=30796"}],"wp:term":[{"taxonomy":"category","embeddable":true,"href":"https:\/\/historiografija.hr\/index.php?rest_route=%2Fwp%2Fv2%2Fcategories&post=30796"},{"taxonomy":"post_tag","embeddable":true,"href":"https:\/\/historiografija.hr\/index.php?rest_route=%2Fwp%2Fv2%2Ftags&post=30796"}],"curies":[{"name":"wp","href":"https:\/\/api.w.org\/{rel}","templated":true}]}}