{"id":30770,"date":"2022-04-06T21:14:24","date_gmt":"2022-04-06T21:14:24","guid":{"rendered":"http:\/\/historiografija.hr\/?p=30770"},"modified":"2022-04-06T21:14:24","modified_gmt":"2022-04-06T21:14:24","slug":"medunarodni-znanstveni-skup-u-povodu-200-godine-rodenja-fra-grge-martica","status":"publish","type":"post","link":"https:\/\/historiografija.hr\/?p=30770","title":{"rendered":"Me\u0111unarodni znanstveni skup u povodu 200. godine ro\u0111enja fra Grge Marti\u0107a"},"content":{"rendered":"\n<p><strong>Zavod za znanstveni i umjetni\u010dki rad u \u0110akovu<\/strong><\/p>\n\n\n\n<p><strong>&nbsp;Zavod za znanstveni i umjetni\u010dki rad u Osijeku<\/strong><\/p>\n\n\n\n<p><strong>&nbsp;Fakultet za odgojne i obrazovne znanosti<\/strong><\/p>\n\n\n\n<p><strong>Sveu\u010dili\u0161ta Josipa Jurja Strossmayera u Osijeku<\/strong><\/p>\n\n\n\n<p>organiziraju<\/p>\n\n\n\n<p><strong>u<\/strong> <strong>petak, 8. travnja 2022., u 10.00 sati<\/strong><\/p>\n\n\n\n<p>Sredi\u0161nja biskupijska i fakultetska knji\u017enica,&nbsp;Preradovi\u0107eva 17, \u0110akovo<\/p>\n\n\n\n<p><strong>me\u0111unarodni znanstveni skup<\/strong><\/p>\n\n\n\n<p><strong>&nbsp;\u201e S GUSLAMA KROZ GROMOVNI VIJEK \u02ee<\/strong><\/p>\n\n\n\n<p><strong>NOVI PRISTUPI \u017dIVOTU I KULTURNOM DJELOVANJU&nbsp;FRA GRGE MARTI\u0106A (24.01.1822. \u2013 30.8.1905.)&nbsp;O 200. GODINI RO\u0110ENJA<\/strong><\/p>\n\n\n\n<p><strong>Pozdravni govori:<\/strong><\/p>\n\n\n\n<ul class=\"wp-block-list\"><li>akademik JOSIP BRATULI\u0106,&nbsp;voditelj Zavoda HAZU u \u0110akovu<\/li><li>dr. sc. \u0110URO HRANI\u0106, \u0111akova\u010dko-osje\u010dki nadbiskup i metropolit<\/li><li>akademkinja VLASTA PILI\u017dOTA, voditeljica i upraviteljica Zavoda HAZU u Osijeku<\/li><li>prof. dr. sc. DAMIR MATANOVI\u0106,&nbsp;dekan Fakulteta za odgojne i obrazovne znanosti u Osijeku<\/li><\/ul>\n\n\n\n<p><strong>Predavanja<\/strong>:<\/p>\n\n\n\n<ul class=\"wp-block-list\"><li>prof. dr. sc. Damir Matanovi\u0107<\/li><\/ul>\n\n\n\n<p><strong>BOSNA SREDINOM 19. ST. U DJELIMA FRA GRGE MARTI\u0106A<\/strong><\/p>\n\n\n\n<ul class=\"wp-block-list\"><li>prof. dr. sc. Ru\u017eica P\u0161ihistal<\/li><\/ul>\n\n\n\n<p><strong>PRIGODNICE FRA GRGE MARTI\u0106A BISKUPU JOSIPU JURJU STROSSMAYERU<\/strong><\/p>\n\n\n\n<ul class=\"wp-block-list\"><li>prof. dr. sc. Emina Berbi\u0107 Kolar<\/li><\/ul>\n\n\n\n<p><strong>O JEZIKU ZAPAM\u0106ENJA FRA GRGE MARTI\u0106A<\/strong><\/p>\n\n\n\n<ul class=\"wp-block-list\"><li>dr. sc. Marijana Gali\u0107<\/li><\/ul>\n\n\n\n<p><strong>LEKSI\u010cKE OSOBITOSTI MARTI\u0106EVIH ZAPAM\u0106ENJA<\/strong><\/p>\n\n\n\n<ul class=\"wp-block-list\"><li>prof. dr. sc. Milica Luki\u0107<\/li><\/ul>\n\n\n\n<p><strong>NARODNE PJESME BOSANSKE I HERCEGOVA\u010cKE FRA IVANA JUKI\u0106A I LJUBOMIRA HERCEGOVCA (FRA GRGE MARTI\u0106A)<\/strong><\/p>\n\n\n\n<ul class=\"wp-block-list\"><li>prof. Mirko \u0106uri\u0107<\/li><\/ul>\n\n\n\n<p><strong>FRA GRGO MARTI\u0106 KAO REFERENCIJALNI LIK U TEKSTOVIMA SILVIJA STRAHIMIRA KRANJ\u010cEVI\u0106A I IVE ANDRI\u0106A<\/strong><\/p>\n\n\n\n<ul class=\"wp-block-list\"><li>dr. sc. Mato Artukovi\u0107, znan. savjetnik i prof. Ivan Stipi\u0107<\/li><\/ul>\n\n\n\n<p><strong>PISMA FRA GRGE MARTI\u0106A U ARHIVU OBITELJI BRLI\u0106A<\/strong><\/p>\n\n\n\n<ul class=\"wp-block-list\"><li>Ankica Landeka, dipl.teol. i Tihonija Zovko, dipl.teol.<\/li><\/ul>\n\n\n\n<p><strong>BIBLIOGRAFSKI PREGLED TISKANIH DJELA I RUKOPISA FRA GRGE MARTI\u0106A TE RADOVA O NJEGOVU \u017dIVOTU I DJELU<\/strong><\/p>\n\n\n\n<hr class=\"wp-block-separator\"\/>\n\n\n\n<p>Izvor:<\/p>\n\n\n\n<figure class=\"wp-block-embed-wordpress wp-block-embed is-type-wp-embed is-provider-hazu\"><div class=\"wp-block-embed__wrapper\">\n<blockquote class=\"wp-embedded-content\" data-secret=\"bVaLbLff3Z\"><a href=\"https:\/\/www.info.hazu.hr\/events\/medunarodni-znanstveni-skup-u-povodu-200-godini-rodenja-fra-grge-martica\/\">Me\u0111unarodni znanstveni skup u povodu 200. godine ro\u0111enja fra Grge Marti\u0107a<\/a><\/blockquote><iframe loading=\"lazy\" class=\"wp-embedded-content\" sandbox=\"allow-scripts\" security=\"restricted\" style=\"position: absolute; clip: rect(1px, 1px, 1px, 1px);\" title=\"&#8220;Me\u0111unarodni znanstveni skup u povodu 200. godine ro\u0111enja fra Grge Marti\u0107a&#8221; &#8212; HAZU\" src=\"https:\/\/www.info.hazu.hr\/events\/medunarodni-znanstveni-skup-u-povodu-200-godini-rodenja-fra-grge-martica\/embed\/#?secret=bVaLbLff3Z\" data-secret=\"bVaLbLff3Z\" width=\"600\" height=\"338\" frameborder=\"0\" marginwidth=\"0\" marginheight=\"0\" scrolling=\"no\"><\/iframe>\n<\/div><\/figure>\n\n\n\n<hr class=\"wp-block-separator\"\/>\n","protected":false},"excerpt":{"rendered":"","protected":false},"author":2,"featured_media":30771,"comment_status":"open","ping_status":"open","sticky":false,"template":"","format":"standard","meta":{"_acf_changed":false,"jetpack_post_was_ever_published":false,"_jetpack_newsletter_access":"","_jetpack_dont_email_post_to_subs":false,"_jetpack_newsletter_tier_id":0,"_jetpack_memberships_contains_paywalled_content":false,"_jetpack_memberships_contains_paid_content":false,"footnotes":"","jetpack_publicize_message":"","jetpack_publicize_feature_enabled":true,"jetpack_social_post_already_shared":true,"jetpack_social_options":{"image_generator_settings":{"template":"highway","default_image_id":0,"font":"","enabled":false},"version":2}},"categories":[3,9],"tags":[],"class_list":["post-30770","post","type-post","status-publish","format-standard","has-post-thumbnail","hentry","category-novosti","category-skupovi"],"acf":{"facebook_opis":""},"jetpack_publicize_connections":[],"jetpack_featured_media_url":"https:\/\/i0.wp.com\/historiografija.hr\/wp-content\/uploads\/2022\/04\/Grga-Martic_200-godina-rodjenja.jpg?fit=800%2C460&ssl=1","jetpack_sharing_enabled":true,"jetpack-related-posts":[],"_links":{"self":[{"href":"https:\/\/historiografija.hr\/index.php?rest_route=\/wp\/v2\/posts\/30770","targetHints":{"allow":["GET"]}}],"collection":[{"href":"https:\/\/historiografija.hr\/index.php?rest_route=\/wp\/v2\/posts"}],"about":[{"href":"https:\/\/historiografija.hr\/index.php?rest_route=\/wp\/v2\/types\/post"}],"author":[{"embeddable":true,"href":"https:\/\/historiografija.hr\/index.php?rest_route=\/wp\/v2\/users\/2"}],"replies":[{"embeddable":true,"href":"https:\/\/historiografija.hr\/index.php?rest_route=%2Fwp%2Fv2%2Fcomments&post=30770"}],"version-history":[{"count":1,"href":"https:\/\/historiografija.hr\/index.php?rest_route=\/wp\/v2\/posts\/30770\/revisions"}],"predecessor-version":[{"id":30772,"href":"https:\/\/historiografija.hr\/index.php?rest_route=\/wp\/v2\/posts\/30770\/revisions\/30772"}],"wp:featuredmedia":[{"embeddable":true,"href":"https:\/\/historiografija.hr\/index.php?rest_route=\/wp\/v2\/media\/30771"}],"wp:attachment":[{"href":"https:\/\/historiografija.hr\/index.php?rest_route=%2Fwp%2Fv2%2Fmedia&parent=30770"}],"wp:term":[{"taxonomy":"category","embeddable":true,"href":"https:\/\/historiografija.hr\/index.php?rest_route=%2Fwp%2Fv2%2Fcategories&post=30770"},{"taxonomy":"post_tag","embeddable":true,"href":"https:\/\/historiografija.hr\/index.php?rest_route=%2Fwp%2Fv2%2Ftags&post=30770"}],"curies":[{"name":"wp","href":"https:\/\/api.w.org\/{rel}","templated":true}]}}