{"id":30767,"date":"2022-04-06T21:07:05","date_gmt":"2022-04-06T21:07:05","guid":{"rendered":"http:\/\/historiografija.hr\/?p=30767"},"modified":"2022-04-06T21:07:05","modified_gmt":"2022-04-06T21:07:05","slug":"javni-poziv-za-pisanje-istrazivackih-clanaka-o-uzrocima-i-posljedicama-porasta-nacionalizma","status":"publish","type":"post","link":"https:\/\/historiografija.hr\/?p=30767","title":{"rendered":"Javni poziv za pisanje istra\u017eiva\u010dkih \u010dlanaka o uzrocima i posljedicama porasta nacionalizma"},"content":{"rendered":"\n<p>Inicijativa mladih za ljudska prava raspisuje javni poziv za rad na istra\u017eivanju u svrhu pronala\u017eenja i sistematiziranja uzroka i posljedica porasta nacionalizma u Hrvatskoj.<\/p>\n\n\n\n<p>Provedba istra\u017eivanja te pisanje stru\u010dnog \u010dlanka sastavni su dio projekta 4O: Otkrivanje, osvje\u0161tavanje, osna\u017eivanje i organiziranje za ljudska prava koji adresira problem porasta nacionalizma u Hrvatskoj.<\/p>\n\n\n\n<p>Fokus istra\u017eivanja trebao bi biti na pojavnostima nacionalizma u suvremenom kontekstu kroz analizu uzroka s naglaskom na suvremenu hrvatsku povijest, to\u010dnije raspad Socijalisti\u010dke Federativne Republike Jugoslavije (SFRJ) i osnutak Republike Hrvatske (RH), te analizu posljedica nacionalizma za dana\u0161nje iskustvo \u017eivota u Hrvatskoj.<\/p>\n\n\n\n<p><strong><u>Teme i metodologija istra\u017eiva\u010dkih \u010dlanaka<\/u><\/strong><\/p>\n\n\n\n<p><strong>Tematska podru\u010dja istra\u017eivanja su:<\/strong><\/p>\n\n\n\n<ul class=\"wp-block-list\"><li>Diskriminacija i govor mr\u017enje<\/li><li>Ekonomski uzroci nacionalizma, s naglaskom na specifi\u010dnosti manjih lokalnih zajednica<\/li><li>Utjecaj i odnos izvanrednih stanja (npr. potresi koji su pogodili Hrvatsku 2020-te godine, svjetska pandemija koronavirusa) na nacionalisti\u010dke trendove<\/li><li>Me\u0111ugeneracijski pregled stavova o nacionalizmu<\/li><li>Status nacionalnih manjina&nbsp;<\/li><li>Izgradnja nacionalisti\u010dkih mitova netom prije te nakon ratova devedesetih&nbsp;<\/li><li>Odnos umjetnosti i javnih politika \u2013 uloga umjetni\u010dkog izri\u010daja u formiranju nacionalisti\u010dkih narativa<\/li><li>Simbolika u javnom prostoru (spomenici, spomen obilje\u017eja, imena javnih povr\u0161ina, trgova, ulica i sl.)<\/li><\/ul>\n\n\n\n<p>Za provedbu istra\u017eivanja poti\u010demo kvalitativne istra\u017eiva\u010dke metode, uklju\u010duju\u0107i intervjue i fokus grupe, kao i analizu diskursa i studije slu\u010daja.<\/p>\n\n\n\n<p>O\u010dekivana duljina rada je maksimalno 20 kartica teksta (<em>font Times New Roman, veli\u010dina slova 12, prored Jednostruko<\/em>).&nbsp;<\/p>\n\n\n\n<p><strong>Predvi\u0111eni period rada na istra\u017eivanju je od sredine svibnja do sredine srpnja 2022. godine.&nbsp;<\/strong><\/p>\n\n\n\n<p>Tijekom tog perioda, zaposlenica Inicijative mladih za ljudska prava \u0107e autorima pru\u017eiti mentorsku podr\u0161ku kroz redovnu komunikaciju.<\/p>\n\n\n\n<p><strong><u>Rezultati istra\u017eivanja<\/u><\/strong><\/p>\n\n\n\n<p>Rezultati istra\u017eivanja koristit \u0107e se u zagovara\u010dke svrhe Inicijative mladih za ljudska prava.<\/p>\n\n\n\n<p>Istra\u017eiva\u010dki \u010dlanci \u0107e na jesen biti objavljeni u <strong>zajedni\u010dkoj publikaciji<\/strong> u virtualnom obliku na web stranici te dru\u0161tvenim mre\u017eama Inicijative mladih za ljudska prava. Uklju\u010divat \u0107e uvod napisan od strane Inicijative mladih za ljudska prava koji \u0107e sadr\u017eavati razloge provo\u0111enja ovakvog tipa istra\u017eivanja te naznaku projekta u okviru kojeg se istra\u017eivanje provodi.<\/p>\n\n\n\n<p>Istra\u017eiva\u010dki \u010dlanci \u0107e biti promovirani na dru\u0161tvenim mre\u017eama i web stranici Inicijative mladih za ljudska prava te \u0107e sa svakim autorom\/icom na jesen biti snimljen i <strong>kratki video razgovor<\/strong> koji \u0107emo tako\u0111er objaviti na dru\u0161tvenim mre\u017eama Inicijative mladih za ljudska prava (<a href=\"https:\/\/www.facebook.com\/YIHRCroatia\">Facebook<\/a>, <a href=\"https:\/\/www.instagram.com\/yihr_cro\">Instagram<\/a>).&nbsp;<\/p>\n\n\n\n<p>Publikaciju \u0107emo dostaviti i potencijalno zainteresiranim obrazovnim institucijama i donositeljima odluka.<\/p>\n\n\n\n<p><strong><u>Poziv za istra\u017eiva\u010de i istra\u017eiva\u010dice<\/u><\/strong><\/p>\n\n\n\n<p><strong>Zainteresirane istra\u017eiva\u010de i istra\u017eiva\u010dice pozivamo da popunjenu prijavnicu (uklju\u010duju\u0107i prijedlog istra\u017eivanja) i biografiju dostave na email adresu <\/strong><a href=\"mailto:ana.gvozdic@yihr.org\"><strong>ana.gvozdic@yihr.org<\/strong><\/a><strong> do 19. travnja 2022. godine.&nbsp;<\/strong><\/p>\n\n\n\n<p>Prijavnicu mo\u017eete prona\u0107i ovdje:&nbsp;<a href=\"http:\/\/yihr.hr\/wp-content\/uploads\/2022\/03\/YIHR-prijavnica.docx\">YIHR-prijavnica<\/a><\/p>\n\n\n\n<p>Kandidatima koji se istaknu s najboljim prijavama (njih ukupno pet) \u0107emo se povratno javiti u roku od dva tjedna od zatvaranja javnog poziva za prikupljanje prijava.<\/p>\n\n\n\n<p>Poziv je predvi\u0111en za istra\u017eiva\u010de i istra\u017eiva\u010dice iz Hrvatske. Posebice poti\u010demo mlade (do 35 godina) koji se bave istra\u017eiva\u010dkim radom da dostave svoje prijedloge.<\/p>\n\n\n\n<p>Radovi ne smiju biti prethodno objavljeni. Tekst se smatra objavljenim ako se nalazi u knjizi, \u010dasopisu i\/ili na internetu prije objavljivanja odluke o izabranim autorima za pisanje istra\u017eiva\u010dkih \u010dlanaka.<\/p>\n\n\n\n<p>Za autore i autorice istra\u017eiva\u010dkih \u010dlanaka te ispunjenje ostalih gore navedenih obaveza predvi\u0111en je honorar u kunskom brutto II iznosu u protuvrijednosti od 1000 eura.<\/p>\n\n\n\n<p>Molimo zainteresirane da se s bilo kakvim dodatnim pitanjima jave do 11. travnja 2022. godine na email adresu ana.gvozdic@yihr.org.<\/p>\n\n\n\n<p><em>Istra\u017eiva\u010dki \u010dlanci o uzrocima i posljedicama nacionalisti\u010dkih trendova<\/em> <em>aktivnost je u okviru projekta 4O: Otkrivanje, osvje\u0161tavanje, osna\u017eivanje i organizacija za ljudska prava koji je podr\u017ean sa 149.922,00\u20ac financijske podr\u0161ke Islanda, Lihten\u0161tajna i Norve\u0161ke u okviru EGP grantova.<\/em><\/p>\n\n\n\n<hr class=\"wp-block-separator\"\/>\n\n\n\n<p>Izvor:<\/p>\n\n\n\n<p><a href=\"http:\/\/yihr.hr\/hr\/javni-poziv-za-pisanje-istrazivackih-clanaka-o-uzrocima-i-posljedicama-porasta-nacionalizma\/\">http:\/\/yihr.hr\/hr\/javni-poziv-za-pisanje-istrazivackih-clanaka-o-uzrocima-i-posljedicama-porasta-nacionalizma\/<\/a><\/p>\n\n\n\n<hr class=\"wp-block-separator\"\/>\n","protected":false},"excerpt":{"rendered":"","protected":false},"author":2,"featured_media":30768,"comment_status":"open","ping_status":"open","sticky":false,"template":"","format":"standard","meta":{"_acf_changed":false,"_jetpack_newsletter_access":"","_jetpack_dont_email_post_to_subs":false,"_jetpack_newsletter_tier_id":0,"_jetpack_memberships_contains_paywalled_content":false,"_jetpack_memberships_contains_paid_content":false,"footnotes":"","jetpack_publicize_message":"","jetpack_publicize_feature_enabled":true,"jetpack_social_post_already_shared":true,"jetpack_social_options":{"image_generator_settings":{"template":"highway","default_image_id":0,"font":"","enabled":false},"version":2},"jetpack_post_was_ever_published":false},"categories":[3],"tags":[],"class_list":["post-30767","post","type-post","status-publish","format-standard","has-post-thumbnail","hentry","category-novosti"],"acf":{"facebook_opis":""},"jetpack_publicize_connections":[],"jetpack_featured_media_url":"https:\/\/i0.wp.com\/historiografija.hr\/wp-content\/uploads\/2022\/04\/Clanci-web.png?fit=760%2C400&ssl=1","jetpack_sharing_enabled":true,"jetpack-related-posts":[{"id":52502,"url":"https:\/\/historiografija.hr\/?p=52502","url_meta":{"origin":30767,"position":0},"title":"Novi znanstveni projekt Hrvatskog instituta za povijest: \u201c\u017drtve ratova i dr\u017eavnog\/politi\u010dkog nasilja u hrvatskoj povijesti 20. stolje\u0107a\u201d","author":"Branimir Jankovi\u0107","date":"17. travnja 2026.","format":false,"excerpt":"Na redovitoj sjednici Vlade RH, 16. travnja 2026., donijet je Zaklju\u010dak kojim se pokre\u0107e znanstveni projekt \u201c\u017drtve ratova i dr\u017eavnog\/politi\u010dkog nasilja u hrvatskoj povijesti 20. stolje\u0107a\u201d. Projekt \u0107e provoditi i koordinirati Hrvatski institut za povijest u razdoblju trajanja projekta od pet godina. Zakljucak Vlade RH Iz teksta projektnog prijedloga: Problematika\u2026","rel":"","context":"U &quot;Novosti&quot;","block_context":{"text":"Novosti","link":"https:\/\/historiografija.hr\/?cat=3"},"img":{"alt_text":"","src":"https:\/\/i0.wp.com\/historiografija.hr\/wp-content\/uploads\/2026\/04\/Vlada-RH.jpg?fit=1200%2C557&ssl=1&resize=350%2C200","width":350,"height":200,"srcset":"https:\/\/i0.wp.com\/historiografija.hr\/wp-content\/uploads\/2026\/04\/Vlada-RH.jpg?fit=1200%2C557&ssl=1&resize=350%2C200 1x, https:\/\/i0.wp.com\/historiografija.hr\/wp-content\/uploads\/2026\/04\/Vlada-RH.jpg?fit=1200%2C557&ssl=1&resize=525%2C300 1.5x, https:\/\/i0.wp.com\/historiografija.hr\/wp-content\/uploads\/2026\/04\/Vlada-RH.jpg?fit=1200%2C557&ssl=1&resize=700%2C400 2x, https:\/\/i0.wp.com\/historiografija.hr\/wp-content\/uploads\/2026\/04\/Vlada-RH.jpg?fit=1200%2C557&ssl=1&resize=1050%2C600 3x"},"classes":[]},{"id":54209,"url":"https:\/\/historiografija.hr\/?p=54209","url_meta":{"origin":30767,"position":1},"title":"Promocija knjige Armine Galija\u0161 \u201eBanja Luka u ratu: etnopolitika i svakodnevica (1990\u20131995)\u201d u Banjoj Luci","author":"Branimir Jankovi\u0107","date":"19. lipnja 2026.","format":false,"excerpt":"Pozivamo vas na promociju knjige \u201eBanja Luka u ratu: etnopolitika i svakodnevica (1990\u20131995)\u201d autorice Armine Galija\u0161, koja \u0107e se odr\u017eati u ponedjeljak 22. juna sa po\u010detkom u 10.00 sati u hotelu Bosna u Banjaluci. Knjiga donosi va\u017eno istra\u017eivanje o ratnoj svakodnevici Banje Luke, etnopoliti\u010dkim procesima i dru\u0161tvenim promjenama koje su\u2026","rel":"","context":"U &quot;Novosti&quot;","block_context":{"text":"Novosti","link":"https:\/\/historiografija.hr\/?cat=3"},"img":{"alt_text":"","src":"https:\/\/i0.wp.com\/historiografija.hr\/wp-content\/uploads\/2026\/03\/Banjaluka-u-ratu.webp?fit=600%2C900&ssl=1&resize=350%2C200","width":350,"height":200,"srcset":"https:\/\/i0.wp.com\/historiografija.hr\/wp-content\/uploads\/2026\/03\/Banjaluka-u-ratu.webp?fit=600%2C900&ssl=1&resize=350%2C200 1x, https:\/\/i0.wp.com\/historiografija.hr\/wp-content\/uploads\/2026\/03\/Banjaluka-u-ratu.webp?fit=600%2C900&ssl=1&resize=525%2C300 1.5x"},"classes":[]},{"id":51471,"url":"https:\/\/historiografija.hr\/?p=51471","url_meta":{"origin":30767,"position":2},"title":"Polemi\u010dke reakcije na knjigu \u201eNadila\u017eenje nacionalne paradigme. Od historiografskog nacionalizma do transnacionalnih pristupa\u201c (1)","author":"Branimir Jankovi\u0107","date":"13. velja\u010de 2026.","format":false,"excerpt":"U nastavku upu\u0107ujemo na polemi\u010dke reakcije na knjigu Nadila\u017eenje nacionalne paradigme. Od historiografskog nacionalizma do transnacionalnih pristupa. \u017deljko Su\u0161ek \u201eBo\u017ee, samo da ne bude Nadila\u017eenje nacionalne paradigme: nova knjiga podnaslova: od historiografskog nacionalizma do transnacionalnih pristupa, urednici Branimir Jankovi\u0107 i Nikola Toma\u0161egovi\u0107, nastavnici na Odsjeku za povijest Filozofskog fakulteta Sveu\u010dili\u0161ta\u2026","rel":"","context":"U &quot;Novosti&quot;","block_context":{"text":"Novosti","link":"https:\/\/historiografija.hr\/?cat=3"},"img":{"alt_text":"","src":"https:\/\/i0.wp.com\/historiografija.hr\/wp-content\/uploads\/2025\/03\/Nadilazenje-nacionalne-paradigme.webp?fit=713%2C928&ssl=1&resize=350%2C200","width":350,"height":200,"srcset":"https:\/\/i0.wp.com\/historiografija.hr\/wp-content\/uploads\/2025\/03\/Nadilazenje-nacionalne-paradigme.webp?fit=713%2C928&ssl=1&resize=350%2C200 1x, https:\/\/i0.wp.com\/historiografija.hr\/wp-content\/uploads\/2025\/03\/Nadilazenje-nacionalne-paradigme.webp?fit=713%2C928&ssl=1&resize=525%2C300 1.5x, https:\/\/i0.wp.com\/historiografija.hr\/wp-content\/uploads\/2025\/03\/Nadilazenje-nacionalne-paradigme.webp?fit=713%2C928&ssl=1&resize=700%2C400 2x"},"classes":[]},{"id":52657,"url":"https:\/\/historiografija.hr\/?p=52657","url_meta":{"origin":30767,"position":3},"title":"[Predavanje] Jezik i drugost u (post)socijalisti\u010dkoj Srbiji: diskurzivne politike identiteta (YugoLab)","author":"Branimir Jankovi\u0107","date":"24. travnja 2026.","format":false,"excerpt":"U sklopu projekta Prizma \/ IMAGINATION (\u201eZami\u0161ljanje nacije: srpski nacionalni narativi u sporu (XX\u2013XXI vek)\u201c), koji se realizuje na Institutu za filozofiju i dru\u0161tvenu teoriju Univerziteta u Beogradu (2024\u20132027) uz finansijsku podr\u0161ku Fonda za nauku Republike Srbije, organizuje se serija predavanja na kojoj istra\u017eiva\u010di i istra\u017eiva\u010dice projekta predstavljaju rezultate svojih\u2026","rel":"","context":"U &quot;Novosti&quot;","block_context":{"text":"Novosti","link":"https:\/\/historiografija.hr\/?cat=3"},"img":{"alt_text":"","src":"https:\/\/i0.wp.com\/historiografija.hr\/wp-content\/uploads\/2026\/04\/IFDT_28_IV.png?fit=1200%2C675&ssl=1&resize=350%2C200","width":350,"height":200,"srcset":"https:\/\/i0.wp.com\/historiografija.hr\/wp-content\/uploads\/2026\/04\/IFDT_28_IV.png?fit=1200%2C675&ssl=1&resize=350%2C200 1x, https:\/\/i0.wp.com\/historiografija.hr\/wp-content\/uploads\/2026\/04\/IFDT_28_IV.png?fit=1200%2C675&ssl=1&resize=525%2C300 1.5x, https:\/\/i0.wp.com\/historiografija.hr\/wp-content\/uploads\/2026\/04\/IFDT_28_IV.png?fit=1200%2C675&ssl=1&resize=700%2C400 2x, https:\/\/i0.wp.com\/historiografija.hr\/wp-content\/uploads\/2026\/04\/IFDT_28_IV.png?fit=1200%2C675&ssl=1&resize=1050%2C600 3x"},"classes":[]},{"id":54180,"url":"https:\/\/historiografija.hr\/?p=54180","url_meta":{"origin":30767,"position":4},"title":"Dragan Popovi\u0107, &#8220;PRELOMNE GODINE. Srpski nacionalizam i Jugoslavija 1980-1990.&#8221;","author":"Branimir Jankovi\u0107","date":"18. lipnja 2026.","format":false,"excerpt":"Izdava\u010d MOST ART JUGOSLAVIJA je objavio novu knjigu Dragana Popovi\u0107a PRELOMNE GODINE. Srpski nacionalizam i Jugoslavija 1980-1990. Knjiga koja se nalazi pred \u010ditaocima dopunjen je i prera\u0111en materijal iz dijela doktorske disertacije koju je autor odbranio na Odeljenju za istoriju Filozofskog fakulteta u Beogradu 2024. godine. Glavna tema istra\u017eivanja bile\u2026","rel":"","context":"U &quot;Knjige&quot;","block_context":{"text":"Knjige","link":"https:\/\/historiografija.hr\/?cat=8"},"img":{"alt_text":"","src":"https:\/\/i0.wp.com\/historiografija.hr\/wp-content\/uploads\/2026\/06\/popovic-dragan-prelomne-godine.jpg?fit=824%2C1200&ssl=1&resize=350%2C200","width":350,"height":200,"srcset":"https:\/\/i0.wp.com\/historiografija.hr\/wp-content\/uploads\/2026\/06\/popovic-dragan-prelomne-godine.jpg?fit=824%2C1200&ssl=1&resize=350%2C200 1x, https:\/\/i0.wp.com\/historiografija.hr\/wp-content\/uploads\/2026\/06\/popovic-dragan-prelomne-godine.jpg?fit=824%2C1200&ssl=1&resize=525%2C300 1.5x, https:\/\/i0.wp.com\/historiografija.hr\/wp-content\/uploads\/2026\/06\/popovic-dragan-prelomne-godine.jpg?fit=824%2C1200&ssl=1&resize=700%2C400 2x"},"classes":[]},{"id":54692,"url":"https:\/\/historiografija.hr\/?p=54692","url_meta":{"origin":30767,"position":5},"title":"Polemi\u010dke reakcije na knjigu \u201eNadila\u017eenje nacionalne paradigme. Od historiografskog nacionalizma do transnacionalnih pristupa\u201c (2)","author":"Branimir Jankovi\u0107","date":"21. srpnja 2026.","format":false,"excerpt":"U sklopu preno\u0161enja polemi\u010dkih reakcija na knjigu Nadila\u017eenje nacionalne paradigme. Od historiografskog nacionalizma do transnacionalnih pristupa, nakon kriti\u010dkih sada upu\u0107ujemo na afirmativne priloge o njoj. Stefan Gu\u017evica \"Naravno, svojevrsni \u201cizvorni grijeh\u201d historiografije je metodolo\u0161ki nacionalizam i etnocentrizam, jer je povijest i nastala kao znanost koja je trebala legitimizirati novonastale nacije\u2026","rel":"","context":"U &quot;Novosti&quot;","block_context":{"text":"Novosti","link":"https:\/\/historiografija.hr\/?cat=3"},"img":{"alt_text":"","src":"https:\/\/i0.wp.com\/historiografija.hr\/wp-content\/uploads\/2025\/03\/Nadilazenje-nacionalne-paradigme.webp?fit=713%2C928&ssl=1&resize=350%2C200","width":350,"height":200,"srcset":"https:\/\/i0.wp.com\/historiografija.hr\/wp-content\/uploads\/2025\/03\/Nadilazenje-nacionalne-paradigme.webp?fit=713%2C928&ssl=1&resize=350%2C200 1x, https:\/\/i0.wp.com\/historiografija.hr\/wp-content\/uploads\/2025\/03\/Nadilazenje-nacionalne-paradigme.webp?fit=713%2C928&ssl=1&resize=525%2C300 1.5x, https:\/\/i0.wp.com\/historiografija.hr\/wp-content\/uploads\/2025\/03\/Nadilazenje-nacionalne-paradigme.webp?fit=713%2C928&ssl=1&resize=700%2C400 2x"},"classes":[]}],"_links":{"self":[{"href":"https:\/\/historiografija.hr\/index.php?rest_route=\/wp\/v2\/posts\/30767","targetHints":{"allow":["GET"]}}],"collection":[{"href":"https:\/\/historiografija.hr\/index.php?rest_route=\/wp\/v2\/posts"}],"about":[{"href":"https:\/\/historiografija.hr\/index.php?rest_route=\/wp\/v2\/types\/post"}],"author":[{"embeddable":true,"href":"https:\/\/historiografija.hr\/index.php?rest_route=\/wp\/v2\/users\/2"}],"replies":[{"embeddable":true,"href":"https:\/\/historiografija.hr\/index.php?rest_route=%2Fwp%2Fv2%2Fcomments&post=30767"}],"version-history":[{"count":1,"href":"https:\/\/historiografija.hr\/index.php?rest_route=\/wp\/v2\/posts\/30767\/revisions"}],"predecessor-version":[{"id":30769,"href":"https:\/\/historiografija.hr\/index.php?rest_route=\/wp\/v2\/posts\/30767\/revisions\/30769"}],"wp:featuredmedia":[{"embeddable":true,"href":"https:\/\/historiografija.hr\/index.php?rest_route=\/wp\/v2\/media\/30768"}],"wp:attachment":[{"href":"https:\/\/historiografija.hr\/index.php?rest_route=%2Fwp%2Fv2%2Fmedia&parent=30767"}],"wp:term":[{"taxonomy":"category","embeddable":true,"href":"https:\/\/historiografija.hr\/index.php?rest_route=%2Fwp%2Fv2%2Fcategories&post=30767"},{"taxonomy":"post_tag","embeddable":true,"href":"https:\/\/historiografija.hr\/index.php?rest_route=%2Fwp%2Fv2%2Ftags&post=30767"}],"curies":[{"name":"wp","href":"https:\/\/api.w.org\/{rel}","templated":true}]}}