{"id":30764,"date":"2022-04-06T20:47:53","date_gmt":"2022-04-06T20:47:53","guid":{"rendered":"http:\/\/historiografija.hr\/?p=30764"},"modified":"2022-04-06T20:47:53","modified_gmt":"2022-04-06T20:47:53","slug":"interaktivni-narativ-sarajevo-92-95-teror-u-12-slika","status":"publish","type":"post","link":"https:\/\/historiografija.hr\/?p=30764","title":{"rendered":"Interaktivni narativ \u201eSarajevo \u201892-\u201895: Teror u 12 slika\u201c"},"content":{"rendered":"\n<p>Obilje\u017eavaju\u0107i tridesetu godi\u0161njicu po\u010detka opsade Sarajeva u travnju 1992. SENSE Centar za tranzicijsku pravdu objavljuje interaktivni narativ Sarajevo \u201892-\u201895: Teror u 12 slika. Narativ pokazuje kako je Me\u0111unarodni kazneni sud za biv\u0161u Jugoslaviju (MKSJ) rekonstruirao 44-mjese\u010dnu kampanju artiljerijskog i snajperskog terora nad glavnim gradom BiH, vo\u0111enu s ciljem da se civilno stanovni\u0161tvo dr\u017ei u stanju permanentnog i ekstremnog straha od smrti.<\/p>\n\n\n\n<p>Narativ se zasniva na iskazima svjedoka, video snimcima, fotografijama i drugim dokumentima uvedenim u dokaze na su\u0111enjima pred MKSJ.<\/p>\n\n\n\n<p><a href=\"https:\/\/sarajevo.sensecentar.org\/\">https:\/\/sarajevo.sensecentar.org\/<\/a><\/p>\n\n\n\n<hr class=\"wp-block-separator\"\/>\n\n\n\n<p>Izvor:<\/p>\n\n\n\n<figure class=\"wp-block-embed-wordpress wp-block-embed is-type-wp-embed is-provider-documenta\"><div class=\"wp-block-embed__wrapper\">\n<blockquote class=\"wp-embedded-content\" data-secret=\"A00hlesQtX\"><a href=\"https:\/\/documenta.hr\/novosti\/novi-narativ-sarajevo-92-95-teror-u-12-slika\/\">NOVI NARATIV &#8211; SARAJEVO &#8217;92-&#8217;95: TEROR U 12 SLIKA<\/a><\/blockquote><iframe loading=\"lazy\" class=\"wp-embedded-content\" sandbox=\"allow-scripts\" security=\"restricted\" style=\"position: absolute; clip: rect(1px, 1px, 1px, 1px);\" title=\"&#8220;NOVI NARATIV &#8211; SARAJEVO &#8217;92-&#8217;95: TEROR U 12 SLIKA&#8221; &#8212; Documenta\" src=\"https:\/\/documenta.hr\/novosti\/novi-narativ-sarajevo-92-95-teror-u-12-slika\/embed\/#?secret=A00hlesQtX\" data-secret=\"A00hlesQtX\" width=\"600\" height=\"338\" frameborder=\"0\" marginwidth=\"0\" marginheight=\"0\" scrolling=\"no\"><\/iframe>\n<\/div><\/figure>\n\n\n\n<hr class=\"wp-block-separator\"\/>\n","protected":false},"excerpt":{"rendered":"","protected":false},"author":2,"featured_media":30765,"comment_status":"open","ping_status":"open","sticky":false,"template":"","format":"standard","meta":{"_acf_changed":false,"_jetpack_newsletter_access":"","_jetpack_dont_email_post_to_subs":false,"_jetpack_newsletter_tier_id":0,"_jetpack_memberships_contains_paywalled_content":false,"_jetpack_memberships_contains_paid_content":false,"footnotes":"","jetpack_publicize_message":"","jetpack_publicize_feature_enabled":true,"jetpack_social_post_already_shared":true,"jetpack_social_options":{"image_generator_settings":{"template":"highway","default_image_id":0,"font":"","enabled":false},"version":2},"jetpack_post_was_ever_published":false},"categories":[3],"tags":[],"class_list":["post-30764","post","type-post","status-publish","format-standard","has-post-thumbnail","hentry","category-novosti"],"acf":{"facebook_opis":""},"jetpack_publicize_connections":[],"jetpack_featured_media_url":"https:\/\/i0.wp.com\/historiografija.hr\/wp-content\/uploads\/2022\/04\/Sarajevo.jpg?fit=937%2C527&ssl=1","jetpack_sharing_enabled":true,"jetpack-related-posts":[{"id":54656,"url":"https:\/\/historiografija.hr\/?p=54656","url_meta":{"origin":30764,"position":0},"title":"Objavljen novi broj \u010dasopisa &#8220;Pro tempore&#8221;","author":"Filip \u0160imunjak","date":"20. srpnja 2026.","format":false,"excerpt":"Na Portalu hrvatskih znanstvenih i stru\u010dnih \u010dasopisa \u2013 Hr\u010dak objavljen je obljetni\u010dki 20. broj \u010dasopisa studenata povijesti Pro tempore za 2025. godinu (dostupno na poveznici: https:\/\/hrcak.srce.hr\/broj\/27045). Novi broj obra\u0111uje teme mitova i narativa te obuhva\u0107a sva povijesna razdoblja \u2013 od stare do suvremene povijesti. Povodom 20 godina rada na \u010casopisu,\u2026","rel":"","context":"U &quot;\u010casopisi&quot;","block_context":{"text":"\u010casopisi","link":"https:\/\/historiografija.hr\/?cat=21"},"img":{"alt_text":"","src":"https:\/\/i0.wp.com\/historiografija.hr\/wp-content\/uploads\/2026\/07\/Pro-tempore-20-scaled.webp?fit=850%2C1200&ssl=1&resize=350%2C200","width":350,"height":200,"srcset":"https:\/\/i0.wp.com\/historiografija.hr\/wp-content\/uploads\/2026\/07\/Pro-tempore-20-scaled.webp?fit=850%2C1200&ssl=1&resize=350%2C200 1x, https:\/\/i0.wp.com\/historiografija.hr\/wp-content\/uploads\/2026\/07\/Pro-tempore-20-scaled.webp?fit=850%2C1200&ssl=1&resize=525%2C300 1.5x, https:\/\/i0.wp.com\/historiografija.hr\/wp-content\/uploads\/2026\/07\/Pro-tempore-20-scaled.webp?fit=850%2C1200&ssl=1&resize=700%2C400 2x"},"classes":[]},{"id":54556,"url":"https:\/\/historiografija.hr\/?p=54556","url_meta":{"origin":30764,"position":1},"title":"Patrick Teichmann, &#8220;Die Nation als Familie. Die Konterrevolution im franz\u00f6sischen Roman um 1870&#8221;","author":"Branimir Jankovi\u0107","date":"10. srpnja 2026.","format":false,"excerpt":"Patrick Teichmann u knjizi \u201eDie Nation als Familie\u201c analizira na\u010dine na kojima se u djelima francuske knji\u017eevnosti koja su nastala oko 1870. godine tematizira kontrarevolucija iz 1790-ih, pri \u010demu se koristi povijesni narativ i obiteljska metaforika za promi\u0161ljanje politi\u010dke nestabilnosti i budu\u0107nosti francuske nacije. O knjizi: \u201eDie franz\u00f6sische Konterrevolution der\u2026","rel":"","context":"U &quot;Knjige&quot;","block_context":{"text":"Knjige","link":"https:\/\/historiografija.hr\/?cat=8"},"img":{"alt_text":"","src":"https:\/\/i0.wp.com\/historiografija.hr\/wp-content\/uploads\/2026\/07\/Die-Nation-als-Familie-Buch-2.jpg?fit=800%2C545&ssl=1&resize=350%2C200","width":350,"height":200,"srcset":"https:\/\/i0.wp.com\/historiografija.hr\/wp-content\/uploads\/2026\/07\/Die-Nation-als-Familie-Buch-2.jpg?fit=800%2C545&ssl=1&resize=350%2C200 1x, https:\/\/i0.wp.com\/historiografija.hr\/wp-content\/uploads\/2026\/07\/Die-Nation-als-Familie-Buch-2.jpg?fit=800%2C545&ssl=1&resize=525%2C300 1.5x, https:\/\/i0.wp.com\/historiografija.hr\/wp-content\/uploads\/2026\/07\/Die-Nation-als-Familie-Buch-2.jpg?fit=800%2C545&ssl=1&resize=700%2C400 2x"},"classes":[]},{"id":54604,"url":"https:\/\/historiografija.hr\/?p=54604","url_meta":{"origin":30764,"position":2},"title":"Otvaranje izlo\u017ebe \u201eJe\u017eeva ku\u0107ica \u2013 Izmi\u0161ljanje boljeg sveta\u201c u Zagrebu","author":"Filip \u0160imunjak","date":"15. srpnja 2026.","format":false,"excerpt":"Otvaranje izlo\u017ebe \u201eJe\u017eeva ku\u0107ica \u2013 Izmi\u0161ljanje boljeg sveta\u201c odr\u017eat \u0107e se u Zagrebu, u Srpskom kulturnom centru (Preradovi\u0107eva 21) u \u010detvrtak 16.7., s po\u010detkom u 19 sati.Vi\u0161estruko nagra\u0111ivana izlo\u017eba, u \u010dijoj pripremi su sudjelovala djeca iz Zagreba, Sarajeva i Beograda, kao i brojni stru\u010dnjaci iz \u010ditave regije od \u010detvrtka 16.\u2026","rel":"","context":"U &quot;Novosti&quot;","block_context":{"text":"Novosti","link":"https:\/\/historiografija.hr\/?cat=3"},"img":{"alt_text":"","src":"https:\/\/i0.wp.com\/historiografija.hr\/wp-content\/uploads\/2026\/07\/Jezeva-kucica-pozivnica.webp?fit=960%2C1200&ssl=1&resize=350%2C200","width":350,"height":200,"srcset":"https:\/\/i0.wp.com\/historiografija.hr\/wp-content\/uploads\/2026\/07\/Jezeva-kucica-pozivnica.webp?fit=960%2C1200&ssl=1&resize=350%2C200 1x, https:\/\/i0.wp.com\/historiografija.hr\/wp-content\/uploads\/2026\/07\/Jezeva-kucica-pozivnica.webp?fit=960%2C1200&ssl=1&resize=525%2C300 1.5x, https:\/\/i0.wp.com\/historiografija.hr\/wp-content\/uploads\/2026\/07\/Jezeva-kucica-pozivnica.webp?fit=960%2C1200&ssl=1&resize=700%2C400 2x"},"classes":[]},{"id":53323,"url":"https:\/\/historiografija.hr\/?p=53323","url_meta":{"origin":30764,"position":3},"title":"Razgovor \u201cSarajevo, 30 godina poslije \u2013 kako se gradi povjerenje?\u201d u Zagrebu","author":"Branimir Jankovi\u0107","date":"14. svibnja 2026.","format":false,"excerpt":"Pozivamo vas na javni razgovor o gradnji povjerenja u srijedu, 20. svibnja 2026. u 18 sati u Talijanskom institutu za kulturu u Zagrebu (Preobra\u017eenska 4), koji se odr\u017eava u sklopu izlo\u017ebe fotografija Maria Boccie Sarajevo 1992\u20131996 \u2013 Najdu\u017ea opsada. Tema razgovora je Sarajevo, 30 godina poslije \u2013 kako se gradi\u2026","rel":"","context":"U &quot;Novosti&quot;","block_context":{"text":"Novosti","link":"https:\/\/historiografija.hr\/?cat=3"},"img":{"alt_text":"","src":"https:\/\/i0.wp.com\/historiografija.hr\/wp-content\/uploads\/2026\/05\/Sarajevo.jpg?fit=750%2C937&ssl=1&resize=350%2C200","width":350,"height":200,"srcset":"https:\/\/i0.wp.com\/historiografija.hr\/wp-content\/uploads\/2026\/05\/Sarajevo.jpg?fit=750%2C937&ssl=1&resize=350%2C200 1x, https:\/\/i0.wp.com\/historiografija.hr\/wp-content\/uploads\/2026\/05\/Sarajevo.jpg?fit=750%2C937&ssl=1&resize=525%2C300 1.5x, https:\/\/i0.wp.com\/historiografija.hr\/wp-content\/uploads\/2026\/05\/Sarajevo.jpg?fit=750%2C937&ssl=1&resize=700%2C400 2x"},"classes":[]},{"id":54583,"url":"https:\/\/historiografija.hr\/?p=54583","url_meta":{"origin":30764,"position":4},"title":"Novi interaktivni sadr\u017eaj u Muzejskoj zoni Zra\u010dne luke Franjo Tu\u0111man o nacionalnim simbolima","author":"Branimir Jankovi\u0107","date":"14. srpnja 2026.","format":false,"excerpt":"Zagreb, 9. srpnja 2026. \u2013 Hrvatski povijesni muzej i Me\u0111unarodna zra\u010dna luka Zagreb predstavili su prvo pro\u0161irenje Muzejske zone u putni\u010dkom terminalu. Izlo\u017eba \"Zvijezde hrvatske povijesti: Nebo im je granica. Upoznaj ih!\", otvorena u velja\u010di 2025. godine, od danas je bogatija za svoju 25. zvijezdu \u2013 hrvatsku zastavu. Novi interaktivni\u2026","rel":"","context":"U &quot;Novosti&quot;","block_context":{"text":"Novosti","link":"https:\/\/historiografija.hr\/?cat=3"},"img":{"alt_text":"","src":"https:\/\/i0.wp.com\/historiografija.hr\/wp-content\/uploads\/2026\/07\/Nacionalni-simboli.jpg?fit=1200%2C800&ssl=1&resize=350%2C200","width":350,"height":200,"srcset":"https:\/\/i0.wp.com\/historiografija.hr\/wp-content\/uploads\/2026\/07\/Nacionalni-simboli.jpg?fit=1200%2C800&ssl=1&resize=350%2C200 1x, https:\/\/i0.wp.com\/historiografija.hr\/wp-content\/uploads\/2026\/07\/Nacionalni-simboli.jpg?fit=1200%2C800&ssl=1&resize=525%2C300 1.5x, https:\/\/i0.wp.com\/historiografija.hr\/wp-content\/uploads\/2026\/07\/Nacionalni-simboli.jpg?fit=1200%2C800&ssl=1&resize=700%2C400 2x, https:\/\/i0.wp.com\/historiografija.hr\/wp-content\/uploads\/2026\/07\/Nacionalni-simboli.jpg?fit=1200%2C800&ssl=1&resize=1050%2C600 3x"},"classes":[]},{"id":53930,"url":"https:\/\/historiografija.hr\/?p=53930","url_meta":{"origin":30764,"position":5},"title":"Promocija knjige &#8220;Artists at War: Narratives, Visual Arts and the Siege of Sarajevo&#8221; u Sarajevu","author":"Branimir Jankovi\u0107","date":"8. lipnja 2026.","format":false,"excerpt":"Akademija likovnih umjetnosti Univerziteta u Sarajevu organizira promociju knjige Artists at War: Narratives, Visual Arts and the Siege of Sarajevo (Palgrave Macmillan, 2025) \u010dija je autorica Ewa Anna Kumelowski. Knjiga objedinjuje doktorsko istra\u017eivanje posve\u0107eno vizuelnim umjetnostima u periodu opsade Sarajeva (1992-1995). O knjizi \u0107e govoriti Xavier Bougarel, Ewa Anna Kumelowski,\u2026","rel":"","context":"U &quot;Novosti&quot;","block_context":{"text":"Novosti","link":"https:\/\/historiografija.hr\/?cat=3"},"img":{"alt_text":"","src":"https:\/\/i0.wp.com\/historiografija.hr\/wp-content\/uploads\/2026\/06\/Artists.jpg?fit=864%2C507&ssl=1&resize=350%2C200","width":350,"height":200,"srcset":"https:\/\/i0.wp.com\/historiografija.hr\/wp-content\/uploads\/2026\/06\/Artists.jpg?fit=864%2C507&ssl=1&resize=350%2C200 1x, https:\/\/i0.wp.com\/historiografija.hr\/wp-content\/uploads\/2026\/06\/Artists.jpg?fit=864%2C507&ssl=1&resize=525%2C300 1.5x, https:\/\/i0.wp.com\/historiografija.hr\/wp-content\/uploads\/2026\/06\/Artists.jpg?fit=864%2C507&ssl=1&resize=700%2C400 2x"},"classes":[]}],"_links":{"self":[{"href":"https:\/\/historiografija.hr\/index.php?rest_route=\/wp\/v2\/posts\/30764","targetHints":{"allow":["GET"]}}],"collection":[{"href":"https:\/\/historiografija.hr\/index.php?rest_route=\/wp\/v2\/posts"}],"about":[{"href":"https:\/\/historiografija.hr\/index.php?rest_route=\/wp\/v2\/types\/post"}],"author":[{"embeddable":true,"href":"https:\/\/historiografija.hr\/index.php?rest_route=\/wp\/v2\/users\/2"}],"replies":[{"embeddable":true,"href":"https:\/\/historiografija.hr\/index.php?rest_route=%2Fwp%2Fv2%2Fcomments&post=30764"}],"version-history":[{"count":1,"href":"https:\/\/historiografija.hr\/index.php?rest_route=\/wp\/v2\/posts\/30764\/revisions"}],"predecessor-version":[{"id":30766,"href":"https:\/\/historiografija.hr\/index.php?rest_route=\/wp\/v2\/posts\/30764\/revisions\/30766"}],"wp:featuredmedia":[{"embeddable":true,"href":"https:\/\/historiografija.hr\/index.php?rest_route=\/wp\/v2\/media\/30765"}],"wp:attachment":[{"href":"https:\/\/historiografija.hr\/index.php?rest_route=%2Fwp%2Fv2%2Fmedia&parent=30764"}],"wp:term":[{"taxonomy":"category","embeddable":true,"href":"https:\/\/historiografija.hr\/index.php?rest_route=%2Fwp%2Fv2%2Fcategories&post=30764"},{"taxonomy":"post_tag","embeddable":true,"href":"https:\/\/historiografija.hr\/index.php?rest_route=%2Fwp%2Fv2%2Ftags&post=30764"}],"curies":[{"name":"wp","href":"https:\/\/api.w.org\/{rel}","templated":true}]}}