{"id":30761,"date":"2022-04-05T23:02:43","date_gmt":"2022-04-05T23:02:43","guid":{"rendered":"http:\/\/historiografija.hr\/?p=30761"},"modified":"2022-04-05T23:02:43","modified_gmt":"2022-04-05T23:02:43","slug":"internationale-konferenz-30-jahre-nach-beginn-des-krieges-eine-zeitenwende-auch-fur-bosnien-herzegowina","status":"publish","type":"post","link":"https:\/\/historiografija.hr\/?p=30761","title":{"rendered":"Internationale Konferenz &#8220;30 Jahre nach Beginn des Krieges: Eine Zeitenwende auch f\u00fcr Bosnien-Herzegowina?&#8221;"},"content":{"rendered":"\n<p>Am 6. April 2022 j\u00e4hrt sich zum 30. Mal der Ausbruch des Bosnienkrieges. Der grausame Angriffskrieg auf das multiethnische Bosnien und Herzegowina, in dessen Verlauf unz\u00e4hlige Kriegsverbrechen bis hin zum V\u00f6lkermord von Srebrenica begangen wurden, hat tiefe und bleibende Spuren in der Geschichte Europas hinterlassen. 30 Jahre sp\u00e4ter ist die Realit\u00e4t in Bosnien und Herzegowina noch weit von Idealvorstellungen einer zivilen und rechtsstaatlich verfassten Gesellschaft entfernt, die B\u00fcrger*innen, unabh\u00e4ngig von ethnischer, religi\u00f6ser oder sonstiger Zuordnung und Zuschreibung, gleiche B\u00fcrger- und Beteiligungsrechte garantiert. Die Politik Bosnien und Herzegowinas wird heute von denselben Interessen und Ideologien dominiert, die vor drei Jahrzehnten zum Krieg f\u00fchrten: ethnonationalistische Eliten, die ihre eigene Machtsicherung mit einer Politik der Angst und der kollektiven Schuldzuweisung gegen\u00fcber der jeweils \u201eanderen\u201c ethnischen Gruppe vorantreiben.<\/p>\n\n\n\n<p>Bis heute wird die Region immer wieder ignoriert, wenn ohne Erw\u00e4hnung der Balkan-Kriege die Rede davon ist, dass Europa seit dem zweiten Weltkrieg in Frieden gelebt habe. Ebenso notorisch ist das Ausblenden der Gefahren, die ein weiter destabilisiertes Bosnien und Herzegowina bedeuten. So arbeitet vor allem Milorad Dodik, Vorsitzender der gr\u00f6\u00dften bosnisch-serbischen Partei, mit R\u00fcckendeckung durch Serbien und Russland seit Jahren an einer weiteren Aufspaltung des Staates Bosnien und Herzegowina.<\/p>\n\n\n\n<p>Angesichts des aktuellen Angriffskrieges auf die Ukraine stellt sich nun dar\u00fcber hinaus die Frage nach den Auswirkungen f\u00fcr Bosnien und Herzegowina. Die Einsch\u00e4tzungen gehen auseinander: Hat die von der Bundesregierung ausgerufene &#8220;Zeitenwende&#8221; auch das Potenzial, ein positiver Wendepunkt f\u00fcr Bosnien und Herzegowina zu sein? Oder \u00fcberwiegen Prognosen wie die der fr\u00fcheren Hohen Repr\u00e4sentanten Christian Schwarz-Schilling und Valentin Inzko, die vor einer Ausweitung des Krieges auf den Westbalkan warnen?&nbsp;<\/p>\n\n\n\n<p>Vor diesem Hintergrund m\u00f6chte die Heinrich-B\u00f6ll-Stiftung gemeinsam mit der S\u00fcdosteuropa-Gesellschaft am Jahrestag des Kriegsbeginns durch ein \u201eBosnien-Forum\u201c die Aufmerksamkeit auf den m\u00f6glichen Wendepunkt in Bosnien lenken. Dabei sollen vor allem diejenigen Teile der Gesellschaft geh\u00f6rt werden, die an einer \u00dcberwindung ethnonationalistischer Deutungsmuster arbeiten. Wir laden daher bosnische G\u00e4ste aus Zivilgesellschaft und Politik nach Berlin ein, um anhand ihrer Einsch\u00e4tzungen zu diskutieren, wo sie Zukunftschancen, Sicherheitsrisiken und aktuelle Priorit\u00e4ten f\u00fcr die Region sehen. Im Rahmen des Forums haben sie die Gelegenheit, mit Vertreter*innen aus Regierung, Parlament, Medien und Wissenschaft in Deutschland ins Gespr\u00e4ch zu kommen und ihre bosnische Perspektive in den Austausch mit der deutschen und europ\u00e4ischen Bosnien-Politik einzubringen.<\/p>\n\n\n\n<h4 class=\"wp-block-heading\">Anmeldung<\/h4>\n\n\n\n<p>Die Anmeldung zur Veranstaltung erfolgt zur Online-Teilnahme. Bei Interesse k\u00f6nnen ggf. noch begrenzte Pr\u00e4senzpl\u00e4tze angeboten werden. F\u00fcr die Anmeldung (Link oben rechts)&nbsp;werden Sie&nbsp;zur Heinrich-B\u00f6ll-Stiftung weitergeleitet.<\/p>\n\n\n\n<h4 class=\"wp-block-heading\">Information<\/h4>\n\n\n\n<p><strong>Katja Giebel<\/strong><br>Referat Ost- S\u00fcdosteuropa<br>Heinrich-B\u00f6ll-Stiftung Berlin<br>E-Mail: <a href=\"mailto:giebel@boell.de\">giebel@boell.de<\/a>\u00a0<\/p>\n\n\n\n<hr class=\"wp-block-separator\"\/>\n\n\n\n<p>Am 06.04.2022, 14:00 Uhr<\/p>\n\n\n\n<p>Ort: Heinrich-B\u00f6ll-Stiftung, Bundesstiftung Berlin \/ Online<\/p>\n\n\n\n<hr class=\"wp-block-separator\"\/>\n\n\n\n<p><strong>Weiterf\u00fchrende Links<\/strong><\/p>\n\n\n\n<p>Anmeldung<\/p>\n\n\n\n<p>Programm<\/p>\n\n\n\n<p>Background Papers<\/p>\n\n\n\n<p><a href=\"https:\/\/www.sogde.org\/de\/events\/bosnien-forum-2022\/\">https:\/\/www.sogde.org\/de\/events\/bosnien-forum-2022\/<\/a><\/p>\n\n\n\n<hr class=\"wp-block-separator\"\/>\n","protected":false},"excerpt":{"rendered":"","protected":false},"author":2,"featured_media":30762,"comment_status":"open","ping_status":"open","sticky":false,"template":"","format":"standard","meta":{"_acf_changed":false,"jetpack_post_was_ever_published":false,"_jetpack_newsletter_access":"","_jetpack_dont_email_post_to_subs":false,"_jetpack_newsletter_tier_id":0,"_jetpack_memberships_contains_paywalled_content":false,"_jetpack_memberships_contains_paid_content":false,"footnotes":"","jetpack_publicize_message":"","jetpack_publicize_feature_enabled":true,"jetpack_social_post_already_shared":true,"jetpack_social_options":{"image_generator_settings":{"template":"highway","default_image_id":0,"font":"","enabled":false},"version":2}},"categories":[3,9],"tags":[],"class_list":["post-30761","post","type-post","status-publish","format-standard","has-post-thumbnail","hentry","category-novosti","category-skupovi"],"acf":{"facebook_opis":""},"jetpack_publicize_connections":[],"jetpack_featured_media_url":"https:\/\/i0.wp.com\/historiografija.hr\/wp-content\/uploads\/2022\/04\/visegrad_bih_die_brucke_uber_die_drina_by_svstrelkov.jpeg?fit=1100%2C732&ssl=1","jetpack_sharing_enabled":true,"jetpack-related-posts":[],"_links":{"self":[{"href":"https:\/\/historiografija.hr\/index.php?rest_route=\/wp\/v2\/posts\/30761","targetHints":{"allow":["GET"]}}],"collection":[{"href":"https:\/\/historiografija.hr\/index.php?rest_route=\/wp\/v2\/posts"}],"about":[{"href":"https:\/\/historiografija.hr\/index.php?rest_route=\/wp\/v2\/types\/post"}],"author":[{"embeddable":true,"href":"https:\/\/historiografija.hr\/index.php?rest_route=\/wp\/v2\/users\/2"}],"replies":[{"embeddable":true,"href":"https:\/\/historiografija.hr\/index.php?rest_route=%2Fwp%2Fv2%2Fcomments&post=30761"}],"version-history":[{"count":1,"href":"https:\/\/historiografija.hr\/index.php?rest_route=\/wp\/v2\/posts\/30761\/revisions"}],"predecessor-version":[{"id":30763,"href":"https:\/\/historiografija.hr\/index.php?rest_route=\/wp\/v2\/posts\/30761\/revisions\/30763"}],"wp:featuredmedia":[{"embeddable":true,"href":"https:\/\/historiografija.hr\/index.php?rest_route=\/wp\/v2\/media\/30762"}],"wp:attachment":[{"href":"https:\/\/historiografija.hr\/index.php?rest_route=%2Fwp%2Fv2%2Fmedia&parent=30761"}],"wp:term":[{"taxonomy":"category","embeddable":true,"href":"https:\/\/historiografija.hr\/index.php?rest_route=%2Fwp%2Fv2%2Fcategories&post=30761"},{"taxonomy":"post_tag","embeddable":true,"href":"https:\/\/historiografija.hr\/index.php?rest_route=%2Fwp%2Fv2%2Ftags&post=30761"}],"curies":[{"name":"wp","href":"https:\/\/api.w.org\/{rel}","templated":true}]}}